{"id":6139,"date":"2023-05-31T08:20:05","date_gmt":"2023-05-31T08:20:05","guid":{"rendered":"https:\/\/kraios.app\/news\/gundem\/2023\/05\/31\/ruzgar-enerjisinde-teravat-cagi-bu-yil-baslayacak\/"},"modified":"2023-05-31T08:20:05","modified_gmt":"2023-05-31T08:20:05","slug":"ruzgar-enerjisinde-teravat-cagi-bu-yil-baslayacak","status":"publish","type":"post","link":"https:\/\/kraios.app\/news\/gundem\/2023\/05\/31\/ruzgar-enerjisinde-teravat-cagi-bu-yil-baslayacak\/","title":{"rendered":"R\u00fczgar enerjisinde &#8220;teravat \u00e7a\u011f\u0131&#8221; bu y\u0131l ba\u015flayacak"},"content":{"rendered":"<p><\/p>\n<div>\n<p>AA muhabirinin K\u00fcresel R\u00fczgar Enerjisi Konseyi (GWEC) verilerinden derledi\u011fi bilgilere g\u00f6re, 45 y\u0131l \u00f6nce Danimarka&#8217;da deneysel olarak ba\u015flat\u0131lan r\u00fczgar enerjisi sekt\u00f6r\u00fc bug\u00fcn k\u00fcresel \u00f6l\u00e7ekte elektrik \u00fcretiminde \u00f6nemli paya sahip bulunuyor.<\/p>\n<p>Ge\u00e7en y\u0131l k\u00fcresel r\u00fczgar kapasitesinin \u00f6nceki y\u0131la g\u00f6re y\u00fczde 9 artmas\u0131yla kapasite 1 teravata yakla\u015f\u0131rken, kurulu g\u00fc\u00e7 art\u0131\u015f\u0131ndaki ivmenin devam etmesiyle 2023-2027 d\u00f6neminde toplam 680 gigavat\u0131n daha k\u00fcresel enerji sistemine dahil edilece\u011fi \u00f6ng\u00f6r\u00fcl\u00fcyor. T\u00fcm geli\u015fmeler yard\u0131m\u0131yla ge\u00e7en y\u0131l k\u00fcresel r\u00fczgar enerjisi kurulu g\u00fcc\u00fcne ilave edilen 78 gigavatla toplam g\u00fc\u00e7 906 gigavata ula\u015ft\u0131.<\/p>\n<p>\u0130klim de\u011fi\u015fikli\u011fi ile m\u00fccadele ve enerji g\u00fcvenli\u011fini art\u0131rma \u00e7al\u0131\u015fmalar\u0131 kapsam\u0131nda enerji yo\u011fun sekt\u00f6rlerde fosil yak\u0131tlardan ar\u0131nmak isteyen \u00fclkelerin katk\u0131s\u0131yla k\u00fcresel r\u00fczgar enerjisi kurulu kapasitesinin bu y\u0131l 1 teravat seviyesine ula\u015fmas\u0131 bekleniyor.<\/p>\n<p>Piyasa ko\u015fullar\u0131, yat\u0131r\u0131m ortam\u0131, \u00fclkelerin yenilenebilir enerji politikalar\u0131nda att\u0131\u011f\u0131 olumlu ad\u0131mlarla 2 teravatl\u0131k kurulu g\u00fcce 7 y\u0131l sonra ula\u015f\u0131labilece\u011fi \u00f6ng\u00f6r\u00fcl\u00fcrken, her y\u0131l b\u00fcy\u00fcme oran\u0131n\u0131n ise ortalama y\u00fczde 10 olaca\u011f\u0131 tahmin ediliyor.<\/p>\n<p>D\u00fcnya genelinde r\u00fczgar enerjisi kurulum art\u0131\u015f\u0131nda, \u00fclkelerin yerli ve yenilenebilir enerji kaynak kullan\u0131m\u0131n\u0131 art\u0131rmas\u0131, enerji g\u00fcvenli\u011fini etkileyen jeopolitik endi\u015feler, enflasyonla m\u00fccadele ve iklim de\u011fi\u015fikli\u011fi hedefleri etkili oluyor.<\/p>\n<p>Rusya&#8217;n\u0131n Ukrayna&#8217;y\u0131 i\u015fgali sonras\u0131 enerji g\u00fcvenli\u011fini yerli kaynaklardan kar\u015f\u0131lamay\u0131 ama\u00e7layan Avrupa \u00fclkeleri, fosil yak\u0131tlar\u0131n yerini yenilenebilir kaynaklarla de\u011fi\u015ftirmek i\u00e7in ge\u00e7en y\u0131ldan bu yana \u00e7e\u015fitli ad\u0131mlar att\u0131.<\/p>\n<p>Kurulu kapasitede b\u00fcy\u00fck art\u0131\u015flar\u0131n\u0131n ya\u015fand\u0131\u011f\u0131 \u00c7in&#8217;de ise yenilenebilir enerjinin rol\u00fcn\u00fcn art\u0131r\u0131lmas\u0131 hedeflenirken, r\u00fczgar ve g\u00fcne\u015f yat\u0131r\u0131mlar\u0131 \u00c7in&#8217;in bu amaca ula\u015fmada odakland\u0131\u011f\u0131 iki kaynak olarak \u00f6ne \u00e7\u0131k\u0131yor.<\/p>\n<p>ABD&#8217;de ise 10 y\u0131ll\u0131k ABD Enflasyonu D\u00fc\u015f\u00fcrme Yasas\u0131 kapsam\u0131nda yenilenebilir enerji kaynaklar\u0131 yat\u0131r\u0131mlar\u0131n\u0131n art\u0131r\u0131lmas\u0131 hedefleniyor.<\/p>\n<p>Ayr\u0131ca, iklim de\u011fi\u015fikli\u011fi ile m\u00fccadele kapsam\u0131nda enerji altyap\u0131s\u0131 dahil ula\u015ft\u0131rma ve \u00fcretim sekt\u00f6rlerini fosil yak\u0131tlardan ar\u0131nd\u0131rmak isteyen \u00fclkelerin r\u00fczgar enerjisi kapasitesini art\u0131rma hedefleri de kurulumlar\u0131n artaca\u011f\u0131 \u00f6ng\u00f6r\u00fcs\u00fcn\u00fc destekliyor.<\/p>\n<p>                            <span class=\"detay-foto-editor\">&#13;<br \/>\n                                <a href=\"https:\/\/www.aa.com.tr\/tr\/p\/abonelik-talep-formu\/1001\" target=\"_blank\" style=\"font-size:12px; color:#444; text-decoration:none;\" rel=\"noopener\">&#13;<br \/>\n                                    Anadolu Ajans\u0131 web sitesinde, AA Haber Ak\u0131\u015f Sistemi (HAS) \u00fczerinden abonelere sunulan haberler, \u00f6zetlenerek yay\u0131mlanmaktad\u0131r. <b style=\"color:#1897F7\">Abonelik i\u00e7in l\u00fctfen ileti\u015fime ge\u00e7iniz.<\/b>&#13;<br \/>\n                                <\/a>&#13;<br \/>\n                            <\/span>\n                        <\/div>\n<p><script>\n\t  window.fbAsyncInit = function() {\n\t\tFB.init({\n\t\t  appId: '1855843514662870',\n\t\t  status : true, \/\/ check login status\n\t\t  cookie : true, \/\/ enable cookies to allow the server to access the session\n\t\t  xfbml  : true  \/\/ parse XFBML\n\t\t});\n\t  };<\/p>\n<p>\t  (function() {\n\t\tvar e = document.createElement('script');\n\t\te.src=\"https:\/\/connect.facebook.net\/tr_TR\/all.js\";\n\t\te.async = true;\n\t\tdocument.getElementById('fb-root').appendChild(e);\n\t  }());\n    <\/script><\/p>\n","protected":false},"excerpt":{"rendered":"<p>AA muhabirinin K\u00fcresel R\u00fczgar Enerjisi Konseyi (GWEC) verilerinden derledi\u011fi bilgilere g\u00f6re, 45 y\u0131l \u00f6nce Danimarka&#8217;da deneysel olarak ba\u015flat\u0131lan r\u00fczgar enerjisi sekt\u00f6r\u00fc bug\u00fcn k\u00fcresel \u00f6l\u00e7ekte elektrik \u00fcretiminde \u00f6nemli paya sahip bulunuyor. Ge\u00e7en y\u0131l k\u00fcresel r\u00fczgar kapasitesinin \u00f6nceki y\u0131la g\u00f6re y\u00fczde 9 artmas\u0131yla kapasite 1 teravata yakla\u015f\u0131rken, kurulu g\u00fc\u00e7 art\u0131\u015f\u0131ndaki ivmenin devam etmesiyle 2023-2027 d\u00f6neminde toplam 680 [&hellip;]<\/p>\n","protected":false},"author":1,"featured_media":6140,"comment_status":"","ping_status":"","sticky":false,"template":"","format":"standard","meta":[],"categories":[1],"tags":[],"_links":{"self":[{"href":"https:\/\/kraios.app\/news\/wp-json\/wp\/v2\/posts\/6139"}],"collection":[{"href":"https:\/\/kraios.app\/news\/wp-json\/wp\/v2\/posts"}],"about":[{"href":"https:\/\/kraios.app\/news\/wp-json\/wp\/v2\/types\/post"}],"author":[{"embeddable":true,"href":"https:\/\/kraios.app\/news\/wp-json\/wp\/v2\/users\/1"}],"replies":[{"embeddable":true,"href":"https:\/\/kraios.app\/news\/wp-json\/wp\/v2\/comments?post=6139"}],"version-history":[{"count":0,"href":"https:\/\/kraios.app\/news\/wp-json\/wp\/v2\/posts\/6139\/revisions"}],"wp:featuredmedia":[{"embeddable":true,"href":"https:\/\/kraios.app\/news\/wp-json\/wp\/v2\/media\/6140"}],"wp:attachment":[{"href":"https:\/\/kraios.app\/news\/wp-json\/wp\/v2\/media?parent=6139"}],"wp:term":[{"taxonomy":"category","embeddable":true,"href":"https:\/\/kraios.app\/news\/wp-json\/wp\/v2\/categories?post=6139"},{"taxonomy":"post_tag","embeddable":true,"href":"https:\/\/kraios.app\/news\/wp-json\/wp\/v2\/tags?post=6139"}],"curies":[{"name":"wp","href":"https:\/\/api.w.org\/{rel}","templated":true}]}}