{"id":6068,"date":"2023-05-30T03:30:28","date_gmt":"2023-05-30T03:30:28","guid":{"rendered":"https:\/\/kraios.app\/news\/gundem\/2023\/05\/30\/cin-abdnin-iki-ulke-savunma-bakanlarinin-gorusmesine-yonelik-talebini-reddetti\/"},"modified":"2023-05-30T03:30:28","modified_gmt":"2023-05-30T03:30:28","slug":"cin-abdnin-iki-ulke-savunma-bakanlarinin-gorusmesine-yonelik-talebini-reddetti","status":"publish","type":"post","link":"https:\/\/kraios.app\/news\/gundem\/2023\/05\/30\/cin-abdnin-iki-ulke-savunma-bakanlarinin-gorusmesine-yonelik-talebini-reddetti\/","title":{"rendered":"\u00c7in, ABD&#8217;nin iki \u00fclke savunma bakanlar\u0131n\u0131n g\u00f6r\u00fc\u015fmesine y\u00f6nelik talebini reddetti"},"content":{"rendered":"<p><\/p>\n<div>\n<p>Pentagon S\u00f6zc\u00fcs\u00fc Tu\u011fgeneral Patrick Ryder, AA&#8217;ya yapt\u0131\u011f\u0131 a\u00e7\u0131klamada, &#8220;\u00c7HC, ABD&#8217;ye, Savunma Bakan\u0131 Lloyd Austin&#8217;in bu hafta Singapur&#8217;da \u00c7HC Ulusal Savunma Bakan\u0131 Li Shangfu ile g\u00f6r\u00fc\u015fmesi i\u00e7in may\u0131s ay\u0131 ba\u015flar\u0131nda yapt\u0131\u011f\u0131m\u0131z daveti reddettiklerini bildirdi.&#8221; ifadesini kulland\u0131.<\/p>\n<p>Ryder, a\u00e7\u0131klaman\u0131n devam\u0131na ABD Savunma Bakanl\u0131\u011f\u0131&#8217;n\u0131n, &#8220;rekabetin \u00e7at\u0131\u015fmaya d\u00f6n\u00fc\u015fmemesini sa\u011flamak i\u00e7in&#8221; Washington ile Pekin aras\u0131nda ordular aras\u0131 ileti\u015fim hatlar\u0131n\u0131 koruman\u0131n \u00f6nemine &#8220;kuvvetle&#8221; inand\u0131\u011f\u0131na de\u011findi.<\/p>\n<p>Pentagon S\u00f6zc\u00fcs\u00fc, \u00c7HC&#8217;nin ordular aras\u0131 anlaml\u0131 tart\u0131\u015fmalara girme konusundaki isteksizli\u011finin, ABD Savunma Bakanl\u0131\u011f\u0131&#8217;n\u0131n ili\u015fkileri sorumlu bir \u015fekilde y\u00f6netmenin bir par\u00e7as\u0131 olarak, \u00c7in Halk Kurtulu\u015f Ordusu (PLA) ile bir \u00e7ok d\u00fczeyde a\u00e7\u0131k ileti\u015fim hatlar\u0131 arama taahh\u00fcd\u00fcn\u00fc azaltmayaca\u011f\u0131n\u0131 belirtti.<\/p>\n<p>Ryder, General Li&#8217;nin, ABD&#8217;nin Has\u0131mlar\u0131yla Yapt\u0131r\u0131mlar Yoluyla M\u00fccadele Yasas\u0131 (CAATSA) kapsam\u0131nda yapt\u0131r\u0131ma tabi tutulmas\u0131n\u0131n, Bakan Austin&#8217;le g\u00f6r\u00fc\u015fmesine engel te\u015fkil etmeyece\u011fini ifade etti.<\/p>\n<p>\u00d6te yandan, ABD&#8217;li bir \u00fcst d\u00fczey savunma yetkilisi AA&#8217;ya yapt\u0131\u011f\u0131 a\u00e7\u0131klamada, \u00c7HC&#8217;nin, ABD Savunma Bakan\u0131, Genelkurmay Ba\u015fkan\u0131 veya Bakanl\u0131\u011f\u0131n di\u011fer yetkililerinden gelen ileti\u015fim davetlerini reddetmesinin ilk olmad\u0131\u011f\u0131n\u0131 s\u00f6yledi.<\/p>\n<p>Yetkili, &#8220;A\u00e7\u0131k\u00e7as\u0131, bu, bir dizi bahanenin sonuncusu. \u00c7HC 2021&#8217;den beri, (ABD) Savunma Bakanl\u0131\u011f\u0131ndan \u00f6nemli lider angajmanlar\u0131, \u00e7ok say\u0131da daimi diyalog talebi ve yakla\u015f\u0131k 10 \u00e7al\u0131\u015fma d\u00fczeyinde angajman i\u00e7in bir d\u00fczineden fazla talebi reddetti veya yan\u0131tlamad\u0131.&#8221; ifadelerine yer verdi.<\/p>\n<p>                            <span class=\"detay-foto-editor\">&#13;<br \/>\n                                <a href=\"https:\/\/www.aa.com.tr\/tr\/p\/abonelik-talep-formu\/1001\" target=\"_blank\" style=\"font-size:12px; color:#444; text-decoration:none;\" rel=\"noopener\">&#13;<br \/>\n                                    Anadolu Ajans\u0131 web sitesinde, AA Haber Ak\u0131\u015f Sistemi (HAS) \u00fczerinden abonelere sunulan haberler, \u00f6zetlenerek yay\u0131mlanmaktad\u0131r. <b style=\"color:#1897F7\">Abonelik i\u00e7in l\u00fctfen ileti\u015fime ge\u00e7iniz.<\/b>&#13;<br \/>\n                                <\/a>&#13;<br \/>\n                            <\/span>\n                        <\/div>\n<p><script>\n\t  window.fbAsyncInit = function() {\n\t\tFB.init({\n\t\t  appId: '1855843514662870',\n\t\t  status : true, \/\/ check login status\n\t\t  cookie : true, \/\/ enable cookies to allow the server to access the session\n\t\t  xfbml  : true  \/\/ parse XFBML\n\t\t});\n\t  };<\/p>\n<p>\t  (function() {\n\t\tvar e = document.createElement('script');\n\t\te.src=\"https:\/\/connect.facebook.net\/tr_TR\/all.js\";\n\t\te.async = true;\n\t\tdocument.getElementById('fb-root').appendChild(e);\n\t  }());\n    <\/script><\/p>\n","protected":false},"excerpt":{"rendered":"<p>Pentagon S\u00f6zc\u00fcs\u00fc Tu\u011fgeneral Patrick Ryder, AA&#8217;ya yapt\u0131\u011f\u0131 a\u00e7\u0131klamada, &#8220;\u00c7HC, ABD&#8217;ye, Savunma Bakan\u0131 Lloyd Austin&#8217;in bu hafta Singapur&#8217;da \u00c7HC Ulusal Savunma Bakan\u0131 Li Shangfu ile g\u00f6r\u00fc\u015fmesi i\u00e7in may\u0131s ay\u0131 ba\u015flar\u0131nda yapt\u0131\u011f\u0131m\u0131z daveti reddettiklerini bildirdi.&#8221; ifadesini kulland\u0131. Ryder, a\u00e7\u0131klaman\u0131n devam\u0131na ABD Savunma Bakanl\u0131\u011f\u0131&#8217;n\u0131n, &#8220;rekabetin \u00e7at\u0131\u015fmaya d\u00f6n\u00fc\u015fmemesini sa\u011flamak i\u00e7in&#8221; Washington ile Pekin aras\u0131nda ordular aras\u0131 ileti\u015fim hatlar\u0131n\u0131 koruman\u0131n [&hellip;]<\/p>\n","protected":false},"author":1,"featured_media":6069,"comment_status":"","ping_status":"","sticky":false,"template":"","format":"standard","meta":[],"categories":[1],"tags":[],"_links":{"self":[{"href":"https:\/\/kraios.app\/news\/wp-json\/wp\/v2\/posts\/6068"}],"collection":[{"href":"https:\/\/kraios.app\/news\/wp-json\/wp\/v2\/posts"}],"about":[{"href":"https:\/\/kraios.app\/news\/wp-json\/wp\/v2\/types\/post"}],"author":[{"embeddable":true,"href":"https:\/\/kraios.app\/news\/wp-json\/wp\/v2\/users\/1"}],"replies":[{"embeddable":true,"href":"https:\/\/kraios.app\/news\/wp-json\/wp\/v2\/comments?post=6068"}],"version-history":[{"count":0,"href":"https:\/\/kraios.app\/news\/wp-json\/wp\/v2\/posts\/6068\/revisions"}],"wp:featuredmedia":[{"embeddable":true,"href":"https:\/\/kraios.app\/news\/wp-json\/wp\/v2\/media\/6069"}],"wp:attachment":[{"href":"https:\/\/kraios.app\/news\/wp-json\/wp\/v2\/media?parent=6068"}],"wp:term":[{"taxonomy":"category","embeddable":true,"href":"https:\/\/kraios.app\/news\/wp-json\/wp\/v2\/categories?post=6068"},{"taxonomy":"post_tag","embeddable":true,"href":"https:\/\/kraios.app\/news\/wp-json\/wp\/v2\/tags?post=6068"}],"curies":[{"name":"wp","href":"https:\/\/api.w.org\/{rel}","templated":true}]}}