{"id":6047,"date":"2023-05-29T17:20:10","date_gmt":"2023-05-29T17:20:10","guid":{"rendered":"https:\/\/kraios.app\/news\/gundem\/2023\/05\/29\/tag-otoyolundaki-zincirleme-trafik-kazasinda-2-kisi-oldu-20-kisi-yaralandi\/"},"modified":"2023-05-29T17:20:10","modified_gmt":"2023-05-29T17:20:10","slug":"tag-otoyolundaki-zincirleme-trafik-kazasinda-2-kisi-oldu-20-kisi-yaralandi","status":"publish","type":"post","link":"https:\/\/kraios.app\/news\/gundem\/2023\/05\/29\/tag-otoyolundaki-zincirleme-trafik-kazasinda-2-kisi-oldu-20-kisi-yaralandi\/","title":{"rendered":"TAG Otoyolu&#039;ndaki zincirleme trafik kazas\u0131nda 2 ki\u015fi \u00f6ld\u00fc, 20 ki\u015fi yaraland\u0131"},"content":{"rendered":"<p>Tarsus-Adana-Gaziantep (TAG) Otoyolu&#8217;nda meydana gelen zincirleme trafik kazas\u0131nda 2 ki\u015fi \u00f6ld\u00fc, 20 ki\u015fi yaraland\u0131.<\/p>\n","protected":false},"excerpt":{"rendered":"<p>Tarsus-Adana-Gaziantep (TAG) Otoyolu&#8217;nda meydana gelen zincirleme trafik kazas\u0131nda 2 ki\u015fi \u00f6ld\u00fc, 20 ki\u015fi yaraland\u0131.<\/p>\n","protected":false},"author":1,"featured_media":6048,"comment_status":"","ping_status":"","sticky":false,"template":"","format":"standard","meta":[],"categories":[1],"tags":[],"_links":{"self":[{"href":"https:\/\/kraios.app\/news\/wp-json\/wp\/v2\/posts\/6047"}],"collection":[{"href":"https:\/\/kraios.app\/news\/wp-json\/wp\/v2\/posts"}],"about":[{"href":"https:\/\/kraios.app\/news\/wp-json\/wp\/v2\/types\/post"}],"author":[{"embeddable":true,"href":"https:\/\/kraios.app\/news\/wp-json\/wp\/v2\/users\/1"}],"replies":[{"embeddable":true,"href":"https:\/\/kraios.app\/news\/wp-json\/wp\/v2\/comments?post=6047"}],"version-history":[{"count":0,"href":"https:\/\/kraios.app\/news\/wp-json\/wp\/v2\/posts\/6047\/revisions"}],"wp:featuredmedia":[{"embeddable":true,"href":"https:\/\/kraios.app\/news\/wp-json\/wp\/v2\/media\/6048"}],"wp:attachment":[{"href":"https:\/\/kraios.app\/news\/wp-json\/wp\/v2\/media?parent=6047"}],"wp:term":[{"taxonomy":"category","embeddable":true,"href":"https:\/\/kraios.app\/news\/wp-json\/wp\/v2\/categories?post=6047"},{"taxonomy":"post_tag","embeddable":true,"href":"https:\/\/kraios.app\/news\/wp-json\/wp\/v2\/tags?post=6047"}],"curies":[{"name":"wp","href":"https:\/\/api.w.org\/{rel}","templated":true}]}}