{"id":5959,"date":"2023-05-28T06:20:05","date_gmt":"2023-05-28T06:20:05","guid":{"rendered":"https:\/\/kraios.app\/news\/gundem\/2023\/05\/28\/turkiye-ve-dunya-gundemi-6\/"},"modified":"2023-05-28T06:20:05","modified_gmt":"2023-05-28T06:20:05","slug":"turkiye-ve-dunya-gundemi-6","status":"publish","type":"post","link":"https:\/\/kraios.app\/news\/gundem\/2023\/05\/28\/turkiye-ve-dunya-gundemi-6\/","title":{"rendered":"T\u00fcrkiye ve d\u00fcnya g\u00fcndemi"},"content":{"rendered":"<p><\/p>\n<div>\n<p>1- T\u00fcrkiye sand\u0131k ba\u015f\u0131nda<\/p>\n<p>&#8211; Cumhurba\u015fkan\u0131 Se\u00e7imi ikinci tur oylamas\u0131 i\u00e7in yurt i\u00e7inde 60 milyondan fazla se\u00e7men, 191 bini a\u015fk\u0131n sand\u0131kta oy kullan\u0131yor. (Foto\u011frafl\u0131-G\u00f6r\u00fcnt\u00fcl\u00fc)<\/p>\n<p>&#8211; Cumhurba\u015fkanl\u0131\u011f\u0131 i\u00e7in 2 aday yar\u0131\u015f\u0131yor.<\/p>\n<p>&#8211; Yurt genelinde oy verme i\u015flemi saat 17.00&#8217;de sona erecek.<\/p>\n<p>&#8211; G\u00fcmr\u00fck kap\u0131lar\u0131nda 20 May\u0131s&#8217;ta ba\u015flayan oy verme i\u015flemi de saat 17.00&#8217;de tamamlanacak.<\/p>\n<p>2- TBMM Ba\u015fkan\u0131 Mustafa \u015eentop, oyunu \u00dcsk\u00fcdar \u015ead\u0131man-Polat \u00c7ebi \u0130lkokulu&#8217;nda kullanacak.<\/p>\n<p>(\u0130stanbul\/11.00) (Foto\u011frafl\u0131-G\u00f6r\u00fcnt\u00fcl\u00fc)<\/p>\n<p>3- Millet \u0130ttifak\u0131 cumhurba\u015fkan\u0131 aday\u0131 ve CHP Genel Ba\u015fkan\u0131 Kemal K\u0131l\u0131\u00e7daro\u011flu, Arjantin \u0130lkokulu&#8217;nda oy verecek.<\/p>\n<p>(Ankara\/12.00) (Foto\u011frafl\u0131-G\u00f6r\u00fcnt\u00fcl\u00fc)<\/p>\n<p>YASAMA Y\u00dcR\u00dcTME S\u0130YASET<\/p>\n<p>1- \u00c7evre, \u015eehircilik ve \u0130klim De\u011fi\u015fikli\u011fi Bakan\u0131 Murat Kurum, TEB Ata\u015fehir Ortaokulu&#8217;nda oy verecek.<\/p>\n<p>(\u0130stanbul\/09.00) (Foto\u011frafl\u0131-G\u00f6r\u00fcnt\u00fcl\u00fc)<\/p>\n<p>2- D\u0131\u015fi\u015fleri Bakan\u0131 Mevl\u00fct \u00c7avu\u015fo\u011flu, Alanya T\u00fcrkler Ay\u015fen-Cengiz Urfal\u0131o\u011flu \u0130lkokulu&#8217;nda oy kullanacak.<\/p>\n<p>(Antalya\/09.30) (Foto\u011frafl\u0131-G\u00f6r\u00fcnt\u00fcl\u00fc)<\/p>\n<p>3- Gen\u00e7lik ve Spor Bakan\u0131 Mehmet Muharrem Kasapo\u011flu, oyunu \u0130zmir Atat\u00fcrk Lisesi&#8217;nde kullanacak.<\/p>\n<p>(\u0130zmir\/10.30) (Foto\u011frafl\u0131-G\u00f6r\u00fcnt\u00fcl\u00fc)<\/p>\n<p>4- Sa\u011fl\u0131k Bakan\u0131 Fahrettin Koca, \u00dcsk\u00fcdar Saffet \u00c7ebi Ortaokulu&#8217;nda oy verecek.<\/p>\n<p>(\u0130stanbul\/11.00) (Foto\u011frafl\u0131-G\u00f6r\u00fcnt\u00fcl\u00fc)<\/p>\n<p>5- Ula\u015ft\u0131rma ve Altyap\u0131 Bakan\u0131 Adil Karaismailo\u011flu, Be\u015firli \u0130MKB Ortaokulu&#8217;nda oy kullanacak.<\/p>\n<p>(Trabzon\/13.00) (Foto\u011frafl\u0131-G\u00f6r\u00fcnt\u00fcl\u00fc)<\/p>\n<p>6- AK Parti Genel Ba\u015fkanvekili Binali Y\u0131ld\u0131r\u0131m, Tuzla&#8217;da Emlak Konut Cemil Meri\u00e7 \u0130lkokul ve Ortaokulu&#8217;nda oy verecek.<\/p>\n<p>(\u0130stanbul\/12.00) (Foto\u011frafl\u0131-G\u00f6r\u00fcnt\u00fcl\u00fc)<\/p>\n<p>7- AK Parti Genel Ba\u015fkanvekili Numan Kurtulmu\u015f, oyunu Fatih&#8217;te 29 May\u0131s \u0130lkokulu&#8217;nda kullanacak.<\/p>\n<p>(\u0130stanbul\/12.00) (Foto\u011frafl\u0131-G\u00f6r\u00fcnt\u00fcl\u00fc)<\/p>\n<p>8- \u0130Y\u0130 Parti Genel Ba\u015fkan\u0131 Meral Ak\u015fener, \u00dcsk\u00fcdar Beylerbeyi&#8217;ndeki Hac\u0131 Sabanc\u0131 Anadolu Lisesi&#8217;nde oy kullanacak.<\/p>\n<p>(\u0130stanbul\/10.00) (Foto\u011frafl\u0131-G\u00f6r\u00fcnt\u00fcl\u00fc)<\/p>\n<p>SPOR<\/p>\n<p>1- Teniste sezonun 2. grand slam turnuvas\u0131 Fransa A\u00e7\u0131k (Roland Garros) 1. tur ma\u00e7lar\u0131yla ba\u015flayacak.<\/p>\n<p>(Paris)<\/p>\n<p>2- Formula 1&#8217;de sezonun 7. yar\u0131\u015f\u0131 Monako Grand Prix&#8217;si ger\u00e7ekle\u015ftirilecek.<\/p>\n<p>(Monaco\/16.00) (Foto\u011frafl\u0131)<\/p>\n<p>                            <span class=\"detay-foto-editor\">&#13;<br \/>\n                                <a href=\"https:\/\/www.aa.com.tr\/tr\/p\/abonelik-talep-formu\/1001\" target=\"_blank\" style=\"font-size:12px; color:#444; text-decoration:none;\" rel=\"noopener\">&#13;<br \/>\n                                    Anadolu Ajans\u0131 web sitesinde, AA Haber Ak\u0131\u015f Sistemi (HAS) \u00fczerinden abonelere sunulan haberler, \u00f6zetlenerek yay\u0131mlanmaktad\u0131r. <b style=\"color:#1897F7\">Abonelik i\u00e7in l\u00fctfen ileti\u015fime ge\u00e7iniz.<\/b>&#13;<br \/>\n                                <\/a>&#13;<br \/>\n                            <\/span>\n                        <\/div>\n<p><script>\n\t  window.fbAsyncInit = function() {\n\t\tFB.init({\n\t\t  appId: '1855843514662870',\n\t\t  status : true, \/\/ check login status\n\t\t  cookie : true, \/\/ enable cookies to allow the server to access the session\n\t\t  xfbml  : true  \/\/ parse XFBML\n\t\t});\n\t  };<\/p>\n<p>\t  (function() {\n\t\tvar e = document.createElement('script');\n\t\te.src=\"https:\/\/connect.facebook.net\/tr_TR\/all.js\";\n\t\te.async = true;\n\t\tdocument.getElementById('fb-root').appendChild(e);\n\t  }());\n    <\/script><\/p>\n","protected":false},"excerpt":{"rendered":"<p>1- T\u00fcrkiye sand\u0131k ba\u015f\u0131nda &#8211; Cumhurba\u015fkan\u0131 Se\u00e7imi ikinci tur oylamas\u0131 i\u00e7in yurt i\u00e7inde 60 milyondan fazla se\u00e7men, 191 bini a\u015fk\u0131n sand\u0131kta oy kullan\u0131yor. (Foto\u011frafl\u0131-G\u00f6r\u00fcnt\u00fcl\u00fc) &#8211; Cumhurba\u015fkanl\u0131\u011f\u0131 i\u00e7in 2 aday yar\u0131\u015f\u0131yor. &#8211; Yurt genelinde oy verme i\u015flemi saat 17.00&#8217;de sona erecek. &#8211; G\u00fcmr\u00fck kap\u0131lar\u0131nda 20 May\u0131s&#8217;ta ba\u015flayan oy verme i\u015flemi de saat 17.00&#8217;de tamamlanacak. 2- TBMM [&hellip;]<\/p>\n","protected":false},"author":1,"featured_media":5960,"comment_status":"","ping_status":"","sticky":false,"template":"","format":"standard","meta":[],"categories":[1],"tags":[],"_links":{"self":[{"href":"https:\/\/kraios.app\/news\/wp-json\/wp\/v2\/posts\/5959"}],"collection":[{"href":"https:\/\/kraios.app\/news\/wp-json\/wp\/v2\/posts"}],"about":[{"href":"https:\/\/kraios.app\/news\/wp-json\/wp\/v2\/types\/post"}],"author":[{"embeddable":true,"href":"https:\/\/kraios.app\/news\/wp-json\/wp\/v2\/users\/1"}],"replies":[{"embeddable":true,"href":"https:\/\/kraios.app\/news\/wp-json\/wp\/v2\/comments?post=5959"}],"version-history":[{"count":0,"href":"https:\/\/kraios.app\/news\/wp-json\/wp\/v2\/posts\/5959\/revisions"}],"wp:featuredmedia":[{"embeddable":true,"href":"https:\/\/kraios.app\/news\/wp-json\/wp\/v2\/media\/5960"}],"wp:attachment":[{"href":"https:\/\/kraios.app\/news\/wp-json\/wp\/v2\/media?parent=5959"}],"wp:term":[{"taxonomy":"category","embeddable":true,"href":"https:\/\/kraios.app\/news\/wp-json\/wp\/v2\/categories?post=5959"},{"taxonomy":"post_tag","embeddable":true,"href":"https:\/\/kraios.app\/news\/wp-json\/wp\/v2\/tags?post=5959"}],"curies":[{"name":"wp","href":"https:\/\/api.w.org\/{rel}","templated":true}]}}