{"id":5924,"date":"2023-05-27T14:20:05","date_gmt":"2023-05-27T14:20:05","guid":{"rendered":"https:\/\/kraios.app\/news\/gundem\/2023\/05\/27\/100-ogrencisi-olan-her-okula-bir-rehber-ogretmen-atanacak\/"},"modified":"2023-05-27T14:20:05","modified_gmt":"2023-05-27T14:20:05","slug":"100-ogrencisi-olan-her-okula-bir-rehber-ogretmen-atanacak","status":"publish","type":"post","link":"https:\/\/kraios.app\/news\/gundem\/2023\/05\/27\/100-ogrencisi-olan-her-okula-bir-rehber-ogretmen-atanacak\/","title":{"rendered":"100 \u00f6\u011frencisi olan her okula bir rehber \u00f6\u011fretmen atanacak"},"content":{"rendered":"<p><\/p>\n<div>\n<p>\u00d6zer, \u00dcnye Belediyesi&#8217;ni ziyareti s\u0131ras\u0131nda, rehber \u00f6\u011fretmenlerin, \u00f6\u011frencilerin psikolojik sa\u011flaml\u0131klar\u0131n\u0131 desteklemek, herhangi bir sorunla kar\u015f\u0131la\u015ft\u0131klar\u0131 zaman onlara yol g\u00f6stermek i\u00e7in canla ba\u015fla \u00e7al\u0131\u015ft\u0131klar\u0131n\u0131 belirtti.<\/p>\n<p>Bakanl\u0131k olarak, rehber \u00f6\u011fretmenlerin say\u0131s\u0131n\u0131 t\u00fcm okullarda yayg\u0131nla\u015ft\u0131racak \u015fekilde \u00e7al\u0131\u015fmalara devam ettiklerini vurgulayan \u00d6zer, &#8220;Bildi\u011finiz gibi 8 May\u0131s&#8217;ta yapm\u0131\u015f oldu\u011fumuz 45 bin \u00f6\u011fretmen atamas\u0131, son 20 y\u0131l\u0131n tek seferdeki en b\u00fcy\u00fck \u00f6\u011fretmen atamas\u0131yd\u0131. Bu \u00f6\u011fretmen atamas\u0131nda norm kadro olan t\u00fcm okullarda rehber \u00f6\u011fretmen istihdam\u0131n\u0131 sa\u011flad\u0131k.&#8221; dedi.<\/p>\n<p>\u00d6zer, normla ilgili bir d\u00fczenlemeye ihtiya\u00e7 oldu\u011funu g\u00f6rd\u00fcklerini anlatarak, \u015fu de\u011ferlendirmede bulundu:<\/p>\n<p>&#8220;\u00c7\u00fcnk\u00fc okul \u00f6ncesi, ilkokul ve liselerde ve di\u011fer meslek okullar\u0131nda 150 ve \u00fczerinde \u00f6\u011frenci oldu\u011fu zaman, bir rehber \u00f6\u011fretmen normuna ihtiya\u00e7 vard\u0131. Di\u011fer taraftan, ilkokullarda 300 ve \u00fczerindeyse rehber \u00f6\u011fretmen normu kullan\u0131yorduk. Dolay\u0131s\u0131yla yeni d\u00f6nemde art\u0131k t\u00fcm okullar\u0131m\u0131zda rehber \u00f6\u011fretmenlerin say\u0131s\u0131n\u0131 yayg\u0131nla\u015ft\u0131rmak ve onlar\u0131n verimli bir \u015fekilde s\u00fcre\u00e7lere m\u00fcdahale etmesini sa\u011flamak i\u00e7in cuma g\u00fcn\u00fc itibariyle rehber \u00f6\u011fretmenlerin norm y\u00f6netmeli\u011finde yeni bir de\u011fi\u015fiklik haz\u0131rlad\u0131k ve Cumhurba\u015fkanl\u0131\u011f\u0131m\u0131za da g\u00f6nderdik cuma g\u00fcn\u00fc itibar\u0131yla.&#8221;<\/p>\n<p>Yeni d\u00fczenlemeye g\u00f6re, art\u0131k 150-300 \u015feklinde de\u011fil, okul \u00f6ncesinden liseye kadar t\u00fcm e\u011fitim kurumlar\u0131na rehber \u00f6\u011fretmen atanaca\u011f\u0131na dikkati \u00e7eken \u00d6zer, &#8220;100 \u00f6\u011frencisi olan her okula bir rehber \u00f6\u011fretmen atamas\u0131 sa\u011flayacak \u015fekilde norm d\u00fczenlemesini ger\u00e7ekle\u015ftirdik. Bu d\u00fczenleme Resmi Gazete&#8217;de yay\u0131nland\u0131ktan sonra da art\u0131k yeni \u00f6\u011fretmen atamalar\u0131nda rehber \u00f6\u011fretmenlerimizi t\u00fcm okullar\u0131m\u0131zda, 100 ve fazla \u00f6\u011frencisi olan t\u00fcm okullar\u0131m\u0131zda istihdamla ilgili de \u00f6nemli bir kap\u0131y\u0131 a\u00e7m\u0131\u015f olduk.&#8221; diye konu\u015ftu.<\/p>\n<p>\u00d6zer, buradaki kritik noktalardan birinin de deprem b\u00f6lgesindeki okullardaki rehber \u00f6\u011fretmenlerin, gelecek d\u00f6nemde \u00e7ok daha fazla katk\u0131 sa\u011flayabilme ihtimali oldu\u011funun alt\u0131n\u0131 \u00e7izerek, &#8220;Dolay\u0131s\u0131yla h\u0131zl\u0131 bir \u015fekilde \u00f6\u011fretmenlerimizi g\u00f6revlendirerek, yeni atamalar yaparak sadece T\u00fcrkiye&#8217;nin fakl\u0131 illerindeki de\u011fil, ayn\u0131 zamanda deprem b\u00f6lgesindeki \u00f6\u011frencilerimizin psikolojik sa\u011flaml\u0131\u011f\u0131yla ilgili de \u00f6nemli bir a\u00e7\u0131l\u0131m\u0131 sa\u011flam\u0131\u015f olaca\u011f\u0131z. Yeni d\u00fczenlemenin t\u00fcm atama bekleyen rehber \u00f6\u011fretmenlerimize hay\u0131rl\u0131, u\u011furlu olmas\u0131n\u0131 diliyorum.&#8221; ifadelerini kulland\u0131.<\/p>\n<p>                            <span class=\"detay-foto-editor\">&#13;<br \/>\n                                <a href=\"https:\/\/www.aa.com.tr\/tr\/p\/abonelik-talep-formu\/1001\" target=\"_blank\" style=\"font-size:12px; color:#444; text-decoration:none;\" rel=\"noopener\">&#13;<br \/>\n                                    Anadolu Ajans\u0131 web sitesinde, AA Haber Ak\u0131\u015f Sistemi (HAS) \u00fczerinden abonelere sunulan haberler, \u00f6zetlenerek yay\u0131mlanmaktad\u0131r. <b style=\"color:#1897F7\">Abonelik i\u00e7in l\u00fctfen ileti\u015fime ge\u00e7iniz.<\/b>&#13;<br \/>\n                                <\/a>&#13;<br \/>\n                            <\/span>\n                        <\/div>\n<p><script>\n\t  window.fbAsyncInit = function() {\n\t\tFB.init({\n\t\t  appId: '1855843514662870',\n\t\t  status : true, \/\/ check login status\n\t\t  cookie : true, \/\/ enable cookies to allow the server to access the session\n\t\t  xfbml  : true  \/\/ parse XFBML\n\t\t});\n\t  };<\/p>\n<p>\t  (function() {\n\t\tvar e = document.createElement('script');\n\t\te.src=\"https:\/\/connect.facebook.net\/tr_TR\/all.js\";\n\t\te.async = true;\n\t\tdocument.getElementById('fb-root').appendChild(e);\n\t  }());\n    <\/script><\/p>\n","protected":false},"excerpt":{"rendered":"<p>\u00d6zer, \u00dcnye Belediyesi&#8217;ni ziyareti s\u0131ras\u0131nda, rehber \u00f6\u011fretmenlerin, \u00f6\u011frencilerin psikolojik sa\u011flaml\u0131klar\u0131n\u0131 desteklemek, herhangi bir sorunla kar\u015f\u0131la\u015ft\u0131klar\u0131 zaman onlara yol g\u00f6stermek i\u00e7in canla ba\u015fla \u00e7al\u0131\u015ft\u0131klar\u0131n\u0131 belirtti. Bakanl\u0131k olarak, rehber \u00f6\u011fretmenlerin say\u0131s\u0131n\u0131 t\u00fcm okullarda yayg\u0131nla\u015ft\u0131racak \u015fekilde \u00e7al\u0131\u015fmalara devam ettiklerini vurgulayan \u00d6zer, &#8220;Bildi\u011finiz gibi 8 May\u0131s&#8217;ta yapm\u0131\u015f oldu\u011fumuz 45 bin \u00f6\u011fretmen atamas\u0131, son 20 y\u0131l\u0131n tek seferdeki en b\u00fcy\u00fck [&hellip;]<\/p>\n","protected":false},"author":1,"featured_media":5925,"comment_status":"","ping_status":"","sticky":false,"template":"","format":"standard","meta":[],"categories":[1],"tags":[],"_links":{"self":[{"href":"https:\/\/kraios.app\/news\/wp-json\/wp\/v2\/posts\/5924"}],"collection":[{"href":"https:\/\/kraios.app\/news\/wp-json\/wp\/v2\/posts"}],"about":[{"href":"https:\/\/kraios.app\/news\/wp-json\/wp\/v2\/types\/post"}],"author":[{"embeddable":true,"href":"https:\/\/kraios.app\/news\/wp-json\/wp\/v2\/users\/1"}],"replies":[{"embeddable":true,"href":"https:\/\/kraios.app\/news\/wp-json\/wp\/v2\/comments?post=5924"}],"version-history":[{"count":0,"href":"https:\/\/kraios.app\/news\/wp-json\/wp\/v2\/posts\/5924\/revisions"}],"wp:featuredmedia":[{"embeddable":true,"href":"https:\/\/kraios.app\/news\/wp-json\/wp\/v2\/media\/5925"}],"wp:attachment":[{"href":"https:\/\/kraios.app\/news\/wp-json\/wp\/v2\/media?parent=5924"}],"wp:term":[{"taxonomy":"category","embeddable":true,"href":"https:\/\/kraios.app\/news\/wp-json\/wp\/v2\/categories?post=5924"},{"taxonomy":"post_tag","embeddable":true,"href":"https:\/\/kraios.app\/news\/wp-json\/wp\/v2\/tags?post=5924"}],"curies":[{"name":"wp","href":"https:\/\/api.w.org\/{rel}","templated":true}]}}