{"id":5888,"date":"2023-05-26T21:20:05","date_gmt":"2023-05-26T21:20:05","guid":{"rendered":"https:\/\/kraios.app\/news\/gundem\/2023\/05\/26\/sudan-savunma-bakanligi-emekli-askeri-personeli-silahlanmaya-cagirdi\/"},"modified":"2023-05-26T21:20:05","modified_gmt":"2023-05-26T21:20:05","slug":"sudan-savunma-bakanligi-emekli-askeri-personeli-silahlanmaya-cagirdi","status":"publish","type":"post","link":"https:\/\/kraios.app\/news\/gundem\/2023\/05\/26\/sudan-savunma-bakanligi-emekli-askeri-personeli-silahlanmaya-cagirdi\/","title":{"rendered":"Sudan Savunma Bakanl\u0131\u011f\u0131, emekli askeri personeli silahlanmaya \u00e7a\u011f\u0131rd\u0131"},"content":{"rendered":"<p><\/p>\n<div>\n<p>Sudan Savunma Bakan\u0131 Yasin \u0130brahim, devlet televizyonunda yay\u0131nlanan a\u00e7\u0131klamas\u0131nda, &#8220;\u0130syanc\u0131 g\u00fc\u00e7ler (HDK), insani ate\u015fkesi ihlal etmeye ve baz\u0131 kurumlara sald\u0131rmaya devam ediyor.&#8221; dedi.<\/p>\n<p>HDK&#8217;yi devlete yak\u0131n baz\u0131 sembol \u015fah\u0131slar\u0131 a\u015fa\u011f\u0131lamak ve emekli ordu mensuplar\u0131n\u0131 al\u0131koymakla su\u00e7layan \u0130brahim, &#8220;Ordudan emekli olan t\u00fcm subaylar, astsubaylar ve erlere ve eli silah tutan herkese kendilerini, ailelerini, kom\u015fular\u0131n\u0131 ve namuslar\u0131n\u0131 korumak i\u00e7in silahlanmak \u00fczere en yak\u0131n askeri merkeze y\u00f6nelmeleri \u00e7a\u011fr\u0131s\u0131 yap\u0131yoruz.&#8221; ifadelerini kulland\u0131.<\/p>\n<p>Sudan Kom\u00fcnist Partisi de HDK\u2019nin ba\u015fkentin Hartum 2 semtindeki parti genel merkezine d\u00fcn bask\u0131n d\u00fczenledi\u011fini belirterek, baz\u0131 e\u015fyan\u0131n ya\u011fmaland\u0131\u011f\u0131n\u0131, merkezde ciddi hasar meydana geldi\u011fini kaydetti.<\/p>\n<p>Sudan&#8217;da taraflar, 22 May\u0131s&#8217;ta bir haftal\u0131k insani ate\u015fkes ilan etmi\u015fti.<\/p>\n<h3>Sudan&#8217;da ordu ile HDK aras\u0131nda \u00e7at\u0131\u015fma<\/h3>\n<p>Ordu, bir zamanlar destekledi\u011fi ancak ba\u011f\u0131ms\u0131z ve paralel bir ordu gibi davranmas\u0131 nedeniyle tehdit olarak g\u00f6rd\u00fc\u011f\u00fc HDK\u2019nin, 2 y\u0131l i\u00e7erisinde tamamen orduya entegre edilmesini talep ederken HDK\u2019nin ise sivil bir h\u00fck\u00fcmetin ard\u0131ndan yakla\u015f\u0131k 10 y\u0131la yay\u0131lan bir s\u00fcre\u00e7te bunu kabul edebilece\u011fini a\u00e7\u0131klamas\u0131yla ba\u015flayan s\u00f6z sava\u015f\u0131 ve t\u0131rmanan gerginlik, 15 Nisan sabah\u0131 taraflar aras\u0131nda ba\u015fkent Hartum ve \u00e7e\u015fitli \u015fehirlerde silahl\u0131 \u00e7at\u0131\u015fmaya d\u00f6n\u00fc\u015fm\u00fc\u015ft\u00fc.<\/p>\n<p>HDK, 2019\u2019da darbeyle devrilen Cumhurba\u015fkan\u0131 \u00d6mer el-Be\u015fir d\u00f6neminde Darfur&#8217;da isyanc\u0131lara kar\u015f\u0131 sava\u015fmak, s\u0131n\u0131rlar\u0131 korumak ve asayi\u015fi sa\u011flamak amac\u0131yla milis yap\u0131lanma \u015feklinde olu\u015fturuldu. 2013&#8217;te G\u00fcvenlik ve \u0130stihbarat Te\u015fkilat\u0131na ba\u011flanan ard\u0131ndan giderek daha ba\u011f\u0131ms\u0131z bir yap\u0131ya kavu\u015fan HDK&#8217;nin on binlerce mensubu bulunuyor.<\/p>\n<p>\u00dclke i\u00e7inde bir milyondan fazla ki\u015finin yerlerinden edildi\u011fini belirten Birle\u015fmi\u015f Milletler, \u00e7at\u0131\u015fmalar nedeniyle 300 bin ki\u015finin de \u00e7evre \u00fclkelere ka\u00e7t\u0131\u011f\u0131n\u0131 a\u00e7\u0131klad\u0131.<\/p>\n<p>Sudan Sa\u011fl\u0131k Bakanl\u0131\u011f\u0131 \u00e7at\u0131\u015fmalar\u0131n ba\u015f\u0131ndan bu yana 709 ki\u015finin \u00f6ld\u00fc\u011f\u00fcn\u00fc, 5 bin 424 ki\u015finin yaraland\u0131\u011f\u0131n\u0131 duyurdu.<\/p>\n<p>                            <span class=\"detay-foto-editor\">&#13;<br \/>\n                                <a href=\"https:\/\/www.aa.com.tr\/tr\/p\/abonelik-talep-formu\/1001\" target=\"_blank\" style=\"font-size:12px; color:#444; text-decoration:none;\" rel=\"noopener\">&#13;<br \/>\n                                    Anadolu Ajans\u0131 web sitesinde, AA Haber Ak\u0131\u015f Sistemi (HAS) \u00fczerinden abonelere sunulan haberler, \u00f6zetlenerek yay\u0131mlanmaktad\u0131r. <b style=\"color:#1897F7\">Abonelik i\u00e7in l\u00fctfen ileti\u015fime ge\u00e7iniz.<\/b>&#13;<br \/>\n                                <\/a>&#13;<br \/>\n                            <\/span>\n                        <\/div>\n<p><script>\n\t  window.fbAsyncInit = function() {\n\t\tFB.init({\n\t\t  appId: '1855843514662870',\n\t\t  status : true, \/\/ check login status\n\t\t  cookie : true, \/\/ enable cookies to allow the server to access the session\n\t\t  xfbml  : true  \/\/ parse XFBML\n\t\t});\n\t  };<\/p>\n<p>\t  (function() {\n\t\tvar e = document.createElement('script');\n\t\te.src=\"https:\/\/connect.facebook.net\/tr_TR\/all.js\";\n\t\te.async = true;\n\t\tdocument.getElementById('fb-root').appendChild(e);\n\t  }());\n    <\/script><\/p>\n","protected":false},"excerpt":{"rendered":"<p>Sudan Savunma Bakan\u0131 Yasin \u0130brahim, devlet televizyonunda yay\u0131nlanan a\u00e7\u0131klamas\u0131nda, &#8220;\u0130syanc\u0131 g\u00fc\u00e7ler (HDK), insani ate\u015fkesi ihlal etmeye ve baz\u0131 kurumlara sald\u0131rmaya devam ediyor.&#8221; dedi. HDK&#8217;yi devlete yak\u0131n baz\u0131 sembol \u015fah\u0131slar\u0131 a\u015fa\u011f\u0131lamak ve emekli ordu mensuplar\u0131n\u0131 al\u0131koymakla su\u00e7layan \u0130brahim, &#8220;Ordudan emekli olan t\u00fcm subaylar, astsubaylar ve erlere ve eli silah tutan herkese kendilerini, ailelerini, kom\u015fular\u0131n\u0131 ve namuslar\u0131n\u0131 [&hellip;]<\/p>\n","protected":false},"author":1,"featured_media":5889,"comment_status":"","ping_status":"","sticky":false,"template":"","format":"standard","meta":[],"categories":[1],"tags":[],"_links":{"self":[{"href":"https:\/\/kraios.app\/news\/wp-json\/wp\/v2\/posts\/5888"}],"collection":[{"href":"https:\/\/kraios.app\/news\/wp-json\/wp\/v2\/posts"}],"about":[{"href":"https:\/\/kraios.app\/news\/wp-json\/wp\/v2\/types\/post"}],"author":[{"embeddable":true,"href":"https:\/\/kraios.app\/news\/wp-json\/wp\/v2\/users\/1"}],"replies":[{"embeddable":true,"href":"https:\/\/kraios.app\/news\/wp-json\/wp\/v2\/comments?post=5888"}],"version-history":[{"count":0,"href":"https:\/\/kraios.app\/news\/wp-json\/wp\/v2\/posts\/5888\/revisions"}],"wp:featuredmedia":[{"embeddable":true,"href":"https:\/\/kraios.app\/news\/wp-json\/wp\/v2\/media\/5889"}],"wp:attachment":[{"href":"https:\/\/kraios.app\/news\/wp-json\/wp\/v2\/media?parent=5888"}],"wp:term":[{"taxonomy":"category","embeddable":true,"href":"https:\/\/kraios.app\/news\/wp-json\/wp\/v2\/categories?post=5888"},{"taxonomy":"post_tag","embeddable":true,"href":"https:\/\/kraios.app\/news\/wp-json\/wp\/v2\/tags?post=5888"}],"curies":[{"name":"wp","href":"https:\/\/api.w.org\/{rel}","templated":true}]}}