{"id":5862,"date":"2023-05-25T15:20:10","date_gmt":"2023-05-25T15:20:10","guid":{"rendered":"https:\/\/kraios.app\/news\/gundem\/2023\/05\/25\/rizenin-yoresel-lezzetleri-turk-mutfagi-haftasinda-tanitildi\/"},"modified":"2023-05-25T15:20:10","modified_gmt":"2023-05-25T15:20:10","slug":"rizenin-yoresel-lezzetleri-turk-mutfagi-haftasinda-tanitildi","status":"publish","type":"post","link":"https:\/\/kraios.app\/news\/gundem\/2023\/05\/25\/rizenin-yoresel-lezzetleri-turk-mutfagi-haftasinda-tanitildi\/","title":{"rendered":"Rize&#039;nin y\u00f6resel lezzetleri &quot;T\u00fcrk Mutfa\u011f\u0131 Haftas\u0131&quot;nda tan\u0131t\u0131ld\u0131"},"content":{"rendered":"<p>Rize&#8217;de, &#8220;T\u00fcrk Mutfa\u011f\u0131 Haftas\u0131&#8221; kapsam\u0131nda d\u00fczenlenen etkinlikte co\u011frafi i\u015faretli \u00fcr\u00fcnler ve y\u00f6resel lezzetler tan\u0131t\u0131ld\u0131.<\/p>\n","protected":false},"excerpt":{"rendered":"<p>Rize&#8217;de, &#8220;T\u00fcrk Mutfa\u011f\u0131 Haftas\u0131&#8221; kapsam\u0131nda d\u00fczenlenen etkinlikte co\u011frafi i\u015faretli \u00fcr\u00fcnler ve y\u00f6resel lezzetler tan\u0131t\u0131ld\u0131.<\/p>\n","protected":false},"author":1,"featured_media":5863,"comment_status":"","ping_status":"","sticky":false,"template":"","format":"standard","meta":[],"categories":[1],"tags":[],"_links":{"self":[{"href":"https:\/\/kraios.app\/news\/wp-json\/wp\/v2\/posts\/5862"}],"collection":[{"href":"https:\/\/kraios.app\/news\/wp-json\/wp\/v2\/posts"}],"about":[{"href":"https:\/\/kraios.app\/news\/wp-json\/wp\/v2\/types\/post"}],"author":[{"embeddable":true,"href":"https:\/\/kraios.app\/news\/wp-json\/wp\/v2\/users\/1"}],"replies":[{"embeddable":true,"href":"https:\/\/kraios.app\/news\/wp-json\/wp\/v2\/comments?post=5862"}],"version-history":[{"count":0,"href":"https:\/\/kraios.app\/news\/wp-json\/wp\/v2\/posts\/5862\/revisions"}],"wp:featuredmedia":[{"embeddable":true,"href":"https:\/\/kraios.app\/news\/wp-json\/wp\/v2\/media\/5863"}],"wp:attachment":[{"href":"https:\/\/kraios.app\/news\/wp-json\/wp\/v2\/media?parent=5862"}],"wp:term":[{"taxonomy":"category","embeddable":true,"href":"https:\/\/kraios.app\/news\/wp-json\/wp\/v2\/categories?post=5862"},{"taxonomy":"post_tag","embeddable":true,"href":"https:\/\/kraios.app\/news\/wp-json\/wp\/v2\/tags?post=5862"}],"curies":[{"name":"wp","href":"https:\/\/api.w.org\/{rel}","templated":true}]}}