{"id":5848,"date":"2023-05-25T13:14:21","date_gmt":"2023-05-25T13:14:21","guid":{"rendered":"https:\/\/kraios.app\/news\/gundem\/2023\/05\/25\/abd-ekonomisi-bu-yilin-ilk-ceyreginde-yuzde-13-buyudu\/"},"modified":"2023-05-25T13:14:21","modified_gmt":"2023-05-25T13:14:21","slug":"abd-ekonomisi-bu-yilin-ilk-ceyreginde-yuzde-13-buyudu","status":"publish","type":"post","link":"https:\/\/kraios.app\/news\/gundem\/2023\/05\/25\/abd-ekonomisi-bu-yilin-ilk-ceyreginde-yuzde-13-buyudu\/","title":{"rendered":"ABD ekonomisi, bu y\u0131l\u0131n ilk \u00e7eyre\u011finde y\u00fczde 1,3 b\u00fcy\u00fcd\u00fc"},"content":{"rendered":"<p><\/p>\n<div>\n<p>ABD Ticaret Bakanl\u0131\u011f\u0131, ocak-mart d\u00f6nemine ait Gayri Safi Yurti\u00e7i Has\u0131la (GSYH) verisine ili\u015fkin ikinci tahminleri a\u00e7\u0131klad\u0131.<\/p>\n<p>Buna g\u00f6re, ABD&#8217;de GSYH, bu y\u0131l\u0131n ilk \u00e7eyre\u011finde y\u0131ll\u0131kland\u0131r\u0131lm\u0131\u015f olarak y\u00fczde 1,3 artt\u0131.<\/p>\n<p>S\u00f6z konusu d\u00f6nemde b\u00fcy\u00fcme verisinde yukar\u0131 y\u00f6nl\u00fc revizyona gidilirken, piyasa beklentisi ekonominin ilk \u00e7eyrekte y\u00fczde 1,1 b\u00fcy\u00fcd\u00fc\u011f\u00fc y\u00f6n\u00fcndeydi.<\/p>\n<p>\u00dclkenin GSYH verisine ili\u015fkin nisan ay\u0131nda yay\u0131mlanan \u00f6nc\u00fc verilerde, ekonominin y\u0131l\u0131n ilk \u00e7eyre\u011finde y\u00fczde 1,1 b\u00fcy\u00fcd\u00fc\u011f\u00fc kaydedilmi\u015fti.<\/p>\n<p>\u00dclke ekonomisi, 2022&#8217;nin son \u00e7eyre\u011finde y\u00fczde 2,6 b\u00fcy\u00fcrken, ge\u00e7en y\u0131l\u0131n genelinde y\u00fczde 2,1 b\u00fcy\u00fcme performans\u0131 g\u00f6stermi\u015fti.<\/p>\n<p>ABD ekonomisinin y\u0131l\u0131n ilk \u00e7eyre\u011findeki b\u00fcy\u00fcmesinde, t\u00fcketici harcamalar\u0131, ihracat, federal kamu harcamalar\u0131, eyalet ve yerel kamu harcamalar\u0131 ile konut d\u0131\u015f\u0131 sabit yat\u0131r\u0131mlardaki art\u0131\u015f etkili oldu. Ayn\u0131 d\u00f6nemde \u00f6zel stok yat\u0131r\u0131mlar\u0131 ve konut sabit yat\u0131r\u0131mlar\u0131nda ise azal\u0131\u015f kaydedildi.<\/p>\n<p>\u0130lk \u00e7eyre\u011fe ait GSYH&#8217;deki revizyonda, \u00f6zel stok yat\u0131r\u0131mlar\u0131ndaki yukar\u0131 y\u00f6nl\u00fc revizyon belirleyici oldu.<\/p>\n<p>Y\u0131l\u0131n ilk \u00e7eyre\u011finde ki\u015fisel t\u00fcketim harcamalar\u0131 fiyat endeksindeki art\u0131\u015f y\u00fczde 4,2 olarak kaydedildi. Beklentilere paralel bir seyir izleyen ki\u015fisel t\u00fcketim harcamalar\u0131 fiyat endeksi, ge\u00e7en y\u0131l\u0131n son \u00e7eyre\u011finde y\u00fczde 3,7 artm\u0131\u015ft\u0131.<\/p>\n<p>G\u0131da ve enerji harcamalar\u0131n\u0131n hesaplama d\u0131\u015f\u0131 tutuldu\u011fu \u00e7ekirdek ki\u015fisel t\u00fcketim harcamalar\u0131 fiyat endeksindeki art\u0131\u015f da y\u00fczde 4,9&#8217;dan y\u00fczde 5&#8217;e revize edildi. Piyasa beklentileri, \u00e7ekirdek ki\u015fisel t\u00fcketim harcamalar\u0131 fiyat endeksinin bu d\u00f6nemde y\u00fczde 4,9 artmas\u0131 y\u00f6n\u00fcndeydi. \u00c7ekirdek ki\u015fisel t\u00fcketim harcamalar\u0131 fiyat endeksi, ge\u00e7en y\u0131l\u0131n son \u00e7eyre\u011finde y\u00fczde 4,4 art\u0131\u015f kaydetmi\u015fti.<\/p>\n<p>                            <span class=\"detay-foto-editor\">&#13;<br \/>\n                                <a href=\"https:\/\/www.aa.com.tr\/tr\/p\/abonelik-talep-formu\/1001\" target=\"_blank\" style=\"font-size:12px; color:#444; text-decoration:none;\" rel=\"noopener\">&#13;<br \/>\n                                    Anadolu Ajans\u0131 web sitesinde, AA Haber Ak\u0131\u015f Sistemi (HAS) \u00fczerinden abonelere sunulan haberler, \u00f6zetlenerek yay\u0131mlanmaktad\u0131r. <b style=\"color:#1897F7\">Abonelik i\u00e7in l\u00fctfen ileti\u015fime ge\u00e7iniz.<\/b>&#13;<br \/>\n                                <\/a>&#13;<br \/>\n                            <\/span>\n                        <\/div>\n<p><script>\n\t  window.fbAsyncInit = function() {\n\t\tFB.init({\n\t\t  appId: '1855843514662870',\n\t\t  status : true, \/\/ check login status\n\t\t  cookie : true, \/\/ enable cookies to allow the server to access the session\n\t\t  xfbml  : true  \/\/ parse XFBML\n\t\t});\n\t  };<\/p>\n<p>\t  (function() {\n\t\tvar e = document.createElement('script');\n\t\te.src=\"https:\/\/connect.facebook.net\/tr_TR\/all.js\";\n\t\te.async = true;\n\t\tdocument.getElementById('fb-root').appendChild(e);\n\t  }());\n    <\/script><\/p>\n","protected":false},"excerpt":{"rendered":"<p>ABD Ticaret Bakanl\u0131\u011f\u0131, ocak-mart d\u00f6nemine ait Gayri Safi Yurti\u00e7i Has\u0131la (GSYH) verisine ili\u015fkin ikinci tahminleri a\u00e7\u0131klad\u0131. Buna g\u00f6re, ABD&#8217;de GSYH, bu y\u0131l\u0131n ilk \u00e7eyre\u011finde y\u0131ll\u0131kland\u0131r\u0131lm\u0131\u015f olarak y\u00fczde 1,3 artt\u0131. S\u00f6z konusu d\u00f6nemde b\u00fcy\u00fcme verisinde yukar\u0131 y\u00f6nl\u00fc revizyona gidilirken, piyasa beklentisi ekonominin ilk \u00e7eyrekte y\u00fczde 1,1 b\u00fcy\u00fcd\u00fc\u011f\u00fc y\u00f6n\u00fcndeydi. \u00dclkenin GSYH verisine ili\u015fkin nisan ay\u0131nda yay\u0131mlanan \u00f6nc\u00fc [&hellip;]<\/p>\n","protected":false},"author":1,"featured_media":5849,"comment_status":"","ping_status":"","sticky":false,"template":"","format":"standard","meta":[],"categories":[1],"tags":[],"_links":{"self":[{"href":"https:\/\/kraios.app\/news\/wp-json\/wp\/v2\/posts\/5848"}],"collection":[{"href":"https:\/\/kraios.app\/news\/wp-json\/wp\/v2\/posts"}],"about":[{"href":"https:\/\/kraios.app\/news\/wp-json\/wp\/v2\/types\/post"}],"author":[{"embeddable":true,"href":"https:\/\/kraios.app\/news\/wp-json\/wp\/v2\/users\/1"}],"replies":[{"embeddable":true,"href":"https:\/\/kraios.app\/news\/wp-json\/wp\/v2\/comments?post=5848"}],"version-history":[{"count":0,"href":"https:\/\/kraios.app\/news\/wp-json\/wp\/v2\/posts\/5848\/revisions"}],"wp:featuredmedia":[{"embeddable":true,"href":"https:\/\/kraios.app\/news\/wp-json\/wp\/v2\/media\/5849"}],"wp:attachment":[{"href":"https:\/\/kraios.app\/news\/wp-json\/wp\/v2\/media?parent=5848"}],"wp:term":[{"taxonomy":"category","embeddable":true,"href":"https:\/\/kraios.app\/news\/wp-json\/wp\/v2\/categories?post=5848"},{"taxonomy":"post_tag","embeddable":true,"href":"https:\/\/kraios.app\/news\/wp-json\/wp\/v2\/tags?post=5848"}],"curies":[{"name":"wp","href":"https:\/\/api.w.org\/{rel}","templated":true}]}}