{"id":5815,"date":"2023-05-25T07:20:05","date_gmt":"2023-05-25T07:20:05","guid":{"rendered":"https:\/\/kraios.app\/news\/gundem\/2023\/05\/25\/cumhurbaskani-erdogan-turk-milletinin-iradesine-zincir-vurulamayacagini-gosterdik\/"},"modified":"2023-05-25T07:20:05","modified_gmt":"2023-05-25T07:20:05","slug":"cumhurbaskani-erdogan-turk-milletinin-iradesine-zincir-vurulamayacagini-gosterdik","status":"publish","type":"post","link":"https:\/\/kraios.app\/news\/gundem\/2023\/05\/25\/cumhurbaskani-erdogan-turk-milletinin-iradesine-zincir-vurulamayacagini-gosterdik\/","title":{"rendered":"Cumhurba\u015fkan\u0131 Erdo\u011fan: T\u00fcrk milletinin iradesine zincir vurulamayaca\u011f\u0131n\u0131 g\u00f6sterdik"},"content":{"rendered":"<p>Cumhurba\u015fkan\u0131 Recep Tayyip Erdo\u011fan, 14 May\u0131s&#8217;taki se\u00e7imlerde diktat\u00f6rl\u00fck iddialar\u0131n\u0131n tamamen safsatadan ibaret oldu\u011funu g\u00f6sterdiklerini belirterek, &#8220;T\u00fcrk milletinin iradesine zincir vurulamayaca\u011f\u0131n\u0131 g\u00f6sterdik.&#8221; ifadelerini kulland\u0131.<\/p>\n","protected":false},"excerpt":{"rendered":"<p>Cumhurba\u015fkan\u0131 Recep Tayyip Erdo\u011fan, 14 May\u0131s&#8217;taki se\u00e7imlerde diktat\u00f6rl\u00fck iddialar\u0131n\u0131n tamamen safsatadan ibaret oldu\u011funu g\u00f6sterdiklerini belirterek, &#8220;T\u00fcrk milletinin iradesine zincir vurulamayaca\u011f\u0131n\u0131 g\u00f6sterdik.&#8221; ifadelerini kulland\u0131.<\/p>\n","protected":false},"author":1,"featured_media":5816,"comment_status":"","ping_status":"","sticky":false,"template":"","format":"standard","meta":[],"categories":[1],"tags":[],"_links":{"self":[{"href":"https:\/\/kraios.app\/news\/wp-json\/wp\/v2\/posts\/5815"}],"collection":[{"href":"https:\/\/kraios.app\/news\/wp-json\/wp\/v2\/posts"}],"about":[{"href":"https:\/\/kraios.app\/news\/wp-json\/wp\/v2\/types\/post"}],"author":[{"embeddable":true,"href":"https:\/\/kraios.app\/news\/wp-json\/wp\/v2\/users\/1"}],"replies":[{"embeddable":true,"href":"https:\/\/kraios.app\/news\/wp-json\/wp\/v2\/comments?post=5815"}],"version-history":[{"count":0,"href":"https:\/\/kraios.app\/news\/wp-json\/wp\/v2\/posts\/5815\/revisions"}],"wp:featuredmedia":[{"embeddable":true,"href":"https:\/\/kraios.app\/news\/wp-json\/wp\/v2\/media\/5816"}],"wp:attachment":[{"href":"https:\/\/kraios.app\/news\/wp-json\/wp\/v2\/media?parent=5815"}],"wp:term":[{"taxonomy":"category","embeddable":true,"href":"https:\/\/kraios.app\/news\/wp-json\/wp\/v2\/categories?post=5815"},{"taxonomy":"post_tag","embeddable":true,"href":"https:\/\/kraios.app\/news\/wp-json\/wp\/v2\/tags?post=5815"}],"curies":[{"name":"wp","href":"https:\/\/api.w.org\/{rel}","templated":true}]}}