{"id":5780,"date":"2023-05-24T17:10:15","date_gmt":"2023-05-24T17:10:15","guid":{"rendered":"https:\/\/kraios.app\/news\/gundem\/2023\/05\/24\/putin-batiyi-rusyayla-isbirligi-yapan-ulkelere-santajla-sucladi\/"},"modified":"2023-05-24T17:10:15","modified_gmt":"2023-05-24T17:10:15","slug":"putin-batiyi-rusyayla-isbirligi-yapan-ulkelere-santajla-sucladi","status":"publish","type":"post","link":"https:\/\/kraios.app\/news\/gundem\/2023\/05\/24\/putin-batiyi-rusyayla-isbirligi-yapan-ulkelere-santajla-sucladi\/","title":{"rendered":"Putin Bat\u0131&#8217;y\u0131, Rusya&#8217;yla i\u015fbirli\u011fi yapan \u00fclkelere \u015fantajla su\u00e7lad\u0131"},"content":{"rendered":"<p><\/p>\n<div>\n<p>Rusya Devlet Ba\u015fkan\u0131 <strong>Vladimir Putin<\/strong>, Bat\u0131&#8217;n\u0131n, Rusya ile i\u015fbirli\u011fi i\u00e7indeki \u00fclkelere bask\u0131 yapt\u0131\u011f\u0131n\u0131 belirterek, &#8220;Bat\u0131l\u0131 rakiplerimiz, <strong>Rusya <\/strong>ile yapt\u0131klar\u0131 karl\u0131 i\u015fbirliklerini k\u0131s\u0131tlamak i\u00e7in ortaklar\u0131m\u0131za \u00e7e\u015fitli vaatler veriyor ve \u015fantaj yapmaya \u00e7al\u0131\u015f\u0131yor. Bunun, ilgili \u00fclkelere ve halklar\u0131na getirece\u011fi kay\u0131plar konusunda ise tamamen kay\u0131ts\u0131zlar.&#8221; dedi.<\/p>\n<p>Putin, ba\u015fkent Moskova&#8217;da d\u00fczenlenen 2. Avrasya Ekonomi Forumu&#8217;nda konu\u015ftu.<\/p>\n<p>Avrupa Birli\u011finin \u00f6nc\u00fc ekonomilerinde bu y\u0131l k\u00fc\u00e7\u00fclme beklendi\u011fine i\u015faret eden Putin, &#8220;Avrasya Ekonomik Birli\u011fi ekonomisi ise k\u00fcresel ekonomi ve ticarette ya\u015fanan b\u00fcy\u00fck krizlere, \u00f6nemli jeopolitik risklere ve belirsizliklere ra\u011fmen 2022&#8217;de sadece y\u00fczde 1,6 k\u00fc\u00e7\u00fcld\u00fc.&#8221; bilgisini payla\u015ft\u0131.<\/p>\n<p>Yabanc\u0131 uzmanlar\u0131n, Avrasya Ekonomik Birli\u011fi ve Rusya ekonomisinde \u00e7\u00f6k\u00fc\u015f beklediklerini an\u0131msatan Putin, &#8220;B\u00f6yle bir \u015fey olmad\u0131 ve olmayacak.&#8221; de\u011ferlendirmesinde bulundu.<\/p>\n<p>Putin, \u00fclkesinin adil ve verimli k\u00fcresel i\u015fbirliklerine a\u00e7\u0131k oldu\u011funu vurgulayarak, &#8220;Bundan farkl\u0131 hareket eden veya davrananlar, k\u00fcresel ekonomiyi mahvediyor. <strong>ABD<\/strong>, ekonomi politikas\u0131 y\u00fcz\u00fcnden kendi geli\u015fimini azaltan e\u011filimi de g\u00fc\u00e7lendirerek, yaln\u0131zca kendi aya\u011f\u0131na s\u0131k\u0131yor.&#8221; s\u00f6zlerini sarf etti.<\/p>\n<p>Bat\u0131l\u0131 \u00fclkelerin, Rusya ile i\u015fbirli\u011fi i\u00e7indeki \u00fclkelere yapt\u0131\u011f\u0131 bask\u0131ya tepki g\u00f6steren Putin, &#8220;Bat\u0131l\u0131 rakiplerimiz, ortaklar\u0131m\u0131z\u0131n Rusya ile yapt\u0131klar\u0131 karl\u0131 i\u015fbirliklerini k\u0131s\u0131tlamak i\u00e7in \u00e7e\u015fitli vaatler veriyor ve \u015fantaj yapmaya \u00e7al\u0131\u015f\u0131yor. Bunun, ilgili \u00fclkelere ve halklar\u0131na getirece\u011fi kay\u0131plar konusunda ise tamamen kay\u0131ts\u0131zlar.&#8221; ifadesini kulland\u0131.<\/p>\n<p>Avrupa&#8217;daki enerji krizine de de\u011finen Putin, &#8220;Enerji fiyatlar\u0131 \u015fimdi ekonomik olarak makul fiyatlara yakla\u015f\u0131yor. Ancak olanlardan kim sorumlu? Kuzey Ak\u0131m 1 havaya u\u00e7uruldu, Kuzey Ak\u0131m 2 a\u00e7\u0131lmad\u0131, Polonya Yamal-Avrupa do\u011fal gaz boru hatt\u0131n\u0131 kapatt\u0131. Ukrayna, \u00fczerinden ge\u00e7en iki hattan birisini kapatt\u0131. Bunlar\u0131 onlar yapt\u0131.&#8221; diye konu\u015ftu.<\/p>\n<p>                            <span class=\"detay-foto-editor\">&#13;<br \/>\n                                <a href=\"https:\/\/www.aa.com.tr\/tr\/p\/abonelik-talep-formu\/1001\" target=\"_blank\" style=\"font-size:12px; color:#444; text-decoration:none;\" rel=\"noopener\">&#13;<br \/>\n                                    Anadolu Ajans\u0131 web sitesinde, AA Haber Ak\u0131\u015f Sistemi (HAS) \u00fczerinden abonelere sunulan haberler, \u00f6zetlenerek yay\u0131mlanmaktad\u0131r. <b style=\"color:#1897F7\">Abonelik i\u00e7in l\u00fctfen ileti\u015fime ge\u00e7iniz.<\/b>&#13;<br \/>\n                                <\/a>&#13;<br \/>\n                            <\/span>\n                        <\/div>\n<p><script>\n\t  window.fbAsyncInit = function() {\n\t\tFB.init({\n\t\t  appId: '1855843514662870',\n\t\t  status : true, \/\/ check login status\n\t\t  cookie : true, \/\/ enable cookies to allow the server to access the session\n\t\t  xfbml  : true  \/\/ parse XFBML\n\t\t});\n\t  };<\/p>\n<p>\t  (function() {\n\t\tvar e = document.createElement('script');\n\t\te.src=\"https:\/\/connect.facebook.net\/tr_TR\/all.js\";\n\t\te.async = true;\n\t\tdocument.getElementById('fb-root').appendChild(e);\n\t  }());\n    <\/script><\/p>\n","protected":false},"excerpt":{"rendered":"<p>Rusya Devlet Ba\u015fkan\u0131 Vladimir Putin, Bat\u0131&#8217;n\u0131n, Rusya ile i\u015fbirli\u011fi i\u00e7indeki \u00fclkelere bask\u0131 yapt\u0131\u011f\u0131n\u0131 belirterek, &#8220;Bat\u0131l\u0131 rakiplerimiz, Rusya ile yapt\u0131klar\u0131 karl\u0131 i\u015fbirliklerini k\u0131s\u0131tlamak i\u00e7in ortaklar\u0131m\u0131za \u00e7e\u015fitli vaatler veriyor ve \u015fantaj yapmaya \u00e7al\u0131\u015f\u0131yor. Bunun, ilgili \u00fclkelere ve halklar\u0131na getirece\u011fi kay\u0131plar konusunda ise tamamen kay\u0131ts\u0131zlar.&#8221; dedi. Putin, ba\u015fkent Moskova&#8217;da d\u00fczenlenen 2. Avrasya Ekonomi Forumu&#8217;nda konu\u015ftu. Avrupa Birli\u011finin \u00f6nc\u00fc [&hellip;]<\/p>\n","protected":false},"author":1,"featured_media":5781,"comment_status":"","ping_status":"","sticky":false,"template":"","format":"standard","meta":[],"categories":[1],"tags":[],"_links":{"self":[{"href":"https:\/\/kraios.app\/news\/wp-json\/wp\/v2\/posts\/5780"}],"collection":[{"href":"https:\/\/kraios.app\/news\/wp-json\/wp\/v2\/posts"}],"about":[{"href":"https:\/\/kraios.app\/news\/wp-json\/wp\/v2\/types\/post"}],"author":[{"embeddable":true,"href":"https:\/\/kraios.app\/news\/wp-json\/wp\/v2\/users\/1"}],"replies":[{"embeddable":true,"href":"https:\/\/kraios.app\/news\/wp-json\/wp\/v2\/comments?post=5780"}],"version-history":[{"count":0,"href":"https:\/\/kraios.app\/news\/wp-json\/wp\/v2\/posts\/5780\/revisions"}],"wp:featuredmedia":[{"embeddable":true,"href":"https:\/\/kraios.app\/news\/wp-json\/wp\/v2\/media\/5781"}],"wp:attachment":[{"href":"https:\/\/kraios.app\/news\/wp-json\/wp\/v2\/media?parent=5780"}],"wp:term":[{"taxonomy":"category","embeddable":true,"href":"https:\/\/kraios.app\/news\/wp-json\/wp\/v2\/categories?post=5780"},{"taxonomy":"post_tag","embeddable":true,"href":"https:\/\/kraios.app\/news\/wp-json\/wp\/v2\/tags?post=5780"}],"curies":[{"name":"wp","href":"https:\/\/api.w.org\/{rel}","templated":true}]}}