{"id":5748,"date":"2023-05-24T10:20:06","date_gmt":"2023-05-24T10:20:06","guid":{"rendered":"https:\/\/kraios.app\/news\/gundem\/2023\/05\/24\/daum-yeniden-kemoterapi-tedavisi-gormeye-basladi\/"},"modified":"2023-05-24T10:20:06","modified_gmt":"2023-05-24T10:20:06","slug":"daum-yeniden-kemoterapi-tedavisi-gormeye-basladi","status":"publish","type":"post","link":"https:\/\/kraios.app\/news\/gundem\/2023\/05\/24\/daum-yeniden-kemoterapi-tedavisi-gormeye-basladi\/","title":{"rendered":"Daum yeniden kemoterapi tedavisi g\u00f6rmeye ba\u015flad\u0131"},"content":{"rendered":"<p>Bir d\u00f6nem Be\u015fikta\u015f ve Fenerbah\u00e7e&#8217;de g\u00f6rev yapan Alman teknik direkt\u00f6r Christoph Daum\u2019un K\u00f6ln \u00dcniversite Klini\u011fi\u2019nde ikinci kez kemoterapi g\u00f6rmeye ba\u015flad\u0131\u011f\u0131 bildirildi.<\/p>\n","protected":false},"excerpt":{"rendered":"<p>Bir d\u00f6nem Be\u015fikta\u015f ve Fenerbah\u00e7e&#8217;de g\u00f6rev yapan Alman teknik direkt\u00f6r Christoph Daum\u2019un K\u00f6ln \u00dcniversite Klini\u011fi\u2019nde ikinci kez kemoterapi g\u00f6rmeye ba\u015flad\u0131\u011f\u0131 bildirildi.<\/p>\n","protected":false},"author":1,"featured_media":5749,"comment_status":"","ping_status":"","sticky":false,"template":"","format":"standard","meta":[],"categories":[1],"tags":[],"_links":{"self":[{"href":"https:\/\/kraios.app\/news\/wp-json\/wp\/v2\/posts\/5748"}],"collection":[{"href":"https:\/\/kraios.app\/news\/wp-json\/wp\/v2\/posts"}],"about":[{"href":"https:\/\/kraios.app\/news\/wp-json\/wp\/v2\/types\/post"}],"author":[{"embeddable":true,"href":"https:\/\/kraios.app\/news\/wp-json\/wp\/v2\/users\/1"}],"replies":[{"embeddable":true,"href":"https:\/\/kraios.app\/news\/wp-json\/wp\/v2\/comments?post=5748"}],"version-history":[{"count":0,"href":"https:\/\/kraios.app\/news\/wp-json\/wp\/v2\/posts\/5748\/revisions"}],"wp:featuredmedia":[{"embeddable":true,"href":"https:\/\/kraios.app\/news\/wp-json\/wp\/v2\/media\/5749"}],"wp:attachment":[{"href":"https:\/\/kraios.app\/news\/wp-json\/wp\/v2\/media?parent=5748"}],"wp:term":[{"taxonomy":"category","embeddable":true,"href":"https:\/\/kraios.app\/news\/wp-json\/wp\/v2\/categories?post=5748"},{"taxonomy":"post_tag","embeddable":true,"href":"https:\/\/kraios.app\/news\/wp-json\/wp\/v2\/tags?post=5748"}],"curies":[{"name":"wp","href":"https:\/\/api.w.org\/{rel}","templated":true}]}}