{"id":5719,"date":"2023-05-23T20:26:05","date_gmt":"2023-05-23T20:26:05","guid":{"rendered":"https:\/\/kraios.app\/news\/gundem\/2023\/05\/23\/cumhuriyetin-100uncu-yilinda-bu-ulkenin-daglarinda-bir-tek-terorist-birakmayacagiz\/"},"modified":"2023-05-23T20:26:05","modified_gmt":"2023-05-23T20:26:05","slug":"cumhuriyetin-100uncu-yilinda-bu-ulkenin-daglarinda-bir-tek-terorist-birakmayacagiz","status":"publish","type":"post","link":"https:\/\/kraios.app\/news\/gundem\/2023\/05\/23\/cumhuriyetin-100uncu-yilinda-bu-ulkenin-daglarinda-bir-tek-terorist-birakmayacagiz\/","title":{"rendered":"Cumhuriyet&#8217;in 100&#8217;\u00fcnc\u00fc y\u0131l\u0131nda, bu \u00fclkenin da\u011flar\u0131nda bir tek ter\u00f6rist b\u0131rakmayaca\u011f\u0131z"},"content":{"rendered":"<p><\/p>\n<div>\n<p>Bakan Soylu, Bak\u0131rk\u00f6y&#8217;deki bir otelde \u015fehit ve gazi aileleriyle bir araya geldi\u011fi yemekte, 7 y\u0131ld\u0131r T\u00fcrkiye&#8217;de \u0130\u00e7i\u015fleri Bakan\u0131 olarak g\u00f6rev yapt\u0131\u011f\u0131n\u0131 ve bug\u00fcne kadar tek bir saat bile bakanl\u0131\u011f\u0131n konforunu kullanmad\u0131\u011f\u0131n\u0131 s\u00f6yledi.<\/p>\n<p>Bu s\u00fcre\u00e7te yata\u011f\u0131n\u0131n Gabar, Cudi ve Kato Da\u011f\u0131 oldu\u011funu vurgulayan Soylu, &#8220;Sabahleyin kalkt\u0131\u011f\u0131m\u0131zda yanlar\u0131na gitti\u011fimiz sizin evlatlar\u0131n\u0131z, sizin evlatlar\u0131n\u0131z\u0131n arkada\u015flar\u0131 oldu. N\u00f6betteyken onlarla omuz omuza olmay\u0131, operasyonlar\u0131ndan \u00f6nce onlarla birlikte olmay\u0131, e\u011fer bir \u015fehit vermi\u015flerse operasyonlar\u0131ndan sonra onlar\u0131n birliklerine gidip, &#8216;Allah bizimle beraberdir ve bu milletin duas\u0131 sizinledir.&#8217; demeyi hi\u00e7bir zaman ihmal etmedik.&#8221; diye konu\u015ftu.<\/p>\n<p>Bakan Soylu, \u015fehit ve gazi ailelerine, &#8220;Bu \u00fclkenin \u00fczerinde pazarl\u0131k yapanlara bug\u00fcne kadar sizin evlatlar\u0131n\u0131z m\u00fcsaade etmedi&#8221; diye seslenerek, \u015f\u00f6yle devam etti:<\/p>\n<p>&#8220;Sahada kazand\u0131\u011f\u0131m\u0131z\u0131 masada asla kaybetmeyece\u011fiz. Kolay olmad\u0131 bu i\u015fler. Allah \u015fahit, e\u011fer ben bug\u00fcn a\u011fz\u0131m dolu dolu &#8216;Karadeniz, Tend\u00fcrek, I\u011fd\u0131r, Ardahan, Erzurum, Amanoslar, Gabar Da\u011f\u0131&#8217;nda bug\u00fcn petrol f\u0131\u015fk\u0131r\u0131yor, ter\u00f6ristler temizlendi.&#8217; diyorsam, &#8216;Cudi Da\u011f\u0131 ter\u00f6ristten temizlendi.&#8217; diyorsam, vallahi de billahi de bu sizin evlatlar\u0131n\u0131z, gazilerimiz, bug\u00fcnk\u00fc kahramanlar\u0131m\u0131z sayesindedir. Biz M\u00fcsl\u00fcman bir yurdun evlatlar\u0131y\u0131z. \u015eimdi birilerinin pazarl\u0131\u011f\u0131na bu \u00fclkeyi verebilecek bir durumda de\u011filiz. 29 Ekim 2023&#8217;te, Cumhuriyet&#8217;in 100&#8217;\u00fcnc\u00fc y\u0131l\u0131nda Allah nasip edecek, bu \u00fclkenin da\u011flar\u0131nda, \u015fu anda say\u0131 77&#8217;dir, bir tek ter\u00f6rist b\u0131rakmayaca\u011f\u0131z. Kuzey Irak ve Kuzey Suriye&#8217;nin birtak\u0131m noktalar\u0131n\u0131 ter\u00f6r yuvas\u0131na d\u00f6nd\u00fcren Amerika&#8217;ya buradan tekrar s\u00f6ylemek istiyorum, \u00f6n\u00fcm\u00fczdeki 5 y\u0131l i\u00e7inde orada bir tek ter\u00f6r yuvas\u0131 Allah&#8217;\u0131n izniyle ve inayetiyle b\u0131rakmayaca\u011f\u0131z.&#8221;<\/p>\n<p>Gelecek d\u00f6nem i\u00e7in \u00f6nemli d\u00fczenlemeler haz\u0131rlad\u0131klar\u0131na i\u015faret eden Soylu, &#8220;Burada bir meseleyi daha s\u00f6yleyeyim. Gazilerimizin de \u015fehit ailelerimizin de silah ruhsatlar\u0131 s\u00fcreli olmayacak, s\u00fcresiz olacak. Bunu arkada\u015flar\u0131ma talimat verdim, devam ettiriyorum.&#8221; dedi.<\/p>\n<p>Soylu, \u015fehit aileleri ve gaziler ne istiyorsa yapmak zorunda olduklar\u0131n\u0131n alt\u0131n\u0131 \u00e7izerek, &#8220;Onun i\u00e7in \u00e7ok k\u0131ymetli gazilerimiz, gazi ailelerimiz, \u015fehit ailelerimiz, birtak\u0131m farkl\u0131l\u0131klar var, bunlar\u0131n hepsine y\u00f6nelik haz\u0131rl\u0131klar\u0131n bir k\u0131sm\u0131 yap\u0131ld\u0131, bir k\u0131sm\u0131 da yap\u0131lacak. \u0130n\u015fallah yak\u0131n bir zaman i\u00e7inde yeni d\u00f6nemde Allah izin verirse milletimiz de k\u0131ymetli Cumhurba\u015fkan\u0131m\u0131z Recep Tayyip Erdo\u011fan&#8217;\u0131 28&#8217;inde se\u00e7erse, ondan sonra in\u015fallah hep birlikte \u00e7\u0131kaca\u011f\u0131z yolumuza, hep birlikte devam edece\u011fiz.&#8221; ifadelerini kulland\u0131.<\/p>\n<p>                            <span class=\"detay-foto-editor\">&#13;<br \/>\n                                <a href=\"https:\/\/www.aa.com.tr\/tr\/p\/abonelik-talep-formu\/1001\" target=\"_blank\" style=\"font-size:12px; color:#444; text-decoration:none;\" rel=\"noopener\">&#13;<br \/>\n                                    Anadolu Ajans\u0131 web sitesinde, AA Haber Ak\u0131\u015f Sistemi (HAS) \u00fczerinden abonelere sunulan haberler, \u00f6zetlenerek yay\u0131mlanmaktad\u0131r. <b style=\"color:#1897F7\">Abonelik i\u00e7in l\u00fctfen ileti\u015fime ge\u00e7iniz.<\/b>&#13;<br \/>\n                                <\/a>&#13;<br \/>\n                            <\/span>\n                        <\/div>\n<p><script>\n\t  window.fbAsyncInit = function() {\n\t\tFB.init({\n\t\t  appId: '1855843514662870',\n\t\t  status : true, \/\/ check login status\n\t\t  cookie : true, \/\/ enable cookies to allow the server to access the session\n\t\t  xfbml  : true  \/\/ parse XFBML\n\t\t});\n\t  };<\/p>\n<p>\t  (function() {\n\t\tvar e = document.createElement('script');\n\t\te.src=\"https:\/\/connect.facebook.net\/tr_TR\/all.js\";\n\t\te.async = true;\n\t\tdocument.getElementById('fb-root').appendChild(e);\n\t  }());\n    <\/script><\/p>\n","protected":false},"excerpt":{"rendered":"<p>Bakan Soylu, Bak\u0131rk\u00f6y&#8217;deki bir otelde \u015fehit ve gazi aileleriyle bir araya geldi\u011fi yemekte, 7 y\u0131ld\u0131r T\u00fcrkiye&#8217;de \u0130\u00e7i\u015fleri Bakan\u0131 olarak g\u00f6rev yapt\u0131\u011f\u0131n\u0131 ve bug\u00fcne kadar tek bir saat bile bakanl\u0131\u011f\u0131n konforunu kullanmad\u0131\u011f\u0131n\u0131 s\u00f6yledi. Bu s\u00fcre\u00e7te yata\u011f\u0131n\u0131n Gabar, Cudi ve Kato Da\u011f\u0131 oldu\u011funu vurgulayan Soylu, &#8220;Sabahleyin kalkt\u0131\u011f\u0131m\u0131zda yanlar\u0131na gitti\u011fimiz sizin evlatlar\u0131n\u0131z, sizin evlatlar\u0131n\u0131z\u0131n arkada\u015flar\u0131 oldu. N\u00f6betteyken onlarla [&hellip;]<\/p>\n","protected":false},"author":1,"featured_media":5720,"comment_status":"","ping_status":"","sticky":false,"template":"","format":"standard","meta":[],"categories":[1],"tags":[],"_links":{"self":[{"href":"https:\/\/kraios.app\/news\/wp-json\/wp\/v2\/posts\/5719"}],"collection":[{"href":"https:\/\/kraios.app\/news\/wp-json\/wp\/v2\/posts"}],"about":[{"href":"https:\/\/kraios.app\/news\/wp-json\/wp\/v2\/types\/post"}],"author":[{"embeddable":true,"href":"https:\/\/kraios.app\/news\/wp-json\/wp\/v2\/users\/1"}],"replies":[{"embeddable":true,"href":"https:\/\/kraios.app\/news\/wp-json\/wp\/v2\/comments?post=5719"}],"version-history":[{"count":0,"href":"https:\/\/kraios.app\/news\/wp-json\/wp\/v2\/posts\/5719\/revisions"}],"wp:featuredmedia":[{"embeddable":true,"href":"https:\/\/kraios.app\/news\/wp-json\/wp\/v2\/media\/5720"}],"wp:attachment":[{"href":"https:\/\/kraios.app\/news\/wp-json\/wp\/v2\/media?parent=5719"}],"wp:term":[{"taxonomy":"category","embeddable":true,"href":"https:\/\/kraios.app\/news\/wp-json\/wp\/v2\/categories?post=5719"},{"taxonomy":"post_tag","embeddable":true,"href":"https:\/\/kraios.app\/news\/wp-json\/wp\/v2\/tags?post=5719"}],"curies":[{"name":"wp","href":"https:\/\/api.w.org\/{rel}","templated":true}]}}