{"id":5709,"date":"2023-05-23T20:20:04","date_gmt":"2023-05-23T20:20:04","guid":{"rendered":"https:\/\/kraios.app\/news\/gundem\/2023\/05\/23\/ukraynaya-saglanan-silahlari-paramiliter-orgutlere-transfer-izni-vermedik\/"},"modified":"2023-05-23T20:20:04","modified_gmt":"2023-05-23T20:20:04","slug":"ukraynaya-saglanan-silahlari-paramiliter-orgutlere-transfer-izni-vermedik","status":"publish","type":"post","link":"https:\/\/kraios.app\/news\/gundem\/2023\/05\/23\/ukraynaya-saglanan-silahlari-paramiliter-orgutlere-transfer-izni-vermedik\/","title":{"rendered":"Ukrayna&#8217;ya sa\u011flanan silahlar\u0131 paramiliter \u00f6rg\u00fctlere transfer izni vermedik"},"content":{"rendered":"<p><\/p>\n<div>\n<p>ABD Savunma Bakanl\u0131\u011f\u0131 S\u00f6zc\u00fcs\u00fc Tu\u011fgeneral Patrick Ryder, <strong>Rusy<\/strong><strong>a<\/strong>&#8216;n\u0131n &#8220;bir Ukrayna sabotaj grubunun, ABD men\u015feli silah ve ara\u00e7larla \u00fclkenin Belgorod b\u00f6lgesine girdi\u011fi&#8221; iddias\u0131 \u00fczerine, Washington y\u00f6netiminin, Ukrayna ordusuna Amerikan silahlar\u0131n\u0131 paramiliter gruplara verme veya \u00fclke s\u0131n\u0131rlar\u0131 d\u0131\u015f\u0131nda kullanma izni vermedi\u011fini ve s\u00f6z konusu iddialar\u0131 ara\u015ft\u0131rd\u0131klar\u0131n\u0131 s\u00f6yledi. <\/p>\n<p>Rusya&#8217;n\u0131n &#8220;bir <strong>Ukrayna<\/strong> sabotaj grubunun Belgorod b\u00f6lgesine girdi\u011fi&#8221; iddias\u0131, Washington&#8217;da g\u00fcndeme geldi. <\/p>\n<p>G\u00fcnl\u00fck bas\u0131n toplant\u0131s\u0131nda sorular\u0131 yan\u0131tlayan Pentagon S\u00f6zc\u00fcs\u00fc Ryder, Belgorod b\u00f6lgesine y\u00f6nelik haberleri g\u00f6rd\u00fcklerini ve sahadaki durumu yak\u0131ndan izlediklerini belirtti.<\/p>\n<p>Ryder, &#8220;<strong>ABD<\/strong> h\u00fck\u00fcmeti, Ukrayna ordusu d\u0131\u015f\u0131nda herhangi bir paramiliter \u00f6rg\u00fcte Amerikan silahlar\u0131n\u0131n transfer edilmesine izin vermedi. Ukrayna da bizden b\u00f6yle bir talepte bulunmad\u0131.&#8221; dedi. <\/p>\n<p>Sosyal medyadaki g\u00f6rselleri teyit edemeyece\u011fini belirten Ryder, ABD&#8217;nin, d\u00fczenli \u015fekilde Ukrayna&#8217;ya verilen silahlar\u0131n sadece \u00fclke i\u00e7inde, \u00fclkenin savunulmas\u0131 i\u00e7in kullan\u0131lmas\u0131 gerekti\u011fini Kiev&#8217;e iletti\u011fini aktard\u0131.<\/p>\n<p>Ryder, silahlar\u0131n kullan\u0131m\u0131 konusunda s\u0131k\u0131 bir protokol\u00fcn de s\u00f6z konusu oldu\u011funu dile getirdi.<\/p>\n<h3>&#8220;Rusya topraklar\u0131na sald\u0131r\u0131lar\u0131 te\u015fvik etmiyoruz&#8221;<\/h3>\n<p>Beyaz Saray Ulusal G\u00fcvenlik Konseyi Stratejik \u0130leti\u015fim Koordinat\u00f6r\u00fc John Kirby ise CNN televizyonuna verdi\u011fi r\u00f6portajda, Rusya&#8217;n\u0131n, \u00fclkenin Belgorod b\u00f6lgesine girdi\u011fini iddia etti\u011fi Ukrayna sabotaj grubuyla ilgili soruya, &#8220;bu sald\u0131r\u0131 hakk\u0131nda \u00e7ok fazla bilgileri olmad\u0131\u011f\u0131&#8221; yan\u0131t\u0131n\u0131 verdi. <\/p>\n<p>Bu ki\u015filerin, &#8220;g\u00f6r\u00fcn\u00fc\u015fe g\u00f6re Ukrayna&#8217;daki sava\u015fa sempati duyan Rus k\u00f6kenli sempatizanlar&#8221; oldu\u011funu belirten Kirby, &#8220;Bu gruplar hakk\u0131nda motivasyonlar\u0131n\u0131n ne oldu\u011fu ve bu sald\u0131r\u0131lar\u0131 nas\u0131l ger\u00e7ekle\u015ftirdikleri hakk\u0131nda pek fazla bilgimiz yok.&#8221; diye konu\u015ftu. <\/p>\n<p>Kirby, Ukrayna&#8217;n\u0131n Rusya topraklar\u0131na y\u00f6nelik herhangi bir sald\u0131r\u0131 ger\u00e7ekle\u015ftirmesini te\u015fvik etmediklerinin alt\u0131n\u0131 \u00e7izerek, odak noktalar\u0131n\u0131n Ukrayna&#8217;n\u0131n kendi topraklar\u0131n\u0131 savunabilmesini sa\u011flamak oldu\u011funu kaydetti. <\/p>\n<h3>&#8220;Bu haberlerin ger\u00e7ekli\u011finden \u015f\u00fcphe ediyoruz&#8221;<\/h3>\n<p>D\u0131\u015fi\u015fleri Bakanl\u0131\u011f\u0131 S\u00f6zc\u00fcs\u00fc Matt Miller ise konuya ili\u015fkin soruya \u015fu yan\u0131t\u0131 verdi: <\/p>\n<p>&#8220;ABD&#8217;nin sa\u011flad\u0131\u011f\u0131 silahlar\u0131n, bu sald\u0131r\u0131larda kullan\u0131ld\u0131\u011f\u0131na dair sosyal medya ve di\u011fer mecralardaki haberleri g\u00f6rd\u00fck. Bu haberlerin ger\u00e7ekli\u011finden \u015f\u00fcphe duyuyoruz. Genel bir prensip olarak daha \u00f6nce de dedi\u011fimiz gibi Rusya&#8217;n\u0131n i\u00e7ine y\u00f6nelik sald\u0131r\u0131lar\u0131 tavsiye etmiyoruz ve bunu a\u00e7\u0131k\u00e7a belirttik. Ancak sava\u015f\u0131 nas\u0131l y\u00fcr\u00fctece\u011fi Ukrayna&#8217;ya kalm\u0131\u015f.&#8221; <\/p>\n<p>Belgorod B\u00f6lgesi Valisi Vya\u00e7eslav Gladkov, bug\u00fcn yapt\u0131\u011f\u0131 a\u00e7\u0131klamada, Ukrayna ordusuna ba\u011fl\u0131 sabotaj grubunun Rusya s\u0131n\u0131rlar\u0131na girdi\u011fini, bu grubun etkisiz hale getirilmesi i\u00e7in Rus g\u00fcvenlik g\u00fc\u00e7lerinin \u00f6nlem ald\u0131\u011f\u0131n\u0131 bildirmi\u015fti.<\/p>\n<p>Sosyal medyada, Belgorod b\u00f6lgesinde Rus birliklerince d\u00fczenlenen operasyonda \u00f6ld\u00fcr\u00fcld\u00fc\u011f\u00fc iddia edilen onlarca Ukraynal\u0131 sava\u015f\u00e7\u0131n\u0131n cesetlerinin yan\u0131 s\u0131ra ABD men\u015feli silah ve z\u0131rhl\u0131 ara\u00e7lara ait foto\u011fraflar payla\u015f\u0131lm\u0131\u015ft\u0131.<\/p>\n<p>                            <span class=\"detay-foto-editor\">&#13;<br \/>\n                                <a href=\"https:\/\/www.aa.com.tr\/tr\/p\/abonelik-talep-formu\/1001\" target=\"_blank\" style=\"font-size:12px; color:#444; text-decoration:none;\" rel=\"noopener\">&#13;<br \/>\n                                    Anadolu Ajans\u0131 web sitesinde, AA Haber Ak\u0131\u015f Sistemi (HAS) \u00fczerinden abonelere sunulan haberler, \u00f6zetlenerek yay\u0131mlanmaktad\u0131r. <b style=\"color:#1897F7\">Abonelik i\u00e7in l\u00fctfen ileti\u015fime ge\u00e7iniz.<\/b>&#13;<br \/>\n                                <\/a>&#13;<br \/>\n                            <\/span>\n                        <\/div>\n<p><script>\n\t  window.fbAsyncInit = function() {\n\t\tFB.init({\n\t\t  appId: '1855843514662870',\n\t\t  status : true, \/\/ check login status\n\t\t  cookie : true, \/\/ enable cookies to allow the server to access the session\n\t\t  xfbml  : true  \/\/ parse XFBML\n\t\t});\n\t  };<\/p>\n<p>\t  (function() {\n\t\tvar e = document.createElement('script');\n\t\te.src=\"https:\/\/connect.facebook.net\/tr_TR\/all.js\";\n\t\te.async = true;\n\t\tdocument.getElementById('fb-root').appendChild(e);\n\t  }());\n    <\/script><\/p>\n","protected":false},"excerpt":{"rendered":"<p>ABD Savunma Bakanl\u0131\u011f\u0131 S\u00f6zc\u00fcs\u00fc Tu\u011fgeneral Patrick Ryder, Rusya&#8216;n\u0131n &#8220;bir Ukrayna sabotaj grubunun, ABD men\u015feli silah ve ara\u00e7larla \u00fclkenin Belgorod b\u00f6lgesine girdi\u011fi&#8221; iddias\u0131 \u00fczerine, Washington y\u00f6netiminin, Ukrayna ordusuna Amerikan silahlar\u0131n\u0131 paramiliter gruplara verme veya \u00fclke s\u0131n\u0131rlar\u0131 d\u0131\u015f\u0131nda kullanma izni vermedi\u011fini ve s\u00f6z konusu iddialar\u0131 ara\u015ft\u0131rd\u0131klar\u0131n\u0131 s\u00f6yledi. Rusya&#8217;n\u0131n &#8220;bir Ukrayna sabotaj grubunun Belgorod b\u00f6lgesine girdi\u011fi&#8221; iddias\u0131, Washington&#8217;da [&hellip;]<\/p>\n","protected":false},"author":1,"featured_media":5710,"comment_status":"","ping_status":"","sticky":false,"template":"","format":"standard","meta":[],"categories":[1],"tags":[],"_links":{"self":[{"href":"https:\/\/kraios.app\/news\/wp-json\/wp\/v2\/posts\/5709"}],"collection":[{"href":"https:\/\/kraios.app\/news\/wp-json\/wp\/v2\/posts"}],"about":[{"href":"https:\/\/kraios.app\/news\/wp-json\/wp\/v2\/types\/post"}],"author":[{"embeddable":true,"href":"https:\/\/kraios.app\/news\/wp-json\/wp\/v2\/users\/1"}],"replies":[{"embeddable":true,"href":"https:\/\/kraios.app\/news\/wp-json\/wp\/v2\/comments?post=5709"}],"version-history":[{"count":0,"href":"https:\/\/kraios.app\/news\/wp-json\/wp\/v2\/posts\/5709\/revisions"}],"wp:featuredmedia":[{"embeddable":true,"href":"https:\/\/kraios.app\/news\/wp-json\/wp\/v2\/media\/5710"}],"wp:attachment":[{"href":"https:\/\/kraios.app\/news\/wp-json\/wp\/v2\/media?parent=5709"}],"wp:term":[{"taxonomy":"category","embeddable":true,"href":"https:\/\/kraios.app\/news\/wp-json\/wp\/v2\/categories?post=5709"},{"taxonomy":"post_tag","embeddable":true,"href":"https:\/\/kraios.app\/news\/wp-json\/wp\/v2\/tags?post=5709"}],"curies":[{"name":"wp","href":"https:\/\/api.w.org\/{rel}","templated":true}]}}