{"id":5476,"date":"2023-05-21T11:23:18","date_gmt":"2023-05-21T11:23:18","guid":{"rendered":"https:\/\/kraios.app\/news\/gundem\/2023\/05\/21\/japonya-basbakani-kisidadan-g7nin-ukraynada-baris-ve-nukleersiz-dunya-hedefledigi-mesaji\/"},"modified":"2023-05-21T11:23:18","modified_gmt":"2023-05-21T11:23:18","slug":"japonya-basbakani-kisidadan-g7nin-ukraynada-baris-ve-nukleersiz-dunya-hedefledigi-mesaji","status":"publish","type":"post","link":"https:\/\/kraios.app\/news\/gundem\/2023\/05\/21\/japonya-basbakani-kisidadan-g7nin-ukraynada-baris-ve-nukleersiz-dunya-hedefledigi-mesaji\/","title":{"rendered":"Japonya Ba\u015fbakan\u0131 Ki\u015fida&#8217;dan, G7&#8217;nin Ukrayna&#8217;da bar\u0131\u015f ve n\u00fckleersiz d\u00fcnya hedefledi\u011fi mesaj\u0131"},"content":{"rendered":"<p><\/p>\n<div>\n<p>Japonya&#8217;n\u0131n ev sahipli\u011finde, Hiro\u015fima&#8217;da d\u00fczenlenen G7 Liderler Zirvesi sona erdi. Ev sahibi lider Ki\u015fida, Hiro\u015fima Bar\u0131\u015f An\u0131t\u0131 Park\u0131&#8217;nda, bas\u0131n toplant\u0131s\u0131 d\u00fczenledi.<\/p>\n<p>Zirveye, Ukrayna Devlet Ba\u015fkan\u0131 Volodimir Zelenskiy&#8217;nin kat\u0131lmas\u0131ndan duydu\u011fu memnuniyeti dile getiren Ki\u015fida, bunun, Ukrayna krizine y\u00f6nelik g\u00fc\u00e7l\u00fc mesaj verdi\u011fini kaydetti.<\/p>\n<p>G7&#8217;nin, Ukrayna&#8217;ya &#8220;sars\u0131lmaz dayan\u0131\u015fmas\u0131n\u0131&#8221; ortaya koydu\u011funu belirten Ki\u015fida, Ukrayna&#8217;da adil ve kal\u0131c\u0131 bar\u0131\u015f\u0131n tesis edilmesini hedeflediklerini vurgulad\u0131.<\/p>\n<p>Rusya&#8217;n\u0131n sald\u0131rgan kapasitelerine kar\u015f\u0131 yapt\u0131r\u0131mlar\u0131 g\u00fc\u00e7lendirme karar\u0131 ald\u0131klar\u0131n\u0131 bildiren Ki\u015fida, yapt\u0131r\u0131mlardan ka\u00e7\u0131n\u0131lmas\u0131n\u0131 engellemenin \u00f6nemine de de\u011findi.<\/p>\n<p>\u00c7in&#8217;e, uluslararas\u0131 topluma &#8220;sorumlu davranmas\u0131&#8221; \u00e7a\u011fr\u0131s\u0131 yap\u0131ld\u0131\u011f\u0131n\u0131 ifade eden Ki\u015fida, G7 \u00fclkelerinin, \u00c7in ile &#8220;yap\u0131c\u0131 ve istikrarl\u0131 ili\u015fkiler kurulmas\u0131na&#8221; haz\u0131r oldu\u011funu s\u00f6yledi.<\/p>\n<p>Salg\u0131n, g\u0131da g\u00fcvenli\u011fi, iklim de\u011fi\u015fikli\u011fi gibi sorunlar\u0131n zirvede ele al\u0131nd\u0131\u011f\u0131n\u0131 belirten Ki\u015fida, bunlar\u0131n \u00e7\u00f6z\u00fcm\u00fcne katk\u0131 sunman\u0131n, G7&#8217;nin temel misyonu oldu\u011funu vurgulad\u0131.<\/p>\n<h3>&#8220;N\u00fckleersiz d\u00fcnya&#8221;<\/h3>\n<p>Hiro\u015fima&#8217;daki zirve i\u00e7in &#8220;tarihi \u00f6nemde&#8221; nitelendirmesi yapan Ki\u015fida, n\u00fckleer silahs\u0131z bir d\u00fcnya hedefine y\u00f6nelik mutabakata var\u0131ld\u0131\u011f\u0131n\u0131 s\u00f6yledi.<\/p>\n<p>Stat\u00fckonun g\u00fc\u00e7 kullan\u0131larak de\u011fi\u015ftirilmesinde, n\u00fckleer silah kullan\u0131m\u0131 bir kenara, n\u00fckleer silah tehdidinin bile olmamas\u0131 gerekti\u011fini kaydeden Ki\u015fida, bunun, insanl\u0131\u011f\u0131n hayatta kalmas\u0131 i\u00e7in &#8220;temel bir mesele&#8221; oldu\u011funu belirtti.<\/p>\n<p>Zirve marj\u0131nda a\u00e7\u0131klanan &#8220;Hiro\u015fima Vizyonu&#8221;na de\u011finen Ki\u015fida, &#8220;Torunlar\u0131m\u0131z\u0131n, n\u00fckleerden ar\u0131nd\u0131r\u0131lm\u0131\u015f bir gezegende ya\u015fama idealine do\u011fru ger\u00e7ek\u00e7i ad\u0131mlar at\u0131yoruz.&#8221; dedi.<\/p>\n<p>G7 liderlerinin hep birlikte, Hiro\u015fima Bar\u0131\u015f An\u0131t\u0131 M\u00fczesi&#8217;ni ziyaret etmelerinin \u00f6nemini vurgulayan Ki\u015fida, &#8220;Hayaller ile idealler aras\u0131nda fark vard\u0131r. \u0130dealler ula\u015f\u0131labilirdir.&#8221; ifadesini kulland\u0131.<\/p>\n<p>Liderleri a\u011f\u0131rlamakta Hiro\u015fima&#8217;y\u0131 tercih etmesine y\u00f6nelik Ki\u015fida, &#8220;B\u00f6yle bir kararl\u0131l\u0131\u011f\u0131 iletmek i\u00e7in bar\u0131\u015f taahh\u00fcd\u00fcn\u00fc simgeleyen Hiro\u015fima&#8217;dan daha uygun bir yer yok.&#8221; dedi.<\/p>\n<p>                            <span class=\"detay-foto-editor\">&#13;<br \/>\n                                <a href=\"https:\/\/www.aa.com.tr\/tr\/p\/abonelik-talep-formu\/1001\" target=\"_blank\" style=\"font-size:12px; color:#444; text-decoration:none;\" rel=\"noopener\">&#13;<br \/>\n                                    Anadolu Ajans\u0131 web sitesinde, AA Haber Ak\u0131\u015f Sistemi (HAS) \u00fczerinden abonelere sunulan haberler, \u00f6zetlenerek yay\u0131mlanmaktad\u0131r. <b style=\"color:#1897F7\">Abonelik i\u00e7in l\u00fctfen ileti\u015fime ge\u00e7iniz.<\/b>&#13;<br \/>\n                                <\/a>&#13;<br \/>\n                            <\/span>\n                        <\/div>\n<p><script>\n\t  window.fbAsyncInit = function() {\n\t\tFB.init({\n\t\t  appId: '1855843514662870',\n\t\t  status : true, \/\/ check login status\n\t\t  cookie : true, \/\/ enable cookies to allow the server to access the session\n\t\t  xfbml  : true  \/\/ parse XFBML\n\t\t});\n\t  };<\/p>\n<p>\t  (function() {\n\t\tvar e = document.createElement('script');\n\t\te.src=\"https:\/\/connect.facebook.net\/tr_TR\/all.js\";\n\t\te.async = true;\n\t\tdocument.getElementById('fb-root').appendChild(e);\n\t  }());\n    <\/script><\/p>\n","protected":false},"excerpt":{"rendered":"<p>Japonya&#8217;n\u0131n ev sahipli\u011finde, Hiro\u015fima&#8217;da d\u00fczenlenen G7 Liderler Zirvesi sona erdi. Ev sahibi lider Ki\u015fida, Hiro\u015fima Bar\u0131\u015f An\u0131t\u0131 Park\u0131&#8217;nda, bas\u0131n toplant\u0131s\u0131 d\u00fczenledi. Zirveye, Ukrayna Devlet Ba\u015fkan\u0131 Volodimir Zelenskiy&#8217;nin kat\u0131lmas\u0131ndan duydu\u011fu memnuniyeti dile getiren Ki\u015fida, bunun, Ukrayna krizine y\u00f6nelik g\u00fc\u00e7l\u00fc mesaj verdi\u011fini kaydetti. G7&#8217;nin, Ukrayna&#8217;ya &#8220;sars\u0131lmaz dayan\u0131\u015fmas\u0131n\u0131&#8221; ortaya koydu\u011funu belirten Ki\u015fida, Ukrayna&#8217;da adil ve kal\u0131c\u0131 bar\u0131\u015f\u0131n tesis [&hellip;]<\/p>\n","protected":false},"author":1,"featured_media":5477,"comment_status":"","ping_status":"","sticky":false,"template":"","format":"standard","meta":[],"categories":[1],"tags":[],"_links":{"self":[{"href":"https:\/\/kraios.app\/news\/wp-json\/wp\/v2\/posts\/5476"}],"collection":[{"href":"https:\/\/kraios.app\/news\/wp-json\/wp\/v2\/posts"}],"about":[{"href":"https:\/\/kraios.app\/news\/wp-json\/wp\/v2\/types\/post"}],"author":[{"embeddable":true,"href":"https:\/\/kraios.app\/news\/wp-json\/wp\/v2\/users\/1"}],"replies":[{"embeddable":true,"href":"https:\/\/kraios.app\/news\/wp-json\/wp\/v2\/comments?post=5476"}],"version-history":[{"count":0,"href":"https:\/\/kraios.app\/news\/wp-json\/wp\/v2\/posts\/5476\/revisions"}],"wp:featuredmedia":[{"embeddable":true,"href":"https:\/\/kraios.app\/news\/wp-json\/wp\/v2\/media\/5477"}],"wp:attachment":[{"href":"https:\/\/kraios.app\/news\/wp-json\/wp\/v2\/media?parent=5476"}],"wp:term":[{"taxonomy":"category","embeddable":true,"href":"https:\/\/kraios.app\/news\/wp-json\/wp\/v2\/categories?post=5476"},{"taxonomy":"post_tag","embeddable":true,"href":"https:\/\/kraios.app\/news\/wp-json\/wp\/v2\/tags?post=5476"}],"curies":[{"name":"wp","href":"https:\/\/api.w.org\/{rel}","templated":true}]}}