{"id":5390,"date":"2023-05-20T06:20:05","date_gmt":"2023-05-20T06:20:05","guid":{"rendered":"https:\/\/kraios.app\/news\/gundem\/2023\/05\/20\/turkiye-ve-dunya-gundemi-5\/"},"modified":"2023-05-20T06:20:05","modified_gmt":"2023-05-20T06:20:05","slug":"turkiye-ve-dunya-gundemi-5","status":"publish","type":"post","link":"https:\/\/kraios.app\/news\/gundem\/2023\/05\/20\/turkiye-ve-dunya-gundemi-5\/","title":{"rendered":"T\u00fcrkiye ve d\u00fcnya g\u00fcndemi"},"content":{"rendered":"<p><\/p>\n<div>\n<p>1- Cumhurba\u015fkan\u0131 Yard\u0131mc\u0131s\u0131 Fuat Oktay, Sincan Fuar ve Kongre Merkezi&#8217;nde, \u00c7orum \u0130li ve \u0130l\u00e7eleri Derne\u011fi temsilcileriyle bulu\u015facak.<\/p>\n<p>(Ankara\/19.45) (Foto\u011frafl\u0131-G\u00f6r\u00fcnt\u00fcl\u00fc)<\/p>\n<p>YASAMA Y\u00dcR\u00dcTME S\u0130YASET<\/p>\n<p>1- \u00c7evre, \u015eehircilik ve \u0130klim De\u011fi\u015fikli\u011fi Bakan\u0131 Murat Kurum, AK Parti Tuzla te\u015fkilat\u0131n\u0131 ziyaret edecek, Tuzla \u0130stasyon Caddesi esnaf\u0131n\u0131 ve Gen\u00e7 Karadenizliler Derne\u011fini ziyaret edecek, AyY\u0131ld\u0131z Sosyal Tesisleri&#8217;nde site sakinleriyle toplant\u0131 yapacak, partisinin Sultanbeyli te\u015fkilat\u0131 ve Begler Derne\u011fine ziyarette bulunacak, Sultanbeylili gen\u00e7lerle bulu\u015facak.<\/p>\n<p>(\u0130stanbul\/11.00-20.00) (Foto\u011frafl\u0131-G\u00f6r\u00fcnt\u00fcl\u00fc)<\/p>\n<p>2- \u0130\u00e7i\u015fleri Bakan\u0131 S\u00fcleyman Soylu, \u015ei\u015fli&#8217;de, &#8221;N\u00fcfus, AFAD, G\u00f6\u00e7, Sivil Toplumla \u0130li\u015fkiler ve 112 personeli ile kahvalt\u0131&#8221; program\u0131na i\u015ftirak edecek.<\/p>\n<p>(\u0130stanbul\/09.30) (Foto\u011frafl\u0131-G\u00f6r\u00fcnt\u00fcl\u00fc)<\/p>\n<p>3- AK Parti Genel Ba\u015fkanvekili Numan Kurtulmu\u015f, \u00c7ekmek\u00f6y Do\u011fa Park&#8217;ta kad\u0131nlar ile \u00e7ay bulu\u015fmas\u0131na kat\u0131lacak, \u00c7ekmek\u00f6y Belediyesi Ormank\u00f6y Tesisi&#8217;ni ziyaret edecek.<\/p>\n<p>(\u0130stanbul\/17.00\/18.00) (Foto\u011frafl\u0131-G\u00f6r\u00fcnt\u00fcl\u00fc)<\/p>\n<p>4- \u0130Y\u0130 Parti Genel Ba\u015fkan\u0131 Meral Ak\u015fener, parti genel merkezinde bas\u0131n toplant\u0131s\u0131 d\u00fczenleyecek.<\/p>\n<p>(Ankara\/13.00) (Foto\u011frafl\u0131-G\u00f6r\u00fcnt\u00fcl\u00fc)<\/p>\n<p>EKONOM\u0130 F\u0130NANS<\/p>\n<p>1- Enerji ve Tabii Kaynaklar Bakan\u0131 Fatih D\u00f6nmez, ya\u011fmur duas\u0131na, &#8220;Cumhur Bulu\u015fuyor&#8221; etkinli\u011fine ve Kurulu\u015ftan Kurtulu\u015fa 1919 Halk Danslar\u0131 G\u00f6sterisi&#8217;ne i\u015ftirak edecek.<\/p>\n<p>(Eski\u015fehir\/12.00\/19.00\/20.30) (Foto\u011frafl\u0131-G\u00f6r\u00fcnt\u00fcl\u00fc)<\/p>\n<p>2- Sanayi ve Teknoloji Bakan\u0131 Mustafa Varank, AK Parti \u0130l Ba\u015fkanl\u0131\u011f\u0131 54. Geni\u015fletilmi\u015f \u0130l Dan\u0131\u015fma Toplant\u0131s\u0131&#8217;na kat\u0131lacak.<\/p>\n<p>(Bursa\/15.00) (Foto\u011frafl\u0131-G\u00f6r\u00fcnt\u00fcl\u00fc)<\/p>\n<p>D\u00dcNYA D\u0130PLOMAS\u0130<\/p>\n<p>1- T\u00fcrkiye\u2019deki Cumhurba\u015fkanl\u0131\u011f\u0131 Se\u00e7imi\u2019nin ikinci turu i\u00e7in, yurt d\u0131\u015f\u0131 temsilciliklerinde ve g\u00fcmr\u00fck kap\u0131lar\u0131nda oy kullanma s\u00fcreci ba\u015flayacak. <\/p>\n<p>(Foto\u011frafl\u0131-G\u00f6r\u00fcnt\u00fcl\u00fc)<\/p>\n<p>2- Japonya\u2019n\u0131n Hiro\u015fima kentinde d\u00fczenlenen G7 Liderler Zirvesi ikinci g\u00fcn\u00fcnde devam edecek.<\/p>\n<p>(Hiro\u015fima) (Foto\u011frafl\u0131-G\u00f6r\u00fcnt\u00fcl\u00fc)<\/p>\n<p>SPOR<\/p>\n<p>1- Gen\u00e7lik ve Spor Bakan\u0131 Mehmet Muharrem Kasapo\u011flu, Menemen&#8217;de 13. Emiralem \u00c7ilek Festivali\u2019ne kat\u0131lacak.<\/p>\n<p>(\u0130zmir\/17.00) (Foto\u011frafl\u0131-G\u00f6r\u00fcnt\u00fcl\u00fc)<\/p>\n<p>2- Voleybolda CEV Kad\u0131nlar \u015eampiyonlar Ligi S\u00fcper Finali&#8217;nde Vak\u0131fBank ile Eczac\u0131ba\u015f\u0131 Dynavit, \u0130talya&#8217;da kar\u015f\u0131 kar\u015f\u0131ya gelecek.<\/p>\n<p>(Torino\/18.30) (Foto\u011frafl\u0131)<\/p>\n<p>3- Spor Toto S\u00fcper Lig&#8217;de 35. hafta m\u00fccadelesi ba\u015flayacak; Kas\u0131mpa\u015fa-\u0130stanbulspor, Galatasaray-Demir Grup Sivasspor ve Yukatel Kayserispor-Corendon Alanyaspor ma\u00e7lar\u0131 yap\u0131lacak.<\/p>\n<p>(\u0130stanbul\/16.00\/19.00\/Kayseri\/19.00) (Foto\u011frafl\u0131)<\/p>\n<p>4- Spor Toto 1. Lig&#8217;de 38. ve normal sezonun son haftas\u0131n\u0131n a\u00e7\u0131l\u0131\u015f ma\u00e7\u0131nda Altay, Tuzlaspor&#8217;u konuk edecek.<\/p>\n<p>(\u0130zmir\/19.00) (Foto\u011frafl\u0131)<\/p>\n<p>5- TFF 2. Lig&#8217;de 38. hafta, TFF 3. Lig&#8217;de ise 34. hafta ma\u00e7lar\u0131yla normal sezonlar tamamlanacak.<\/p>\n<p>6- T\u00fcrkiye Sigorta Basketbol S\u00fcper Ligi&#8217;nde normal sezonun 30&#8217;uncu ve son haftas\u0131na Galatasaray Nef-Manisa B\u00fcy\u00fck\u015fehir Belediyespor, Gaziantep Basketbol-Dar\u00fc\u015f\u015fafaka Lassa, Be\u015fikta\u015f Emlakjet-Onvo B\u00fcy\u00fck\u00e7ekmece Basketbol ve TOFA\u015e-Bah\u00e7e\u015fehir Koleji ma\u00e7lar\u0131yla devam edilecek.<\/p>\n<p>(\u0130stanbul\/15.30\/15.30\/15.30\/Bursa\/15.30) (Foto\u011frafl\u0131)<\/p>\n<p>7- Turkcell Kad\u0131n Futbol S\u00fcper Ligi&#8217;nin yar\u0131 final r\u00f6van\u015flar\u0131nda Galatasaray Petrol Ofisi-Fenerbah\u00e7e Petrol Ofisi ve ALG Spor-Ankara B\u00fcy\u00fck\u015fehir Belediyesi FOMGET ma\u00e7lar\u0131 yap\u0131lacak.<\/p>\n<p>(\u0130stanbul\/12.00\/Gaziantep\/15.00) (Foto\u011frafl\u0131)<\/p>\n<p>                            <span class=\"detay-foto-editor\">&#13;<br \/>\n                                <a href=\"https:\/\/www.aa.com.tr\/tr\/p\/abonelik-talep-formu\/1001\" target=\"_blank\" style=\"font-size:12px; color:#444; text-decoration:none;\" rel=\"noopener\">&#13;<br \/>\n                                    Anadolu Ajans\u0131 web sitesinde, AA Haber Ak\u0131\u015f Sistemi (HAS) \u00fczerinden abonelere sunulan haberler, \u00f6zetlenerek yay\u0131mlanmaktad\u0131r. <b style=\"color:#1897F7\">Abonelik i\u00e7in l\u00fctfen ileti\u015fime ge\u00e7iniz.<\/b>&#13;<br \/>\n                                <\/a>&#13;<br \/>\n                            <\/span>\n                        <\/div>\n<p><script>\n\t  window.fbAsyncInit = function() {\n\t\tFB.init({\n\t\t  appId: '1855843514662870',\n\t\t  status : true, \/\/ check login status\n\t\t  cookie : true, \/\/ enable cookies to allow the server to access the session\n\t\t  xfbml  : true  \/\/ parse XFBML\n\t\t});\n\t  };<\/p>\n<p>\t  (function() {\n\t\tvar e = document.createElement('script');\n\t\te.src=\"https:\/\/connect.facebook.net\/tr_TR\/all.js\";\n\t\te.async = true;\n\t\tdocument.getElementById('fb-root').appendChild(e);\n\t  }());\n    <\/script><\/p>\n","protected":false},"excerpt":{"rendered":"<p>1- Cumhurba\u015fkan\u0131 Yard\u0131mc\u0131s\u0131 Fuat Oktay, Sincan Fuar ve Kongre Merkezi&#8217;nde, \u00c7orum \u0130li ve \u0130l\u00e7eleri Derne\u011fi temsilcileriyle bulu\u015facak. (Ankara\/19.45) (Foto\u011frafl\u0131-G\u00f6r\u00fcnt\u00fcl\u00fc) YASAMA Y\u00dcR\u00dcTME S\u0130YASET 1- \u00c7evre, \u015eehircilik ve \u0130klim De\u011fi\u015fikli\u011fi Bakan\u0131 Murat Kurum, AK Parti Tuzla te\u015fkilat\u0131n\u0131 ziyaret edecek, Tuzla \u0130stasyon Caddesi esnaf\u0131n\u0131 ve Gen\u00e7 Karadenizliler Derne\u011fini ziyaret edecek, AyY\u0131ld\u0131z Sosyal Tesisleri&#8217;nde site sakinleriyle toplant\u0131 yapacak, partisinin [&hellip;]<\/p>\n","protected":false},"author":1,"featured_media":5391,"comment_status":"","ping_status":"","sticky":false,"template":"","format":"standard","meta":[],"categories":[1],"tags":[],"_links":{"self":[{"href":"https:\/\/kraios.app\/news\/wp-json\/wp\/v2\/posts\/5390"}],"collection":[{"href":"https:\/\/kraios.app\/news\/wp-json\/wp\/v2\/posts"}],"about":[{"href":"https:\/\/kraios.app\/news\/wp-json\/wp\/v2\/types\/post"}],"author":[{"embeddable":true,"href":"https:\/\/kraios.app\/news\/wp-json\/wp\/v2\/users\/1"}],"replies":[{"embeddable":true,"href":"https:\/\/kraios.app\/news\/wp-json\/wp\/v2\/comments?post=5390"}],"version-history":[{"count":0,"href":"https:\/\/kraios.app\/news\/wp-json\/wp\/v2\/posts\/5390\/revisions"}],"wp:featuredmedia":[{"embeddable":true,"href":"https:\/\/kraios.app\/news\/wp-json\/wp\/v2\/media\/5391"}],"wp:attachment":[{"href":"https:\/\/kraios.app\/news\/wp-json\/wp\/v2\/media?parent=5390"}],"wp:term":[{"taxonomy":"category","embeddable":true,"href":"https:\/\/kraios.app\/news\/wp-json\/wp\/v2\/categories?post=5390"},{"taxonomy":"post_tag","embeddable":true,"href":"https:\/\/kraios.app\/news\/wp-json\/wp\/v2\/tags?post=5390"}],"curies":[{"name":"wp","href":"https:\/\/api.w.org\/{rel}","templated":true}]}}