{"id":5380,"date":"2023-05-20T01:20:21","date_gmt":"2023-05-20T01:20:21","guid":{"rendered":"https:\/\/kraios.app\/news\/gundem\/2023\/05\/20\/ak-parti-turkiyenin-merkezine-oturdu-ve-yeni-bir-merkez-insa-etti\/"},"modified":"2023-05-20T01:20:21","modified_gmt":"2023-05-20T01:20:21","slug":"ak-parti-turkiyenin-merkezine-oturdu-ve-yeni-bir-merkez-insa-etti","status":"publish","type":"post","link":"https:\/\/kraios.app\/news\/gundem\/2023\/05\/20\/ak-parti-turkiyenin-merkezine-oturdu-ve-yeni-bir-merkez-insa-etti\/","title":{"rendered":"&#8216;AK Parti, T\u00fcrkiye&#8217;nin merkezine oturdu ve yeni bir merkez in\u015fa etti&#8217;"},"content":{"rendered":"<p><\/p>\n<div>\n<p>TV100&#8217;de kat\u0131ld\u0131\u011f\u0131 &#8220;Az \u00d6nce Konu\u015ftum&#8221; program\u0131nda Canda\u015f Tolga I\u015f\u0131k&#8217;\u0131n g\u00fcndeme dair sorular\u0131n\u0131 yan\u0131tlayan AK Parti Genel Ba\u015fkanvekili Numan Kurtulmu\u015f, ilk kez genel ba\u015fkan\u0131n\u0131 cumhurba\u015fkan\u0131 aday\u0131 g\u00f6steren CHP&#8217;nin, \u00e7ok say\u0131da partiyi, fikir ve siyaset merkezlerini etraf\u0131nda toplayarak ittifak olu\u015fturmas\u0131na, yurt d\u0131\u015f\u0131ndan baz\u0131 a\u00e7\u0131k destekleri de arkas\u0131na almas\u0131na ra\u011fmen se\u00e7imin kaybedeni oldu\u011funu s\u00f6yledi.<\/p>\n<p>Se\u00e7imin bir di\u011fer kaybedeninin de HDP oldu\u011funu ifade eden Kurtulmu\u015f, oy oranlar\u0131 y\u00fczde 13-15 civar\u0131nda oldu\u011fu iddia edilen bu partinin oyunun y\u00fczde 9&#8217;un alt\u0131na d\u00fc\u015ft\u00fc\u011f\u00fcn\u00fc, \u00e7ok oy bekledikleri metropollerde de beklentilerinin gerisinde kald\u0131klar\u0131n\u0131 dile getirdi. <\/p>\n<p>Kurtulmu\u015f, HDP&#8217;nin ter\u00f6rle aras\u0131na mesafe koyamamas\u0131n\u0131n sorun oldu\u011funu, K\u00fcrt halk\u0131n\u0131n da ter\u00f6r\u00fcn a\u011f\u0131r faturas\u0131n\u0131 bu partiye kesti\u011fini ifade etti.<\/p>\n<p>Cumhur \u0130ttifak\u0131&#8217;n\u0131n se\u00e7im s\u00fcrecinde Millet \u0130ttifak\u0131 gibi al-ver pazarl\u0131\u011f\u0131 i\u00e7inde olmad\u0131\u011f\u0131n\u0131 belirten Kurtulmu\u015f, T\u00fcrkiye&#8217;nin tam ba\u011f\u0131ms\u0131z bir \u00fclke olmas\u0131, g\u00fc\u00e7l\u00fc bir at\u0131l\u0131m yapmas\u0131 gibi konularda ko\u015fulsuz bir anlay\u0131\u015f ortakl\u0131\u011f\u0131 i\u00e7inde hareket ettiklerini s\u00f6yledi.<\/p>\n<p>Kurtulmu\u015f, &#8220;AK Parti asl\u0131nda T\u00fcrkiye siyasetinde bir \u015fey yapt\u0131. T\u00fcrkiye siyasetinde normal, eski sa\u011f-sol tan\u0131mlar\u0131 vard\u0131, eski merkezler vard\u0131. Muhitten gelen bir siyasi hareket olarak AK Parti, T\u00fcrkiye&#8217;nin merkezine oturdu ve yeni bir merkez in\u015fa etti.&#8221; dedi.<\/p>\n<p>\u0130nsanlar\u0131n Togg&#8217;a ilgisini \u00f6rnek g\u00f6steren Kurtulmu\u015f, &#8220;Bu millet araba g\u00f6rmemi\u015f bir millet de\u011fil. Togg&#8217;a dokunurken milli onurunun y\u00fcceldi\u011fini g\u00f6r\u00fcyor. Ben yakla\u015f\u0131k 2,5 saat TEKNOFEST&#8217;te vakit ge\u00e7irdim. Orada y\u00fcz binlerce insan\u0131n o co\u015fkusu ba\u015fka bir \u015fey. Yerli olmak. &#8216;Biz de yapabiliriz, elin o\u011fluyla m\u00fccadele ederiz, ondan daha iyisini yapabiliriz.&#8217; AK Parti bu duyguyu peki\u015ftire peki\u015ftire T\u00fcrkiye&#8217;de milli, yerli \u00e7izgiyi tahkim ederek geliyor.&#8221; diye konu\u015ftu. <\/p>\n<p>Kurtulmu\u015f, muhalefetin ise Togg, TCG Anadolu gemisi, H\u00fcrku\u015f u\u00e7a\u011f\u0131, Karadeniz gaz\u0131 gibi yerli ve milli \u00fcretimden rahats\u0131zl\u0131k duydu\u011funu s\u00f6yledi. <\/p>\n<p>Partilerin isimlerinin, tabelalar\u0131n\u0131n ve siyasi fig\u00fcrlerin de\u011fi\u015fti\u011fini ancak siyasetin sosyoloji \u00fczerinde geli\u015fti\u011fini ifade eden Kurtulmu\u015f, Osmanl\u0131&#8217;n\u0131n son d\u00f6nemlerinden itibaren T\u00fcrkiye&#8217;de iki farkl\u0131 siyasi \u00e7izginin var oldu\u011funu, bunlardan birinin Bat\u0131 medeniyeti kar\u015f\u0131s\u0131nda yenilmedi\u011fini, kendi milli ruhu, kimli\u011fi ve medeniyeti \u00fczerinden yeniden y\u00fckselebilece\u011fine inanan \u00e7izgi oldu\u011funu, di\u011fer tarafta da Cumhuriyet Halk Partisinin merkezde oldu\u011fu ve kendini sol olarak tan\u0131mlayan \u00e7izgidekilerin yer ald\u0131\u011f\u0131n\u0131 belirtti. <\/p>\n<h3>Saadet Partisi ele\u015ftirisi<\/h3>\n<p>Kurtulmu\u015f, Saadet Partisinin Millet \u0130ttifak\u0131 i\u00e7inde yer almas\u0131na ili\u015fkin \u015fu de\u011ferlendirmeyi yapt\u0131:<\/p>\n<p>&#8220;Kimseyi k\u0131rmak i\u00e7in s\u00f6ylemiyorum ama Say\u0131n K\u0131l\u0131\u00e7daro\u011flu&#8217;nun adayl\u0131\u011f\u0131n\u0131n ilan edildi\u011fi g\u00fcn bunun Saadet Partisinin genel merkezinde ilan edilmi\u015f olmas\u0131 ve orada 28 \u015eubat s\u00fcrecini hat\u0131rlatan &#8216;T\u00fcrkiye laiktir, laik kalacak.&#8217; sloganlar\u0131n\u0131n at\u0131lmas\u0131, \u0130zmir Mar\u015f\u0131&#8217;n\u0131n s\u00f6ylenmesi\u2026 Zaten Milli G\u00f6r\u00fc\u015f&#8217;\u00fcn en temel bask\u0131n \u00f6zelliklerinden birisi Cumhuriyet Halk F\u0131rkas\u0131 zihniyetine kar\u015f\u0131 olmas\u0131d\u0131r. B\u00f6yle bir kar\u015f\u0131tl\u0131k \u00fczerinde fikri tekam\u00fcl\u00fcn\u00fc tamamlam\u0131\u015f olan bir siyasi \u00e7izginin maalesef 2023 se\u00e7imleri i\u00e7in tam da kar\u015f\u0131daki olan adaya destek vermi\u015f olmas\u0131, Milli G\u00f6r\u00fc\u015f&#8217;\u00fc ger\u00e7ekten seven, anlam\u0131\u015f olan geni\u015f kitlelerde bir hayal k\u0131r\u0131kl\u0131\u011f\u0131 olu\u015fturdu.&#8221; <\/p>\n<p>Kurtulmu\u015f, Saadet Partisinin CHP&#8217;ye verdi\u011fi deste\u011fin 28 \u015eubat&#8217;\u0131n palet \u015fak\u0131rt\u0131lar\u0131n\u0131 hat\u0131rlatt\u0131\u011f\u0131n\u0131, Saadet Partisi se\u00e7meninin bu destekten rahats\u0131zl\u0131k duydu\u011funu, Yeniden Refah Partisinin oylar\u0131ndaki art\u0131\u015f\u0131n da bu rahats\u0131zl\u0131\u011f\u0131n g\u00f6stergesi oldu\u011funu s\u00f6yledi. <\/p>\n<h3>Sinan O\u011fan ve H\u00dcDA PAR de\u011ferlendirmesi<\/h3>\n<p>Se\u00e7imin ilk turunda Ata \u0130ttifak\u0131&#8217;n\u0131n cumhurba\u015fkan\u0131 aday\u0131 olan Sinan O\u011fan ile Cumhurba\u015fkan\u0131 Recep Tayyip Erdo\u011fan&#8217;\u0131n g\u00f6r\u00fc\u015fmesinin hat\u0131rlat\u0131lmas\u0131 \u00fczerine Kurtulmu\u015f, g\u00f6r\u00fc\u015fmenin i\u00e7eri\u011fini bilmedi\u011fini ancak O\u011fan&#8217;a oy veren kitlenin b\u00fcy\u00fck oranda Cumhur \u0130ttifak\u0131&#8217;na destek olaca\u011f\u0131n\u0131 zannetti\u011fini ifade etti. <\/p>\n<p>H\u00dcDA PAR&#8217;\u0131n Cumhur \u0130ttifak\u0131 ile birlikte se\u00e7ime girmesine y\u00f6nelik ele\u015ftirilere de yan\u0131t veren Kurtulmu\u015f, H\u00dcDA PAR&#8217;\u0131n ter\u00f6rle hi\u00e7bir ilgileri olmad\u0131\u011f\u0131na ili\u015fkin a\u00e7\u0131ktan defalarca a\u00e7\u0131klama yapt\u0131\u011f\u0131n\u0131 kaydetti.<\/p>\n<p>&#8220;Burada temel kriter, ter\u00f6re mesafe koymu\u015f olmalar\u0131 ve bunu net ifade etmi\u015f olmalar\u0131.&#8221; diyen Kurtulmu\u015f, \u015f\u00f6yle devam etti:<\/p>\n<p>&#8220;HDP ile H\u00dcDA PAR&#8217;\u0131 ay\u0131ran temel noktalardan birisi de \u00fclkenin b\u00f6l\u00fcnmez b\u00fct\u00fcnl\u00fc\u011f\u00fcd\u00fcr. B\u00f6l\u00fcnmez b\u00fct\u00fcnl\u00fc\u011f\u00fc savunduklar\u0131 i\u00e7in zaten Cumhur \u0130ttifak\u0131&#8217;n\u0131n i\u00e7inde yer al\u0131yorlar. Burada duyulan endi\u015fe \u015fudur. \u015e\u00f6yle bir alg\u0131 olu\u015fturmaya \u00e7al\u0131\u015f\u0131yorlar; &#8216;K\u00fcrtlerin tek temsilcisi HDP&#8217;dir.&#8217; H\u00dcDA PAR da diyor ki &#8216;Hay\u0131r, \u00f6yle de\u011fil, ben de K\u00fcrt halk\u0131ndan oy al\u0131yorum.&#8217; T\u00fcrkiye&#8217;de K\u00fcrtlerin birinci partisi AK Parti&#8217;dir. Ge\u00e7mi\u015f se\u00e7imlerde de b\u00f6yle olmu\u015ftur.&#8221; <\/p>\n<h3>\u0130kinci tur tahmini<\/h3>\n<p>T\u00fcrkiye&#8217;de oyunu kullan\u0131p demokrasiye sahip \u00e7\u0131kanlar\u0131n say\u0131s\u0131n\u0131n Avrupa \u00fclkeleri ve ABD&#8217;nin \u00e7ok \u00fczerinde oldu\u011funa i\u015faret eden Kurtulmu\u015f, cumhurba\u015fkan\u0131 se\u00e7iminin ikinci turuna daha \u00e7ok kat\u0131l\u0131m olaca\u011f\u0131 kanaatini dile getirdi.<\/p>\n<p>Kurtulmu\u015f, Cumhurba\u015fkan\u0131 Erdo\u011fan ile AK Parti&#8217;ye g\u00fcven duyuldu\u011fu ve aktif \u00e7al\u0131\u015fmalar g\u00f6r\u00fcld\u00fc\u011f\u00fc i\u00e7in deprem b\u00f6lgesinde y\u00fcksek oranda oy ald\u0131klar\u0131n\u0131 s\u00f6yledi.<\/p>\n<p>\u0130kinci tura ili\u015fkin tahmininin sorulmas\u0131 \u00fczerine Kurtulmu\u015f, &#8220;Recep Tayyip Erdo\u011fan, kimsenin &#8216;g\u0131k&#8217; diyemeyece\u011fi bir oranda oy alarak yeniden cumhurba\u015fkan\u0131 se\u00e7ilecektir.&#8221; ifadesini kulland\u0131.<\/p>\n<p>Kurtulmu\u015f, 2024&#8217;te yap\u0131lacak yerel se\u00e7imlere ili\u015fkin ise \u015funlar\u0131 kaydetti:<\/p>\n<p>&#8220;\u00d6n\u00fcm\u00fczdeki martta yapaca\u011f\u0131m\u0131z bir yerel se\u00e7im var. Hem \u0130stanbul&#8217;da hem b\u00fct\u00fcn \u015fehirlerimizde, b\u00fct\u00fcn il\u00e7elerimizde kuvvetli taraflar\u0131m\u0131z\u0131, zay\u0131f taraflar\u0131m\u0131z\u0131 g\u00f6zden ge\u00e7irece\u011fiz, tedbirlerimizi almaya \u00e7al\u0131\u015faca\u011f\u0131z. Hem te\u015fkilat itibar\u0131yla hem belediyelerimizin \u00e7al\u0131\u015fmalar\u0131n\u0131n g\u00f6zden ge\u00e7irilmesi bak\u0131m\u0131ndan de\u011ferlendirmelerimizi yapaca\u011f\u0131z ve yolumuza devam edece\u011fiz.&#8221; <\/p>\n<p>                            <span class=\"detay-foto-editor\">&#13;<br \/>\n                                <a href=\"https:\/\/www.aa.com.tr\/tr\/p\/abonelik-talep-formu\/1001\" target=\"_blank\" style=\"font-size:12px; color:#444; text-decoration:none;\" rel=\"noopener\">&#13;<br \/>\n                                    Anadolu Ajans\u0131 web sitesinde, AA Haber Ak\u0131\u015f Sistemi (HAS) \u00fczerinden abonelere sunulan haberler, \u00f6zetlenerek yay\u0131mlanmaktad\u0131r. <b style=\"color:#1897F7\">Abonelik i\u00e7in l\u00fctfen ileti\u015fime ge\u00e7iniz.<\/b>&#13;<br \/>\n                                <\/a>&#13;<br \/>\n                            <\/span>\n                        <\/div>\n<p><script>\n\t  window.fbAsyncInit = function() {\n\t\tFB.init({\n\t\t  appId: '1855843514662870',\n\t\t  status : true, \/\/ check login status\n\t\t  cookie : true, \/\/ enable cookies to allow the server to access the session\n\t\t  xfbml  : true  \/\/ parse XFBML\n\t\t});\n\t  };<\/p>\n<p>\t  (function() {\n\t\tvar e = document.createElement('script');\n\t\te.src=\"https:\/\/connect.facebook.net\/tr_TR\/all.js\";\n\t\te.async = true;\n\t\tdocument.getElementById('fb-root').appendChild(e);\n\t  }());\n    <\/script><\/p>\n","protected":false},"excerpt":{"rendered":"<p>TV100&#8217;de kat\u0131ld\u0131\u011f\u0131 &#8220;Az \u00d6nce Konu\u015ftum&#8221; program\u0131nda Canda\u015f Tolga I\u015f\u0131k&#8217;\u0131n g\u00fcndeme dair sorular\u0131n\u0131 yan\u0131tlayan AK Parti Genel Ba\u015fkanvekili Numan Kurtulmu\u015f, ilk kez genel ba\u015fkan\u0131n\u0131 cumhurba\u015fkan\u0131 aday\u0131 g\u00f6steren CHP&#8217;nin, \u00e7ok say\u0131da partiyi, fikir ve siyaset merkezlerini etraf\u0131nda toplayarak ittifak olu\u015fturmas\u0131na, yurt d\u0131\u015f\u0131ndan baz\u0131 a\u00e7\u0131k destekleri de arkas\u0131na almas\u0131na ra\u011fmen se\u00e7imin kaybedeni oldu\u011funu s\u00f6yledi. Se\u00e7imin bir di\u011fer kaybedeninin [&hellip;]<\/p>\n","protected":false},"author":1,"featured_media":5381,"comment_status":"","ping_status":"","sticky":false,"template":"","format":"standard","meta":[],"categories":[1],"tags":[],"_links":{"self":[{"href":"https:\/\/kraios.app\/news\/wp-json\/wp\/v2\/posts\/5380"}],"collection":[{"href":"https:\/\/kraios.app\/news\/wp-json\/wp\/v2\/posts"}],"about":[{"href":"https:\/\/kraios.app\/news\/wp-json\/wp\/v2\/types\/post"}],"author":[{"embeddable":true,"href":"https:\/\/kraios.app\/news\/wp-json\/wp\/v2\/users\/1"}],"replies":[{"embeddable":true,"href":"https:\/\/kraios.app\/news\/wp-json\/wp\/v2\/comments?post=5380"}],"version-history":[{"count":0,"href":"https:\/\/kraios.app\/news\/wp-json\/wp\/v2\/posts\/5380\/revisions"}],"wp:featuredmedia":[{"embeddable":true,"href":"https:\/\/kraios.app\/news\/wp-json\/wp\/v2\/media\/5381"}],"wp:attachment":[{"href":"https:\/\/kraios.app\/news\/wp-json\/wp\/v2\/media?parent=5380"}],"wp:term":[{"taxonomy":"category","embeddable":true,"href":"https:\/\/kraios.app\/news\/wp-json\/wp\/v2\/categories?post=5380"},{"taxonomy":"post_tag","embeddable":true,"href":"https:\/\/kraios.app\/news\/wp-json\/wp\/v2\/tags?post=5380"}],"curies":[{"name":"wp","href":"https:\/\/api.w.org\/{rel}","templated":true}]}}