{"id":5311,"date":"2023-05-19T01:29:50","date_gmt":"2023-05-19T01:29:50","guid":{"rendered":"https:\/\/kraios.app\/news\/gundem\/2023\/05\/19\/eger-bir-manipulasyon-konusu-konusulacaksa-270-bin-oyla-ikinci-tura-giden-bizim-konusmamiz-lazim\/"},"modified":"2023-05-19T01:29:50","modified_gmt":"2023-05-19T01:29:50","slug":"eger-bir-manipulasyon-konusu-konusulacaksa-270-bin-oyla-ikinci-tura-giden-bizim-konusmamiz-lazim","status":"publish","type":"post","link":"https:\/\/kraios.app\/news\/gundem\/2023\/05\/19\/eger-bir-manipulasyon-konusu-konusulacaksa-270-bin-oyla-ikinci-tura-giden-bizim-konusmamiz-lazim\/","title":{"rendered":"&#8216;E\u011fer bir manip\u00fclasyon konusu konu\u015fulacaksa 270 bin oyla ikinci tura giden bizim konu\u015fmam\u0131z laz\u0131m&#8217;"},"content":{"rendered":"<p><\/p>\n<div>\n<p>Oktay, Habert\u00fcrk televizyonunda K\u00fcbra Par&#8217;\u0131n sorular\u0131n\u0131 yan\u0131tlad\u0131, de\u011ferlendirmelerde bulundu.<\/p>\n<p>14 May\u0131s&#8217;ta yap\u0131lan se\u00e7imlerde milletin &#8220;g\u00fcven ve istikrar&#8221; dedi\u011fini ve milletin verdi\u011fi mesajlar\u0131 do\u011fru okumaya \u00e7al\u0131\u015facaklar\u0131n\u0131 belirten Oktay, Cumhur \u0130ttifak\u0131&#8217;n\u0131n Meclis&#8217;teki hakimiyetinin devam etti\u011fini s\u00f6yledi.<\/p>\n<p>Oktay, Anadolu Ajans\u0131n\u0131n 14 May\u0131s se\u00e7imlerini manip\u00fcle etti\u011fi iddias\u0131na ili\u015fkin soru \u00fczerine, bu iddialar\u0131n CHP&#8217;nin ve muhalefetin her se\u00e7im d\u00f6nemi kaybetti\u011finde arkas\u0131na s\u0131\u011f\u0131nd\u0131\u011f\u0131 ucuz bahaneler oldu\u011funu belirtti.<\/p>\n<p>AA&#8217;n\u0131n \u0131slak imzal\u0131 tutanaklar\u0131 \u00f6ncelik vermeden yay\u0131mlad\u0131\u011f\u0131n\u0131 aktaran Oktay, &#8220;E\u011fer bir manip\u00fclasyon konusu konu\u015fulacaksa 270 bin oyla ikinci tura giden bizim konu\u015fmam\u0131z laz\u0131m manip\u00fclasyonu.&#8221; diye konu\u015ftu.<\/p>\n<p>Oktay, se\u00e7imin ilk turda bitme beklentisi i\u00e7inde olup olmad\u0131klar\u0131na y\u00f6nelik soru \u00fczerine, &#8220;Daha y\u00fcksek bir oranla ba\u015flad\u0131 ama tabii biz \u015funu da biliyorduk, biz ger\u00e7ek\u00e7iyiz. Oradan ini\u015f olaca\u011f\u0131n\u0131, sand\u0131klar a\u00e7\u0131ld\u0131k\u00e7a aradaki fark\u0131n kapanaca\u011f\u0131n\u0131 biliyorduk.&#8221; yan\u0131t\u0131n\u0131 verdi.<\/p>\n<p>AK Parti&#8217;nin se\u00e7imin ard\u0131ndan ikinci tur reklam\u0131n\u0131n yay\u0131nland\u0131\u011f\u0131 hat\u0131rlat\u0131larak, se\u00e7im strateji ekibinin ikinci turla ilgili haz\u0131rl\u0131\u011f\u0131na y\u00f6nelik soru \u00fczerine Oktay, AK Parti&#8217;nin her t\u00fcrl\u00fc senaryoya haz\u0131rl\u0131kl\u0131 bir iktidar ve siyasi parti oldu\u011funu dile getirdi.<\/p>\n<h3>&#8220;Mevsimlik de de\u011fil haftal\u0131k milliyet\u00e7ilik&#8221;<\/h3>\n<p>Oktay, se\u00e7im sonu\u00e7lar\u0131nda bir &#8220;milliyet\u00e7i dalga&#8221;n\u0131n g\u00f6r\u00fcl\u00fcp g\u00f6r\u00fclmedi\u011fine ili\u015fkin soruya verdi\u011fi yan\u0131tta, milletin se\u00e7imde g\u00f6sterdi\u011fi iradeyle Alt\u0131l\u0131 Masa&#8217;ya, &#8220;Bana samimiyetle gelin, \u015feffaf ileti\u015fim kurun, ter\u00f6rle aran\u0131za mesafe koyun. Sen ter\u00f6rle arana mesafe koymad\u0131n. Ben senin niyetini de sorguluyorum, uygulamalar\u0131 da sorguluyorum.&#8221; dedi\u011fini ifade etti.<\/p>\n<p>Muhalefetin ittifak g\u00f6r\u00fc\u015fmelerinde pazarl\u0131k yapt\u0131\u011f\u0131n\u0131 ancak AK Parti&#8217;nin bu konuda hep ilkesel bir yakla\u015f\u0131m sergiledi\u011fini belirten Oktay, \u015funlar\u0131 kaydetti:<\/p>\n<p>&#8220;\u0130lkesel bazdan kast\u0131m \u015fu; biz &#8216;Tek millet, tek bayrak, tek vatan, tek devlet&#8217; dedik ve g\u00f6r\u00fc\u015fmelerimizin tamam\u0131na bakarsan\u0131z bu \u00e7er\u00e7evededir. Kiminle g\u00f6r\u00fc\u015f\u00fcyor olursak olal\u0131m bu, ortak ilkeler temelinde bulu\u015fmakt\u0131r. \u015eimdi Millet \u0130ttifak\u0131&#8217;na bakt\u0131\u011f\u0131n\u0131zda tam tersi. Buradaki, bu ortak paydada olan yap\u0131n\u0131n marjinale kaymas\u0131 \u015feklinde olmu\u015ftur. Yani PKK&#8217;n\u0131n, HDP&#8217;nin, FET\u00d6&#8217;n\u00fcn s\u00f6ylemlerinin zirve yapt\u0131\u011f\u0131 bir \u015feyden bahsediyorsunuz.&#8221;<\/p>\n<p>Oktay, Cumhurba\u015fkanl\u0131\u011f\u0131 H\u00fck\u00fcmet Sistemi&#8217;nde, muhalefetin belirtti\u011fi \u015fekilde tek adam\u0131n karar vermedi\u011fini anlatarak, &#8220;Son s\u00f6z\u00fc mutlaka birinin s\u00f6ylemesi laz\u0131m. Sekiz ki\u015fi, sekiz kafadan konu\u015fursa devletin y\u00f6netilmesi m\u00fcmk\u00fcn m\u00fc? Bakkal d\u00fckkan\u0131n\u0131 y\u00f6netemezsiniz b\u00f6yle bir ortamda. Bizde her bir kurumumuz \u00e7ok ciddi bir \u015fekilde \u00e7al\u0131\u015f\u0131r. Cumhurba\u015fkanl\u0131\u011f\u0131 H\u00fck\u00fcmet Sistemi, h\u0131zl\u0131 karar al\u0131r ve esnektir.&#8221; ifadelerini kulland\u0131.<\/p>\n<p>Alt\u0131l\u0131 Masa&#8217;n\u0131n \u00f6nerdi\u011fi y\u00f6netim sistemiyle isti\u015fareyi de\u011fil, vesayeti hedefledi\u011fini kaydeden Oktay, &#8220;Yani cumhurba\u015fkan\u0131 yard\u0131mc\u0131s\u0131n\u0131n, cumhurba\u015fkan\u0131n\u0131 onaylad\u0131\u011f\u0131 bir y\u00f6netim sistemine d\u00f6n\u00fc\u015f\u00fcyorsunuz. B\u00f6yle bir \u015fey olur mu?&#8221; yorumunu yapt\u0131.<\/p>\n<p>Oktay, CHP Genel Ba\u015fkan\u0131 Kemal K\u0131l\u0131\u00e7daro\u011flu&#8217;nun &#8220;mevsimlik milliyet\u00e7ilik&#8221; yapt\u0131\u011f\u0131n\u0131 ifade ederek, &#8220;\u015eimdi mevsimlik de de\u011fil haftal\u0131k milliyet\u00e7ilik&#8230; Dolay\u0131s\u0131yla K\u0131l\u0131\u00e7daro\u011flu&#8217;nu bir hafta boyunca yo\u011fun milliyet\u00e7i g\u00f6rebiliriz. Ondan sonraki hafta hangi modu gelir bilmiyorum.&#8221; dedi.<\/p>\n<p>T\u00fcrkiye&#8217;nin, \u00f6zellikle d\u0131\u015f politika ba\u011f\u0131ms\u0131z davranabilmek ve milletin \u00e7\u0131karlar\u0131na hizmet edebilmek i\u00e7in kritik teknoloji ve sekt\u00f6rlerde kendine yeter hale gelmek zorunda oldu\u011funu ve bunun i\u00e7in \u00e7abalad\u0131klar\u0131n\u0131 vurgulayan Oktay, \u015f\u00f6yle devam etti:<\/p>\n<p>&#8220;Savunma sanayi bunlar\u0131n ba\u015f\u0131ndayd\u0131 \u00e7\u00fcnk\u00fc ter\u00f6rle ba\u015f\u0131m\u0131z beladan kurtulmuyordu bir t\u00fcrl\u00fc. Ter\u00f6rle ba\u015f\u0131m\u0131z beladan kurtulmuyor olay\u0131 \u015fu; bir taraftan PKK&#8217;y\u0131 ba\u015f\u0131na bela ediyorlar, di\u011fer taraftan onunla m\u00fccadele etmen gereken enstr\u00fcmanlar\u0131 senin elinden al\u0131yorlar. Helikopter almak istiyorsun &#8216;Verebiliriz ama \u015furada kullanmayacaks\u0131n, PKK ile m\u00fccadele etmeyeceksin&#8217; diyor. Peki sen ter\u00f6rle m\u00fccadele alan\u0131nda kullanamad\u0131\u011f\u0131n zaman ne oluyor? D\u00f6n\u00fcp yine ekonomiyi vuruyor, kalk\u0131nman\u0131 etkiliyor senin. Tar\u0131m ve hayvanc\u0131l\u0131\u011f\u0131n\u0131 yapam\u0131yorsun b\u00f6lgede.&#8221;<\/p>\n<h3>&#8220;Yat\u0131r\u0131mlar devam etti&#8221;<\/h3>\n<p>Oktay, ekonomideki yap\u0131sal d\u00f6n\u00fc\u015f\u00fcmle, ihracat odakl\u0131 bir b\u00fcy\u00fcmeyi hedeflediklerini belirterek, &#8220;Asl\u0131nda biz OECD \u00fclkeleri aras\u0131nda, d\u00fcnyada da, hem pandemi d\u00f6neminde hem sonraki krizler d\u00f6neminde hi\u00e7 aral\u0131ks\u0131z b\u00fcy\u00fcmeyi s\u00fcrd\u00fcren bir \u00fclke konumunda olduk.&#8221; \u015feklinde konu\u015ftu.<\/p>\n<p>Faiz oranlar\u0131 art\u0131r\u0131ld\u0131\u011f\u0131nda, kredi maliyetlerinin artaca\u011f\u0131n\u0131, yat\u0131r\u0131mlar\u0131n d\u00fc\u015fece\u011fini, bunun da istihdam\u0131 ve ihracat\u0131 negatif olarak etkileyece\u011fini dile getiren Oktay, s\u00f6zlerini \u015f\u00f6yle s\u00fcrd\u00fcrd\u00fc:<\/p>\n<p>&#8220;Biz dedik ki &#8216;Bu patikada gitmek istemiyoruz. Dolay\u0131s\u0131yla biz b\u00fcy\u00fcyen bir ekonomiyi tercih edelim, istihdam\u0131 canl\u0131 tutal\u0131m, yat\u0131r\u0131mlar\u0131 canl\u0131 tutal\u0131m.&#8217; Onun i\u00e7in paran\u0131n maliyetini biz ne pahas\u0131na olursa olsun a\u015fa\u011f\u0131da tutmam\u0131z laz\u0131m. Zaten politika faizlerini indirmeye ba\u015flamam\u0131z\u0131n ana sebeplerinden birisi, \u00f6zellikle selektif kredi diye ifade etti\u011fimiz&#8230; Yani biz &#8216;D\u00fc\u015f\u00fcrelim ondan sonra da bedava kredi da\u011f\u0131tal\u0131m.&#8217; demedik. &#8216;D\u00fc\u015f\u00fcrelim ve yat\u0131r\u0131m ama\u00e7l\u0131 olan projeleri destekleyelim,&#8217; selektif kredi dedi\u011fimiz buydu. Yani faizi bir ara\u00e7 olarak kullanmayacaksan\u0131z o zaman ba\u015fka enstr\u00fcmanlar\u0131 bir ara\u00e7 olarak kullanmak durumundas\u0131n\u0131z. Dolay\u0131s\u0131yla yat\u0131r\u0131mlar devam etti.&#8221;<\/p>\n<p>Oktay, savunma sanayisinde oldu\u011fu gibi her bir sekt\u00f6rde yap\u0131sal d\u00f6n\u00fc\u015f\u00fcm ba\u015flatt\u0131klar\u0131n\u0131, enerjide yerli ve milli hamleler yapt\u0131klar\u0131n\u0131 anlatarak, &#8220;Biz ge\u00e7en y\u0131lki olaylardan dolay\u0131 110 milyar dolarl\u0131k bir fatura \u00f6dedik. \u015eimdi birden bizim enerji politikalar\u0131m\u0131z de\u011fi\u015fti. \u015eimdi enerjide y\u00fczde 100 d\u0131\u015fa ba\u011f\u0131ml\u0131 olan bir \u00fclkeden &#8216;T\u00fcrkiye bir enerji \u00fcss\u00fc olacakt\u0131r&#8217; iddias\u0131 olan bir \u00fclkeye ge\u00e7i\u015f yapt\u0131k. Cumhurba\u015fkan\u0131&#8217;m\u0131z\u0131n ilan etti\u011fi bir \u015feydir bu.&#8221; diye konu\u015ftu.<\/p>\n<p>Yap\u0131sal olarak her bir sekt\u00f6r\u00fc d\u00f6n\u00fc\u015ft\u00fcrd\u00fck\u00e7e T\u00fcrkiye&#8217;nin geri d\u00f6n\u00fclemeyecek \u015fekilde cari a\u00e7\u0131\u011f\u0131 kapatacak bir yap\u0131ya kavu\u015faca\u011f\u0131n\u0131 aktaran Oktay, tar\u0131m alan\u0131nda ise hem i\u00e7erideki verimlili\u011fi art\u0131racaklar\u0131n\u0131 hem de \u00e7ok b\u00fcy\u00fck \u00f6l\u00e7ekli tar\u0131m arazilerinin tahsisiyle ilgili \u00fclkeleraras\u0131 i\u015fbirli\u011fini geli\u015ftireceklerini anlatt\u0131.<\/p>\n<p>Fuat Oktay, yeni d\u00f6nemde ekonomiye en b\u00fcy\u00fck \u00f6nceli\u011fin verilece\u011fini, Cumhurba\u015fkan\u0131 Recep Tayyip Erdo\u011fan&#8217;\u0131n liderli\u011finde ekonomide sa\u011flanacak iyile\u015fmeyi herkesin g\u00f6rece\u011fini ifade etti.<\/p>\n<h3>Kredi kartlar\u0131nda nakit avans\u0131n k\u0131s\u0131tlanmas\u0131 iddias\u0131<\/h3>\n<p>Kredi kartlar\u0131n\u0131n nakit avanslar\u0131n\u0131n k\u0131s\u0131tland\u0131\u011f\u0131 veya kalkt\u0131\u011f\u0131na ili\u015fkin haberlerin ger\u00e7e\u011fi yans\u0131t\u0131p yans\u0131tmad\u0131\u011f\u0131 sorusuna Oktay, \u015fu yan\u0131t\u0131 verdi:<\/p>\n<p>&#8220;Limiti 50 bin liran\u0131n \u00fczerinde olan kredi kartlar\u0131&#8230; Dar gelirli vatanda\u015flar\u0131m\u0131z\u0131 uzaktan yak\u0131ndan etkileyen bir olay de\u011fil. Bu t\u00fcr kredi kartlar\u0131nda yo\u011fun olarak oradan \u00fccreti al\u0131n\u0131p alt\u0131n alma gibi veya d\u00f6viz alma gibi&#8230; Yani ekonomiye katk\u0131 vermeyen, yast\u0131k ald\u0131 diye ifade etti\u011fimiz ekonominin d\u0131\u015f\u0131na kayna\u011f\u0131 ta\u015f\u0131yan bir mekanizman\u0131n \u00e7al\u0131\u015ft\u0131\u011f\u0131n\u0131 g\u00f6r\u00fcnce ilgili kurumlar\u0131m\u0131z \u00e7al\u0131\u015f\u0131yorlar. Bu sadece teknik bir \u00e7al\u0131\u015fma&#8230; \u00dcst gelir grubu i\u00e7in asl\u0131nda bu. Yani kredi kart\u0131 ile gidip de al\u0131p yast\u0131k alt\u0131 bir yat\u0131r\u0131m yap\u0131lmas\u0131n\u0131n bir anlam\u0131 yok. Oradaki bir k\u0131s\u0131tlamadan bahsediyor. Onun d\u0131\u015f\u0131nda bir \u015fey de\u011fil. Dar gelirli vatanda\u015flar\u0131 muaf tutacak \u015fekilde 50 bin lira \u00fczerindeki limiti olan kredi kartlar\u0131 i\u00e7in nakit avans \u00e7ekimi ve 15 bin lira \u00fczeri kuyum harcamalar\u0131 ve di\u011fer i\u015fte menkul k\u0131ymet tesisine tabi olmu\u015ftur. Olay bu. Onun d\u0131\u015f\u0131nda herhangi bir s\u0131k\u0131nt\u0131 yok. 50 bin lira \u00fczerinde limiti olanlar i\u00e7in bu ge\u00e7erli, bir de bu kredi kart\u0131n\u0131 ta\u015f\u0131yan bankalarla ilgili de bir limit var. Yani bankalar\u0131n verdi\u011fi bir kredi limiti var. O kredi limitini \u00e7ok a\u015fm\u0131\u015f. Kullanmamas\u0131 gereken kredi limiti. Yani kar\u015f\u0131l\u0131\u011f\u0131 olmayan bir \u015fey gibi sanki. Ona diyor ki &#8216;Hay\u0131r, sa\u011flam gitmek zorundas\u0131n. \u015eu kadarl\u0131k bir limiti a\u015ft\u0131\u011f\u0131nda ki, o da y\u00fczde 3 gibi bir limit, onu a\u015ft\u0131\u011f\u0131nda sana b\u00f6yle bir s\u0131n\u0131rlama getiririm.&#8217; diyor. Yani hem bankay\u0131 kontrol ediyor hem de hane halk\u0131n\u0131n kar\u015f\u0131l\u0131ks\u0131z bor\u00e7lanmas\u0131n\u0131 kontrol ediyor. Yani vatanda\u015f\u0131m\u0131z\u0131 do\u011frudan ilgilendiren bir husus de\u011fil.&#8221;<\/p>\n<h3>&#8220;Zaten \u00f6rt\u00fc\u015ft\u00fc\u011f\u00fcm\u00fcz noktalar var&#8221;<\/h3>\n<p>Oktay, Cumhur \u0130ttifak\u0131&#8217;n\u0131n, Sinan O\u011fan ile g\u00f6r\u00fc\u015fmesi durumda, bunun pazarl\u0131k boyutunda de\u011fil ilkesel \u015fekilde olaca\u011f\u0131n\u0131 belirterek, &#8220;Zaten \u00f6rt\u00fc\u015ft\u00fc\u011f\u00fcm\u00fcz noktalar var. Tabanla da \u00f6rt\u00fc\u015ft\u00fc\u011f\u00fcm\u00fcz noktalar var. Biz herkesten, 86 milyondan oy istiyoruz ve ilkelerimizi a\u00e7\u0131kl\u0131yoruz. Biz, &#8216;Tek millet, vatan, bayrak ve devlet&#8217; dedik. Burada \u00f6rt\u00fc\u015ft\u00fc\u011f\u00fcm\u00fcz ve ter\u00f6rle aram\u0131zda \u00e7ok net bir mesafe koydu\u011fumuz, ter\u00f6rle m\u00fccadele bu k\u0131rm\u0131z\u0131 \u00e7izgimizin net devam edece\u011fi ortamda biz herkesle bu ileti\u015fimi sa\u011flar\u0131z, g\u00f6r\u00fc\u015f\u00fcr\u00fcz. Sinan Bey ile de bu \u00e7er\u00e7evede g\u00f6r\u00fc\u015fmeler devam ediyordur ama bir pazarl\u0131k \u00e7er\u00e7evesinde olmaz. \u015eeffaf ve ilke baz\u0131nda olur.&#8221; ifadelerini kulland\u0131. <\/p>\n<p>                            <span class=\"detay-foto-editor\">&#13;<br \/>\n                                <a href=\"https:\/\/www.aa.com.tr\/tr\/p\/abonelik-talep-formu\/1001\" target=\"_blank\" style=\"font-size:12px; color:#444; text-decoration:none;\" rel=\"noopener\">&#13;<br \/>\n                                    Anadolu Ajans\u0131 web sitesinde, AA Haber Ak\u0131\u015f Sistemi (HAS) \u00fczerinden abonelere sunulan haberler, \u00f6zetlenerek yay\u0131mlanmaktad\u0131r. <b style=\"color:#1897F7\">Abonelik i\u00e7in l\u00fctfen ileti\u015fime ge\u00e7iniz.<\/b>&#13;<br \/>\n                                <\/a>&#13;<br \/>\n                            <\/span>\n                        <\/div>\n<p><script>\n\t  window.fbAsyncInit = function() {\n\t\tFB.init({\n\t\t  appId: '1855843514662870',\n\t\t  status : true, \/\/ check login status\n\t\t  cookie : true, \/\/ enable cookies to allow the server to access the session\n\t\t  xfbml  : true  \/\/ parse XFBML\n\t\t});\n\t  };<\/p>\n<p>\t  (function() {\n\t\tvar e = document.createElement('script');\n\t\te.src=\"https:\/\/connect.facebook.net\/tr_TR\/all.js\";\n\t\te.async = true;\n\t\tdocument.getElementById('fb-root').appendChild(e);\n\t  }());\n    <\/script><\/p>\n","protected":false},"excerpt":{"rendered":"<p>Oktay, Habert\u00fcrk televizyonunda K\u00fcbra Par&#8217;\u0131n sorular\u0131n\u0131 yan\u0131tlad\u0131, de\u011ferlendirmelerde bulundu. 14 May\u0131s&#8217;ta yap\u0131lan se\u00e7imlerde milletin &#8220;g\u00fcven ve istikrar&#8221; dedi\u011fini ve milletin verdi\u011fi mesajlar\u0131 do\u011fru okumaya \u00e7al\u0131\u015facaklar\u0131n\u0131 belirten Oktay, Cumhur \u0130ttifak\u0131&#8217;n\u0131n Meclis&#8217;teki hakimiyetinin devam etti\u011fini s\u00f6yledi. Oktay, Anadolu Ajans\u0131n\u0131n 14 May\u0131s se\u00e7imlerini manip\u00fcle etti\u011fi iddias\u0131na ili\u015fkin soru \u00fczerine, bu iddialar\u0131n CHP&#8217;nin ve muhalefetin her se\u00e7im d\u00f6nemi kaybetti\u011finde [&hellip;]<\/p>\n","protected":false},"author":1,"featured_media":5312,"comment_status":"","ping_status":"","sticky":false,"template":"","format":"standard","meta":[],"categories":[1],"tags":[],"_links":{"self":[{"href":"https:\/\/kraios.app\/news\/wp-json\/wp\/v2\/posts\/5311"}],"collection":[{"href":"https:\/\/kraios.app\/news\/wp-json\/wp\/v2\/posts"}],"about":[{"href":"https:\/\/kraios.app\/news\/wp-json\/wp\/v2\/types\/post"}],"author":[{"embeddable":true,"href":"https:\/\/kraios.app\/news\/wp-json\/wp\/v2\/users\/1"}],"replies":[{"embeddable":true,"href":"https:\/\/kraios.app\/news\/wp-json\/wp\/v2\/comments?post=5311"}],"version-history":[{"count":0,"href":"https:\/\/kraios.app\/news\/wp-json\/wp\/v2\/posts\/5311\/revisions"}],"wp:featuredmedia":[{"embeddable":true,"href":"https:\/\/kraios.app\/news\/wp-json\/wp\/v2\/media\/5312"}],"wp:attachment":[{"href":"https:\/\/kraios.app\/news\/wp-json\/wp\/v2\/media?parent=5311"}],"wp:term":[{"taxonomy":"category","embeddable":true,"href":"https:\/\/kraios.app\/news\/wp-json\/wp\/v2\/categories?post=5311"},{"taxonomy":"post_tag","embeddable":true,"href":"https:\/\/kraios.app\/news\/wp-json\/wp\/v2\/tags?post=5311"}],"curies":[{"name":"wp","href":"https:\/\/api.w.org\/{rel}","templated":true}]}}