{"id":5288,"date":"2023-05-18T19:20:05","date_gmt":"2023-05-18T19:20:05","guid":{"rendered":"https:\/\/kraios.app\/news\/gundem\/2023\/05\/18\/rus-ve-belarus-kulupleri-gelecek-sezon-da-fiba-avrupa-organizasyonlarinda-yer-alamayacak\/"},"modified":"2023-05-18T19:20:05","modified_gmt":"2023-05-18T19:20:05","slug":"rus-ve-belarus-kulupleri-gelecek-sezon-da-fiba-avrupa-organizasyonlarinda-yer-alamayacak","status":"publish","type":"post","link":"https:\/\/kraios.app\/news\/gundem\/2023\/05\/18\/rus-ve-belarus-kulupleri-gelecek-sezon-da-fiba-avrupa-organizasyonlarinda-yer-alamayacak\/","title":{"rendered":"Rus ve Belarus kul\u00fcpleri, gelecek sezon da FIBA Avrupa organizasyonlar\u0131nda yer alamayacak"},"content":{"rendered":"<p>Rus ve Belarus kul\u00fcpleri, 2023-24 sezonunda FIBA Avrupa Kupas\u0131, Kad\u0131nlar Avrupa Ligi ile Avrupa Kupas\u0131 organizasyonlar\u0131nda yer almamaya devam edecek.<\/p>\n","protected":false},"excerpt":{"rendered":"<p>Rus ve Belarus kul\u00fcpleri, 2023-24 sezonunda FIBA Avrupa Kupas\u0131, Kad\u0131nlar Avrupa Ligi ile Avrupa Kupas\u0131 organizasyonlar\u0131nda yer almamaya devam edecek.<\/p>\n","protected":false},"author":1,"featured_media":5289,"comment_status":"","ping_status":"","sticky":false,"template":"","format":"standard","meta":[],"categories":[1],"tags":[],"_links":{"self":[{"href":"https:\/\/kraios.app\/news\/wp-json\/wp\/v2\/posts\/5288"}],"collection":[{"href":"https:\/\/kraios.app\/news\/wp-json\/wp\/v2\/posts"}],"about":[{"href":"https:\/\/kraios.app\/news\/wp-json\/wp\/v2\/types\/post"}],"author":[{"embeddable":true,"href":"https:\/\/kraios.app\/news\/wp-json\/wp\/v2\/users\/1"}],"replies":[{"embeddable":true,"href":"https:\/\/kraios.app\/news\/wp-json\/wp\/v2\/comments?post=5288"}],"version-history":[{"count":0,"href":"https:\/\/kraios.app\/news\/wp-json\/wp\/v2\/posts\/5288\/revisions"}],"wp:featuredmedia":[{"embeddable":true,"href":"https:\/\/kraios.app\/news\/wp-json\/wp\/v2\/media\/5289"}],"wp:attachment":[{"href":"https:\/\/kraios.app\/news\/wp-json\/wp\/v2\/media?parent=5288"}],"wp:term":[{"taxonomy":"category","embeddable":true,"href":"https:\/\/kraios.app\/news\/wp-json\/wp\/v2\/categories?post=5288"},{"taxonomy":"post_tag","embeddable":true,"href":"https:\/\/kraios.app\/news\/wp-json\/wp\/v2\/tags?post=5288"}],"curies":[{"name":"wp","href":"https:\/\/api.w.org\/{rel}","templated":true}]}}