{"id":5257,"date":"2023-05-18T13:54:36","date_gmt":"2023-05-18T13:54:36","guid":{"rendered":"https:\/\/kraios.app\/news\/gundem\/2023\/05\/18\/bandirma-gemi-muzesini-son-5-yilda-1-milyon-660-bin-ziyaretci-gezdi\/"},"modified":"2023-05-18T13:54:36","modified_gmt":"2023-05-18T13:54:36","slug":"bandirma-gemi-muzesini-son-5-yilda-1-milyon-660-bin-ziyaretci-gezdi","status":"publish","type":"post","link":"https:\/\/kraios.app\/news\/gundem\/2023\/05\/18\/bandirma-gemi-muzesini-son-5-yilda-1-milyon-660-bin-ziyaretci-gezdi\/","title":{"rendered":"Band\u0131rma Gemi M\u00fczesi&#8217;ni son 5 y\u0131lda 1 milyon 660 bin ziyaret\u00e7i gezdi"},"content":{"rendered":"<p><\/p>\n<div>\n<p>B\u00fcy\u00fck\u015fehir Belediyesinden yap\u0131lan yaz\u0131l\u0131 a\u00e7\u0131klamaya g\u00f6re, Mustafa Kemal Atat\u00fcrk&#8217;\u00fcn 18 silah arkada\u015f\u0131yla 19 May\u0131s 1919&#8217;da \u0130stanbul&#8217;dan Samsun&#8217;a geldi\u011fi Band\u0131rma Vapuru&#8217;nun benzeri olan Band\u0131rma Gemi M\u00fczesi&#8217;ni her y\u0131l on binlerce ki\u015fi ziyaret ediyor.<\/p>\n<p>2001 y\u0131l\u0131nda yap\u0131lan ve 18 May\u0131s 2003&#8217;te m\u00fcze olarak hizmete giren Band\u0131rma Gemi ve Milli M\u00fccadele A\u00e7\u0131k Hava M\u00fczesi&#8217;ni y\u0131l ba\u015f\u0131ndan bu yana 45 bin ziyaret\u00e7i gezdi. Son 5 y\u0131lda m\u00fczeyi gezen ziyaret\u00e7i say\u0131s\u0131 ise 1 milyon 660 bine ula\u015ft\u0131.<\/p>\n<p>Samsun B\u00fcy\u00fck\u015fehir Belediyesi ve Sabanc\u0131 Vakf\u0131 i\u015f birli\u011fi ile yap\u0131lan \u00e7al\u0131\u015fmayla Band\u0131rma Gemi M\u00fczesi, &#8220;www.samsun.bel.tr&#8221; ve &#8220;www.sabancivakfi.org&#8221; adreslerinden sanal olarak da ziyaret edilebiliyor.<\/p>\n<p><img decoding=\"async\" alt=\"\" src=\"https:\/\/www.aa.com.tr\/uploads\/userFiles\/76bad36d-1411-48e8-a1ae-b65e58872c06\/18.05%2F2%2FAA-31170311.jpg\"\/><\/p>\n<p>Band\u0131rma Gemi ve Milli M\u00fccadele A\u00e7\u0131k Hava M\u00fczesi&#8217;nde Atat\u00fcrk&#8217;\u00fcn do\u011fum g\u00fcn\u00fcn\u00fc 19 May\u0131s olarak kabul etti\u011fine dair belgenin sureti bulunuyor. Lozan Bar\u0131\u015f Antla\u015fmas\u0131&#8217;n\u0131n 1923 y\u0131l\u0131 Osmanl\u0131ca orijinal bask\u0131s\u0131 ise m\u00fczenin en \u00f6nemli tarihi belgelerinden birini olu\u015fturuyor.<\/p>\n<p>G\u00f6rev talimatnamesi, \u0130ngiliz vizesi, karargah heyetini i\u00e7eren belgeler \u00fczerinden tarihsel bir yolculu\u011fun ger\u00e7ekle\u015ftirildi\u011fi m\u00fczede ayr\u0131ca Mustafa Kemal Pa\u015fa&#8217;n\u0131n Samsun&#8217;a vard\u0131\u011f\u0131n\u0131 bildiren telgraf\u0131 ile Havza, Amasya, Erzurum yolculuklar\u0131na dair vesikalar sergileniyor.<\/p>\n<p>Gemi m\u00fczede ayr\u0131ca Atat\u00fcrk&#8217;e ait orijinal Bel\u00e7ika yap\u0131m\u0131 Nagant marka beylik tabancas\u0131 Dolmabah\u00e7e Saray\u0131&#8217;nda ve Savarona Yat\u0131&#8217;nda giydi\u011fi k\u0131yafetlerin replikalar\u0131, Atat\u00fcrk&#8217;\u00fcn vefat raporu, vasiyetnamesi ve vasiyetnamenin noter onay\u0131 Cumhuriyet ar\u015fivinden al\u0131nan sureti, ya\u015fam\u0131 boyunca kaleme ald\u0131\u011f\u0131 14 kitaptan \u00f6rnekler de yer al\u0131yor.<\/p>\n<p>Gemide Mustafa Kemal Atat\u00fcrk ve silah arkada\u015flar\u0131n\u0131n toplant\u0131 an\u0131 da canland\u0131r\u0131l\u0131yor.<\/p>\n<p><img decoding=\"async\" alt=\"\" src=\"https:\/\/www.aa.com.tr\/uploads\/userFiles\/76bad36d-1411-48e8-a1ae-b65e58872c06\/18.05%2F2%2FAA-31170312.jpg\"\/><\/p>\n<p>A\u00e7\u0131klamada g\u00f6r\u00fc\u015flerine yer verilen B\u00fcy\u00fck\u015fehir Belediye Ba\u015fkan\u0131 Mustafa Demir, Band\u0131rma Vapuru&#8217;nun 104 y\u0131l \u00f6nce \u0130stanbul&#8217;dan Samsun&#8217;a getirdi\u011fi Gazi Mustafa Kemal Atat\u00fcrk ve silah arkada\u015flar\u0131yla \u00fclkenin tarihini de\u011fi\u015ftirdi\u011fini belirtti.<\/p>\n<p>Kurtulu\u015f Sava\u015f\u0131&#8217;n\u0131n ba\u015flamas\u0131nda \u00f6nemli rol\u00fc bulunan Band\u0131rma Vapuru&#8217;nun ba\u011f\u0131ms\u0131z T\u00fcrkiye Cumhuriyeti&#8217;ne giden yoldaki i\u015flevine i\u015faret eden Demir, &#8220;\u0130stiklalin ve istikbalin kenti olan Samsun&#8217;u ziyaret eden herkesin ilk u\u011frad\u0131\u011f\u0131 yerlerin ba\u015f\u0131nda Band\u0131rma Gemi M\u00fczesi gelmektedir. Buray\u0131 ziyaret eden gen\u00e7 ya\u015fl\u0131 her ya\u015f grubundan vatanda\u015flar\u0131m\u0131z, Milli M\u00fccadele ruhunu hissedip T\u00fcrkiye&#8217;nin kurulu\u015funa giden s\u00fcreci, sergilenen eserleri g\u00f6rerek adeta ya\u015fayabilecekler.&#8221; ifadelerini kulland\u0131.<\/p>\n<p>                            <span class=\"detay-foto-editor\">&#13;<br \/>\n                                <a href=\"https:\/\/www.aa.com.tr\/tr\/p\/abonelik-talep-formu\/1001\" target=\"_blank\" style=\"font-size:12px; color:#444; text-decoration:none;\" rel=\"noopener\">&#13;<br \/>\n                                    Anadolu Ajans\u0131 web sitesinde, AA Haber Ak\u0131\u015f Sistemi (HAS) \u00fczerinden abonelere sunulan haberler, \u00f6zetlenerek yay\u0131mlanmaktad\u0131r. <b style=\"color:#1897F7\">Abonelik i\u00e7in l\u00fctfen ileti\u015fime ge\u00e7iniz.<\/b>&#13;<br \/>\n                                <\/a>&#13;<br \/>\n                            <\/span>\n                        <\/div>\n<p><script>\n\t  window.fbAsyncInit = function() {\n\t\tFB.init({\n\t\t  appId: '1855843514662870',\n\t\t  status : true, \/\/ check login status\n\t\t  cookie : true, \/\/ enable cookies to allow the server to access the session\n\t\t  xfbml  : true  \/\/ parse XFBML\n\t\t});\n\t  };<\/p>\n<p>\t  (function() {\n\t\tvar e = document.createElement('script');\n\t\te.src=\"https:\/\/connect.facebook.net\/tr_TR\/all.js\";\n\t\te.async = true;\n\t\tdocument.getElementById('fb-root').appendChild(e);\n\t  }());\n    <\/script><\/p>\n","protected":false},"excerpt":{"rendered":"<p>B\u00fcy\u00fck\u015fehir Belediyesinden yap\u0131lan yaz\u0131l\u0131 a\u00e7\u0131klamaya g\u00f6re, Mustafa Kemal Atat\u00fcrk&#8217;\u00fcn 18 silah arkada\u015f\u0131yla 19 May\u0131s 1919&#8217;da \u0130stanbul&#8217;dan Samsun&#8217;a geldi\u011fi Band\u0131rma Vapuru&#8217;nun benzeri olan Band\u0131rma Gemi M\u00fczesi&#8217;ni her y\u0131l on binlerce ki\u015fi ziyaret ediyor. 2001 y\u0131l\u0131nda yap\u0131lan ve 18 May\u0131s 2003&#8217;te m\u00fcze olarak hizmete giren Band\u0131rma Gemi ve Milli M\u00fccadele A\u00e7\u0131k Hava M\u00fczesi&#8217;ni y\u0131l ba\u015f\u0131ndan bu yana [&hellip;]<\/p>\n","protected":false},"author":1,"featured_media":5258,"comment_status":"","ping_status":"","sticky":false,"template":"","format":"standard","meta":[],"categories":[1],"tags":[],"_links":{"self":[{"href":"https:\/\/kraios.app\/news\/wp-json\/wp\/v2\/posts\/5257"}],"collection":[{"href":"https:\/\/kraios.app\/news\/wp-json\/wp\/v2\/posts"}],"about":[{"href":"https:\/\/kraios.app\/news\/wp-json\/wp\/v2\/types\/post"}],"author":[{"embeddable":true,"href":"https:\/\/kraios.app\/news\/wp-json\/wp\/v2\/users\/1"}],"replies":[{"embeddable":true,"href":"https:\/\/kraios.app\/news\/wp-json\/wp\/v2\/comments?post=5257"}],"version-history":[{"count":0,"href":"https:\/\/kraios.app\/news\/wp-json\/wp\/v2\/posts\/5257\/revisions"}],"wp:featuredmedia":[{"embeddable":true,"href":"https:\/\/kraios.app\/news\/wp-json\/wp\/v2\/media\/5258"}],"wp:attachment":[{"href":"https:\/\/kraios.app\/news\/wp-json\/wp\/v2\/media?parent=5257"}],"wp:term":[{"taxonomy":"category","embeddable":true,"href":"https:\/\/kraios.app\/news\/wp-json\/wp\/v2\/categories?post=5257"},{"taxonomy":"post_tag","embeddable":true,"href":"https:\/\/kraios.app\/news\/wp-json\/wp\/v2\/tags?post=5257"}],"curies":[{"name":"wp","href":"https:\/\/api.w.org\/{rel}","templated":true}]}}