{"id":5240,"date":"2023-05-18T10:20:07","date_gmt":"2023-05-18T10:20:07","guid":{"rendered":"https:\/\/kraios.app\/news\/gundem\/2023\/05\/18\/abdde-en-az-bir-kez-depresyon-tanisi-konulan-yetiskinlerin-orani-yuzde-29a-ulasti\/"},"modified":"2023-05-18T10:20:07","modified_gmt":"2023-05-18T10:20:07","slug":"abdde-en-az-bir-kez-depresyon-tanisi-konulan-yetiskinlerin-orani-yuzde-29a-ulasti","status":"publish","type":"post","link":"https:\/\/kraios.app\/news\/gundem\/2023\/05\/18\/abdde-en-az-bir-kez-depresyon-tanisi-konulan-yetiskinlerin-orani-yuzde-29a-ulasti\/","title":{"rendered":"ABD&#8217;de en az bir kez depresyon tan\u0131s\u0131 konulan yeti\u015fkinlerin oran\u0131 y\u00fczde 29&#8217;a ula\u015ft\u0131"},"content":{"rendered":"<p><\/p>\n<div>\n<p>Ara\u015ft\u0131rma \u015firketi Gallup, 5 bin 167 ABD&#8217;li yeti\u015fkinin kat\u0131ld\u0131\u011f\u0131 bir ara\u015ft\u0131rma yapt\u0131.<\/p>\n<p>Bu kapsamda, kat\u0131l\u0131mc\u0131lara, &#8220;halihaz\u0131rda depresyon tedavisi g\u00f6r\u00fcp g\u00f6rmedi\u011fi ve hayat\u0131n\u0131n herhangi bir d\u00f6neminde depresyon te\u015fhisi konulup konulmad\u0131\u011f\u0131&#8221; soruldu.<\/p>\n<p>Ara\u015ft\u0131rma sonu\u00e7lar\u0131na g\u00f6re, ABD&#8217;de halihaz\u0131rda, depresyon tedavisi g\u00f6ren yeti\u015fkin oran\u0131 2015&#8217;e g\u00f6re yakla\u015f\u0131k y\u00fczde 7 artarak 17,8&#8217;e \u00e7\u0131kt\u0131.<\/p>\n<p>Kad\u0131nlarda en az bir kez depresyon g\u00f6r\u00fclme oran\u0131 y\u00fczde 36,7&#8217;ye y\u00fckselirken erkeklerde bu oran y\u00fczde 20,4 olarak tespit edildi.<\/p>\n<p>Ara\u015ft\u0131rmada ABD&#8217;de en az bir kez depresyon te\u015fhis konulan yeti\u015fkinlerin oran\u0131 y\u00fczde 29&#8217;a \u00e7\u0131kt\u0131, 2017&#8217;den bu yana kad\u0131nlarda depresyon g\u00f6r\u00fclme oran\u0131 ise erkeklere k\u0131yasla yakla\u015f\u0131k iki kat artt\u0131.<\/p>\n<h3>Gen\u00e7lerde depresyon g\u00f6r\u00fclme oran\u0131 daha y\u00fcksek<\/h3>\n<p>Depresyon te\u015fhis oran\u0131n\u0131n, 18-29 ya\u015f aral\u0131\u011f\u0131ndakilerde y\u00fczde 34,3, 30-44 ya\u015f aral\u0131\u011f\u0131ndakilerde y\u00fczde 34,9 oldu\u011fu kaydedilen ara\u015ft\u0131rmada, 44 ya\u015f\u0131n \u00fcst\u00fcndekilerde ise bu oran\u0131n daha d\u00fc\u015f\u00fck oldu\u011funa i\u015faret edildi.<\/p>\n<p>\u00d6te yandan k\u00fcresel \u00f6l\u00e7ekte, 15 ya\u015f ve \u00fcst\u00fcndeki her 10 ki\u015fiden 4&#8217;\u00fcnde depresyon ya da kayg\u0131 bozuklu\u011fu g\u00f6r\u00fcld\u00fc\u011f\u00fc ifade ediliyor.<\/p>\n<p>Gallup&#8217;un daha \u00f6nceki ara\u015ft\u0131rmas\u0131nda ise Kuzey Amerikal\u0131 yeti\u015fkinlerin y\u00fczde 22&#8217;sinin depresyon ya da kayg\u0131 bozuklu\u011funun g\u00fcnl\u00fck ya\u015famlar\u0131n\u0131 en az iki hafta boyunca aksatacak seviyeye ula\u015ft\u0131\u011f\u0131 tespit edilmi\u015fti. Bu oran, d\u00fcnya genelinde ise y\u00fczde 19 olarak ifade ediliyor.<\/p>\n<p>ABD&#8217;de, klinik depresyon vaka say\u0131s\u0131nda Kovid-19 salg\u0131n\u0131 d\u00f6nemindeki kapanmalar, k\u0131s\u0131tlamalar ve enfeksiyon korkusu sonucu h\u0131zl\u0131 bir y\u00fckseli\u015fin g\u00f6r\u00fcld\u00fc\u011f\u00fc belirtiliyor.<\/p>\n<p>                            <span class=\"detay-foto-editor\">&#13;<br \/>\n                                <a href=\"https:\/\/www.aa.com.tr\/tr\/p\/abonelik-talep-formu\/1001\" target=\"_blank\" style=\"font-size:12px; color:#444; text-decoration:none;\" rel=\"noopener\">&#13;<br \/>\n                                    Anadolu Ajans\u0131 web sitesinde, AA Haber Ak\u0131\u015f Sistemi (HAS) \u00fczerinden abonelere sunulan haberler, \u00f6zetlenerek yay\u0131mlanmaktad\u0131r. <b style=\"color:#1897F7\">Abonelik i\u00e7in l\u00fctfen ileti\u015fime ge\u00e7iniz.<\/b>&#13;<br \/>\n                                <\/a>&#13;<br \/>\n                            <\/span>\n                        <\/div>\n<p><script>\n\t  window.fbAsyncInit = function() {\n\t\tFB.init({\n\t\t  appId: '1855843514662870',\n\t\t  status : true, \/\/ check login status\n\t\t  cookie : true, \/\/ enable cookies to allow the server to access the session\n\t\t  xfbml  : true  \/\/ parse XFBML\n\t\t});\n\t  };<\/p>\n<p>\t  (function() {\n\t\tvar e = document.createElement('script');\n\t\te.src=\"https:\/\/connect.facebook.net\/tr_TR\/all.js\";\n\t\te.async = true;\n\t\tdocument.getElementById('fb-root').appendChild(e);\n\t  }());\n    <\/script><\/p>\n","protected":false},"excerpt":{"rendered":"<p>Ara\u015ft\u0131rma \u015firketi Gallup, 5 bin 167 ABD&#8217;li yeti\u015fkinin kat\u0131ld\u0131\u011f\u0131 bir ara\u015ft\u0131rma yapt\u0131. Bu kapsamda, kat\u0131l\u0131mc\u0131lara, &#8220;halihaz\u0131rda depresyon tedavisi g\u00f6r\u00fcp g\u00f6rmedi\u011fi ve hayat\u0131n\u0131n herhangi bir d\u00f6neminde depresyon te\u015fhisi konulup konulmad\u0131\u011f\u0131&#8221; soruldu. Ara\u015ft\u0131rma sonu\u00e7lar\u0131na g\u00f6re, ABD&#8217;de halihaz\u0131rda, depresyon tedavisi g\u00f6ren yeti\u015fkin oran\u0131 2015&#8217;e g\u00f6re yakla\u015f\u0131k y\u00fczde 7 artarak 17,8&#8217;e \u00e7\u0131kt\u0131. Kad\u0131nlarda en az bir kez depresyon g\u00f6r\u00fclme [&hellip;]<\/p>\n","protected":false},"author":1,"featured_media":5241,"comment_status":"","ping_status":"","sticky":false,"template":"","format":"standard","meta":[],"categories":[1],"tags":[],"_links":{"self":[{"href":"https:\/\/kraios.app\/news\/wp-json\/wp\/v2\/posts\/5240"}],"collection":[{"href":"https:\/\/kraios.app\/news\/wp-json\/wp\/v2\/posts"}],"about":[{"href":"https:\/\/kraios.app\/news\/wp-json\/wp\/v2\/types\/post"}],"author":[{"embeddable":true,"href":"https:\/\/kraios.app\/news\/wp-json\/wp\/v2\/users\/1"}],"replies":[{"embeddable":true,"href":"https:\/\/kraios.app\/news\/wp-json\/wp\/v2\/comments?post=5240"}],"version-history":[{"count":0,"href":"https:\/\/kraios.app\/news\/wp-json\/wp\/v2\/posts\/5240\/revisions"}],"wp:featuredmedia":[{"embeddable":true,"href":"https:\/\/kraios.app\/news\/wp-json\/wp\/v2\/media\/5241"}],"wp:attachment":[{"href":"https:\/\/kraios.app\/news\/wp-json\/wp\/v2\/media?parent=5240"}],"wp:term":[{"taxonomy":"category","embeddable":true,"href":"https:\/\/kraios.app\/news\/wp-json\/wp\/v2\/categories?post=5240"},{"taxonomy":"post_tag","embeddable":true,"href":"https:\/\/kraios.app\/news\/wp-json\/wp\/v2\/tags?post=5240"}],"curies":[{"name":"wp","href":"https:\/\/api.w.org\/{rel}","templated":true}]}}