{"id":5224,"date":"2023-05-18T06:20:05","date_gmt":"2023-05-18T06:20:05","guid":{"rendered":"https:\/\/kraios.app\/news\/gundem\/2023\/05\/18\/kuresel-piyasalar-pozitif-seyrediyor-2\/"},"modified":"2023-05-18T06:20:05","modified_gmt":"2023-05-18T06:20:05","slug":"kuresel-piyasalar-pozitif-seyrediyor-2","status":"publish","type":"post","link":"https:\/\/kraios.app\/news\/gundem\/2023\/05\/18\/kuresel-piyasalar-pozitif-seyrediyor-2\/","title":{"rendered":"K\u00fcresel piyasalar pozitif seyrediyor"},"content":{"rendered":"<p><\/p>\n<div>\n<p>D\u00fcnya genelinde bir s\u00fcredir ba\u015fl\u0131ca risk unsuru konumundaki ABD&#8217;deki bor\u00e7 limiti krizine ili\u015fkin olumlu haber ak\u0131\u015f\u0131 varl\u0131k fiyatlar\u0131n\u0131 destekliyor.<\/p>\n<p>ABD Ba\u015fkan\u0131 Joe Biden, Kongre liderleriyle d\u00fcnk\u00fc g\u00f6r\u00fc\u015fmesi sonras\u0131 Beyaz Saray&#8217;da d\u00fczenledi\u011fi bas\u0131n toplant\u0131s\u0131nda, bor\u00e7 limiti konusunda verimli bir g\u00f6r\u00fc\u015fme ger\u00e7ekle\u015ftirdiklerini ifade ederek, ABD temerr\u00fcde d\u00fc\u015fmeden bir anla\u015fmaya varacaklar\u0131ndan emin oldu\u011funu bildirdi.<\/p>\n<p>ABD Temsilciler Meclisi Ba\u015fkan\u0131 Kevin McCarthy de pazara kadar bor\u00e7 limiti anla\u015fmas\u0131n\u0131n yap\u0131labilece\u011fini belirtti.<\/p>\n<p>S\u00f6z konusu geli\u015fmeler piyasalarda risk i\u015ftah\u0131n\u0131n g\u00fc\u00e7lenmesine sebep olurken, Western Alliance Bancorp&#8217;un mevduatlar\u0131n\u0131n artt\u0131\u011f\u0131na ili\u015fkin haberlerin ard\u0131ndan b\u00f6lgesel bankalar\u0131n hisselerinde kaydedilen y\u00fckseli\u015f de piyasalardaki pozitif seyirde etkili oldu.<\/p>\n<p>\u00d6te yandan, d\u00fcn \u00fclkede a\u00e7\u0131klanan makroekonomik verilere g\u00f6re, ABD&#8217;de konut ba\u015flang\u0131\u00e7lar\u0131, nisanda y\u00fczde 2,2 art\u0131\u015fla 1 milyon 401 bine y\u00fckselerek beklentileri a\u015ft\u0131.<\/p>\n<p>\u00dclkede ekonomik aktivitenin g\u00fc\u00e7l\u00fc kalmaya devam etmesi ABD Merkez Bankas\u0131&#8217;n\u0131n (Fed) gelecek ayki toplant\u0131da alaca\u011f\u0131 kararlara ili\u015fkin belirsizlikleri art\u0131r\u0131rken, Banka&#8217;n\u0131n haziranda 25 baz puan faiz art\u0131rabilece\u011fine y\u00f6nelik beklentiler y\u00fczde 28&#8217;e y\u00fckseldi.<\/p>\n<p>Fed&#8217;in haziranda da &#8220;\u015fahin&#8221; kalmaya devam edebilece\u011fi endi\u015fesi alt\u0131n\u0131 bask\u0131larken, d\u00fcn alt\u0131n\u0131n ons fiyat\u0131, d\u00fc\u015f\u00fc\u015f e\u011filimini \u00fc\u00e7\u00fcnc\u00fc g\u00fcne ta\u015f\u0131yarak 1.979 dolara geriledi.<\/p>\n<p>Analistler, ABD&#8217;de bug\u00fcn ayr\u0131ca perakende devi Wallmart&#8217;\u0131n finansal sonu\u00e7lar\u0131n\u0131n a\u00e7\u0131klanmas\u0131n\u0131n beklendi\u011fini aktararak, \u015firketin gelecek d\u00f6nem projeksiyonlar\u0131n\u0131n piyasalarda oynakl\u0131\u011f\u0131 art\u0131rabilece\u011fini ifade etti.<\/p>\n<p>D\u00fcn New York borsas\u0131nda S&amp;P 500 endeksi y\u00fczde 1,19, Dow Jones endeksi y\u00fczde 1,24 ve Nasdaq endeksi y\u00fczde 1,28 geriledi. ABD&#8217;de endeks vadeli kontratlar, yeni g\u00fcne ise kar\u0131\u015f\u0131k seyirle ba\u015flad\u0131.<\/p>\n<p>Avrupa&#8217;da d\u00fcn kar\u0131\u015f\u0131k bir seyir \u00f6ne \u00e7\u0131karken, b\u00f6lgede enflasyonun hala hedeflenen seviyenin olduk\u00e7a \u00fczerinde olmas\u0131 risk i\u015ftah\u0131n\u0131 t\u00f6rp\u00fclemeye devam ediyor.<\/p>\n<p>D\u00fcn a\u00e7\u0131klanan verilere g\u00f6re Avro B\u00f6lgesi&#8217;nde T\u00fcketici Fiyat Endeksi (T\u00dcFE), y\u00fczde 7 artarak beklentilere paralel ger\u00e7ekle\u015fti.<\/p>\n<p>Para piyasalar\u0131ndaki fiyatlamalarda Avrupa Merkez Bankas\u0131&#8217;n\u0131n (ECB) gelecek d\u00f6nemde en az 50 baz puan daha faiz art\u0131rmas\u0131na kesin g\u00f6z\u00fcyle bak\u0131l\u0131yor.<\/p>\n<p>D\u00fcn Almanya&#8217;da DAX 40 endeksi y\u00fczde 0,34 de\u011fer kazan\u0131rken, \u0130ngiltere&#8217;de FTSE 100 endeksi y\u00fczde 0,36, Fransa&#8217;da CAC 40 endeksi y\u00fczde 0,09 ve \u0130talya&#8217;da MIB 30 endeksi 0,01 geriledi. Avrupa&#8217;da endeks vadeli kontratlar, yeni g\u00fcne y\u00fckseli\u015fle ba\u015flad\u0131.<\/p>\n<p>ABD&#8217;deki pozitif seyir yeni g\u00fcnde Asya&#8217;ya da ta\u015f\u0131n\u0131rken, Japonya pay piyasalar\u0131, t\u00fcm zamanlar\u0131n en y\u00fcksek seviyesine yak\u0131n seyrediyor.<\/p>\n<p>B\u00f6lgede d\u00fcn finansal sonu\u00e7lar\u0131n\u0131 a\u00e7\u0131klayan \u00c7inli internet devi Tencent Holding beklentilerin \u00fczerinde kar a\u00e7\u0131klarken, bug\u00fcn de Alibaba&#8217;n\u0131n finansal sonu\u00e7lar\u0131n\u0131 a\u00e7\u0131klamas\u0131 bekleniyor.<\/p>\n<p>Analistler, Alibaba hisselerinin bilan\u00e7o \u00f6ncesi y\u00fczde 3 primli i\u015flem g\u00f6rd\u00fc\u011f\u00fcn\u00fc hat\u0131rlatarak, iki \u015firketin de artan gelirlerinin \u00c7in&#8217;de ekonomik aktivitenin g\u00fc\u00e7l\u00fc seyretti\u011fine i\u015faret etti\u011fini bildirdi.<\/p>\n<p>\u00d6te yandan, bug\u00fcn Japonya&#8217;da a\u00e7\u0131klanan verilere g\u00f6re, ihracat y\u00fczde 2,6 artarak, ithalat ise y\u00fczde 2,3 azalarak beklentileri kar\u015f\u0131layamad\u0131.<\/p>\n<p>Kapan\u0131\u015fa yak\u0131n Japonya&#8217;da Nikkei 225 endeksi y\u00fczde 1,7, \u00c7in&#8217;de \u015eanghay bile\u015fik endeksi y\u00fczde 0,3, G\u00fcney Kore&#8217;de Kospi endeksi y\u00fczde 0,7 ve Hong Kong&#8217;da Hang Seng endeksi y\u00fczde 0,7 y\u00fckseldi.<\/p>\n<p>Yurt i\u00e7inde d\u00fcn al\u0131\u015f a\u011f\u0131rl\u0131kl\u0131 bir seyir izleyen Borsa \u0130stanbul&#8217;da BIST 100 endeksi, g\u00fcn\u00fc \u00f6nceki kapan\u0131\u015f\u0131n y\u00fczde 1,57 \u00fczerinde 4.661,68 puandan tamamlad\u0131.<\/p>\n<p>Dolar\/TL, d\u00fcn y\u00fczde 0,2 art\u0131\u015fla 19,7585&#8217;ten kapanmas\u0131n\u0131n ard\u0131ndan bug\u00fcn bankalararas\u0131 piyasan\u0131n a\u00e7\u0131l\u0131\u015f\u0131nda 19,7770 seviyesinden i\u015flem g\u00f6r\u00fcyor.<\/p>\n<p>Analistler, bug\u00fcn yurt i\u00e7inde T\u00fcrkiye Cumhuriyet Merkez Bankas\u0131 (TCMB) Piyasa Kat\u0131l\u0131mc\u0131lar\u0131 Anketi ve Finansal \u0130stikrar Raporu, yurt d\u0131\u015f\u0131nda ise ABD&#8217;de haftal\u0131k i\u015fsizlik maa\u015f\u0131 ba\u015fvurular\u0131, Philadelphia Fed i\u015f g\u00f6r\u00fcn\u00fcm\u00fc endeksi ve 2. el konut sat\u0131\u015flar\u0131n\u0131n takip edilece\u011fini belirterek, teknik a\u00e7\u0131dan BIST 100 endeksinde 4.750 ve 4.900 seviyelerinin diren\u00e7, 4.600 puan\u0131n destek konumunda oldu\u011funu kaydetti.<\/p>\n<p>Piyasalarda bug\u00fcn takip edilecek veriler \u015f\u00f6yle:<\/p>\n<p>10.00 T\u00fcrkiye, may\u0131s ay\u0131 Piyasa Kat\u0131l\u0131mc\u0131lar\u0131 Anketi<\/p>\n<p>10.30 T\u00fcrkiye, TCMB Finansal \u0130stikrar Raporu<\/p>\n<p>14.30 T\u00fcrkiye, haftal\u0131k para ve banka istatistikleri<\/p>\n<p>15.30 ABD, haftal\u0131k i\u015fsizlik maa\u015f\u0131 ba\u015fvurular\u0131<\/p>\n<p>15.30 ABD, may\u0131s ay\u0131 Philadelphia Fed i\u015f g\u00f6r\u00fcn\u00fcm\u00fc endeksi<\/p>\n<p>17.00 ABD, nisan ay\u0131 2. el konut sat\u0131\u015flar\u0131, \u00f6nc\u00fc g\u00f6stergeler endeksi<\/p>\n<p>                            <span class=\"detay-foto-editor\">&#13;<br \/>\n                                <a href=\"https:\/\/www.aa.com.tr\/tr\/p\/abonelik-talep-formu\/1001\" target=\"_blank\" style=\"font-size:12px; color:#444; text-decoration:none;\" rel=\"noopener\">&#13;<br \/>\n                                    Anadolu Ajans\u0131 web sitesinde, AA Haber Ak\u0131\u015f Sistemi (HAS) \u00fczerinden abonelere sunulan haberler, \u00f6zetlenerek yay\u0131mlanmaktad\u0131r. <b style=\"color:#1897F7\">Abonelik i\u00e7in l\u00fctfen ileti\u015fime ge\u00e7iniz.<\/b>&#13;<br \/>\n                                <\/a>&#13;<br \/>\n                            <\/span>\n                        <\/div>\n<p><script>\n\t  window.fbAsyncInit = function() {\n\t\tFB.init({\n\t\t  appId: '1855843514662870',\n\t\t  status : true, \/\/ check login status\n\t\t  cookie : true, \/\/ enable cookies to allow the server to access the session\n\t\t  xfbml  : true  \/\/ parse XFBML\n\t\t});\n\t  };<\/p>\n<p>\t  (function() {\n\t\tvar e = document.createElement('script');\n\t\te.src=\"https:\/\/connect.facebook.net\/tr_TR\/all.js\";\n\t\te.async = true;\n\t\tdocument.getElementById('fb-root').appendChild(e);\n\t  }());\n    <\/script><\/p>\n","protected":false},"excerpt":{"rendered":"<p>D\u00fcnya genelinde bir s\u00fcredir ba\u015fl\u0131ca risk unsuru konumundaki ABD&#8217;deki bor\u00e7 limiti krizine ili\u015fkin olumlu haber ak\u0131\u015f\u0131 varl\u0131k fiyatlar\u0131n\u0131 destekliyor. ABD Ba\u015fkan\u0131 Joe Biden, Kongre liderleriyle d\u00fcnk\u00fc g\u00f6r\u00fc\u015fmesi sonras\u0131 Beyaz Saray&#8217;da d\u00fczenledi\u011fi bas\u0131n toplant\u0131s\u0131nda, bor\u00e7 limiti konusunda verimli bir g\u00f6r\u00fc\u015fme ger\u00e7ekle\u015ftirdiklerini ifade ederek, ABD temerr\u00fcde d\u00fc\u015fmeden bir anla\u015fmaya varacaklar\u0131ndan emin oldu\u011funu bildirdi. ABD Temsilciler Meclisi Ba\u015fkan\u0131 [&hellip;]<\/p>\n","protected":false},"author":1,"featured_media":5225,"comment_status":"","ping_status":"","sticky":false,"template":"","format":"standard","meta":[],"categories":[1],"tags":[],"_links":{"self":[{"href":"https:\/\/kraios.app\/news\/wp-json\/wp\/v2\/posts\/5224"}],"collection":[{"href":"https:\/\/kraios.app\/news\/wp-json\/wp\/v2\/posts"}],"about":[{"href":"https:\/\/kraios.app\/news\/wp-json\/wp\/v2\/types\/post"}],"author":[{"embeddable":true,"href":"https:\/\/kraios.app\/news\/wp-json\/wp\/v2\/users\/1"}],"replies":[{"embeddable":true,"href":"https:\/\/kraios.app\/news\/wp-json\/wp\/v2\/comments?post=5224"}],"version-history":[{"count":0,"href":"https:\/\/kraios.app\/news\/wp-json\/wp\/v2\/posts\/5224\/revisions"}],"wp:featuredmedia":[{"embeddable":true,"href":"https:\/\/kraios.app\/news\/wp-json\/wp\/v2\/media\/5225"}],"wp:attachment":[{"href":"https:\/\/kraios.app\/news\/wp-json\/wp\/v2\/media?parent=5224"}],"wp:term":[{"taxonomy":"category","embeddable":true,"href":"https:\/\/kraios.app\/news\/wp-json\/wp\/v2\/categories?post=5224"},{"taxonomy":"post_tag","embeddable":true,"href":"https:\/\/kraios.app\/news\/wp-json\/wp\/v2\/tags?post=5224"}],"curies":[{"name":"wp","href":"https:\/\/api.w.org\/{rel}","templated":true}]}}