{"id":5207,"date":"2023-05-18T01:20:05","date_gmt":"2023-05-18T01:20:05","guid":{"rendered":"https:\/\/kraios.app\/news\/gundem\/2023\/05\/18\/kolombiyada-2-hafta-once-dusen-kucuk-ucaktaki-4-cocuk-sag-bulundu\/"},"modified":"2023-05-18T01:20:05","modified_gmt":"2023-05-18T01:20:05","slug":"kolombiyada-2-hafta-once-dusen-kucuk-ucaktaki-4-cocuk-sag-bulundu","status":"publish","type":"post","link":"https:\/\/kraios.app\/news\/gundem\/2023\/05\/18\/kolombiyada-2-hafta-once-dusen-kucuk-ucaktaki-4-cocuk-sag-bulundu\/","title":{"rendered":"Kolombiya&#039;da 2 hafta \u00f6nce d\u00fc\u015fen k\u00fc\u00e7\u00fck u\u00e7aktaki 4 \u00e7ocuk sa\u011f bulundu"},"content":{"rendered":"<p>Kolombiya&#8217;da, 1 May\u0131s&#8217;ta i\u00e7indeki 7 ki\u015fiyle kaybolan ve d\u00fcn enkaz\u0131 bulunan k\u00fc\u00e7\u00fck u\u00e7aktaki 4 \u00e7ocu\u011fun sa\u011f bulundu\u011fu bildirildi.<\/p>\n","protected":false},"excerpt":{"rendered":"<p>Kolombiya&#8217;da, 1 May\u0131s&#8217;ta i\u00e7indeki 7 ki\u015fiyle kaybolan ve d\u00fcn enkaz\u0131 bulunan k\u00fc\u00e7\u00fck u\u00e7aktaki 4 \u00e7ocu\u011fun sa\u011f bulundu\u011fu bildirildi.<\/p>\n","protected":false},"author":1,"featured_media":5208,"comment_status":"","ping_status":"","sticky":false,"template":"","format":"standard","meta":[],"categories":[1],"tags":[],"_links":{"self":[{"href":"https:\/\/kraios.app\/news\/wp-json\/wp\/v2\/posts\/5207"}],"collection":[{"href":"https:\/\/kraios.app\/news\/wp-json\/wp\/v2\/posts"}],"about":[{"href":"https:\/\/kraios.app\/news\/wp-json\/wp\/v2\/types\/post"}],"author":[{"embeddable":true,"href":"https:\/\/kraios.app\/news\/wp-json\/wp\/v2\/users\/1"}],"replies":[{"embeddable":true,"href":"https:\/\/kraios.app\/news\/wp-json\/wp\/v2\/comments?post=5207"}],"version-history":[{"count":0,"href":"https:\/\/kraios.app\/news\/wp-json\/wp\/v2\/posts\/5207\/revisions"}],"wp:featuredmedia":[{"embeddable":true,"href":"https:\/\/kraios.app\/news\/wp-json\/wp\/v2\/media\/5208"}],"wp:attachment":[{"href":"https:\/\/kraios.app\/news\/wp-json\/wp\/v2\/media?parent=5207"}],"wp:term":[{"taxonomy":"category","embeddable":true,"href":"https:\/\/kraios.app\/news\/wp-json\/wp\/v2\/categories?post=5207"},{"taxonomy":"post_tag","embeddable":true,"href":"https:\/\/kraios.app\/news\/wp-json\/wp\/v2\/tags?post=5207"}],"curies":[{"name":"wp","href":"https:\/\/api.w.org\/{rel}","templated":true}]}}