{"id":5047,"date":"2023-05-16T11:32:06","date_gmt":"2023-05-16T11:32:06","guid":{"rendered":"https:\/\/kraios.app\/news\/saglik\/2023\/05\/16\/vucudunun-yuzde-65i-yanan-kucuk-eymene-sanliurfada-doku-nakli-yapildi\/"},"modified":"2023-05-16T11:32:06","modified_gmt":"2023-05-16T11:32:06","slug":"vucudunun-yuzde-65i-yanan-kucuk-eymene-sanliurfada-doku-nakli-yapildi","status":"publish","type":"post","link":"https:\/\/kraios.app\/news\/saglik\/2023\/05\/16\/vucudunun-yuzde-65i-yanan-kucuk-eymene-sanliurfada-doku-nakli-yapildi\/","title":{"rendered":"V\u00fccudunun y\u00fczde 65&#8217;i yanan k\u00fc\u00e7\u00fck Eymen&#8217;e \u015eanl\u0131urfa&#8217;da doku nakli yap\u0131ld\u0131"},"content":{"rendered":"<p><\/p>\n<div>\n<p>Sakarya&#8217;da 2 y\u0131l \u00f6nce evlerindeki soban\u0131n parlamas\u0131yla \u00e7\u0131kan yang\u0131nda v\u00fccudunun b\u00fcy\u00fck k\u0131sm\u0131 yanan k\u00fc\u00e7\u00fck Eymen, bir s\u00fcre yo\u011fun bak\u0131mda tedavi edildi.<\/p>\n<p>Tedavisinin ard\u0131ndan v\u00fccudundaki yan\u0131k izlerini ve sorunlar\u0131 gidermek i\u00e7in farkl\u0131 kentlerdeki hastanelere g\u00f6t\u00fcr\u00fclen Bek\u00e7i, istedi\u011fi sonu\u00e7lar\u0131 alamad\u0131.<\/p>\n<p>Eymen Asaf Bek\u00e7i&#8217;ye, Ala Hayat Minik Masumlar Derne\u011finin (AHM\u0130MDER) deste\u011fiyle \u015eanl\u0131urfa&#8217;daki \u00f6zel hastanede yap\u0131lan ba\u015far\u0131l\u0131 operasyonla doku nakli ger\u00e7ekle\u015ftirildi.<\/p>\n<h3>&#8220;\u00c7ok mutluyum&#8221;<\/h3>\n<p>AHM\u0130MDER Genel Ba\u015fkan\u0131 Ay\u015feg\u00fcl Aksu, AA muhabirine, dernek olarak 500&#8217;\u00fcn \u00fczerinde yan\u0131k vakas\u0131n\u0131n tedavisiyle ilgilendiklerini s\u00f6yledi.<\/p>\n<p>Bu operasyonun yap\u0131ld\u0131\u011f\u0131 g\u00fcn\u00fcn kendileri i\u00e7in \u00f6zel bir g\u00fcn oldu\u011funu aktaran Aksu, \u015f\u00f6yle konu\u015ftu:<\/p>\n<p>&#8220;Eymen i\u00e7in &#8216;Hi\u00e7bir \u015fey yap\u0131lamaz.&#8217; denilen \u00f6zellikle sol eli i\u00e7in gitmedi\u011fimiz profes\u00f6r kalmam\u0131\u015ft\u0131 b\u00fcy\u00fck\u015fehirlerde. Bug\u00fcn o imkans\u0131z denilen elin tamamen a\u00e7\u0131ld\u0131\u011f\u0131n\u0131 g\u00f6rmek \u00e7ok gurur verici bir \u015fey. \u00c7ok mutluyum, Kadir hocaya ve bu ameliyatta deste\u011fi olan i\u015f insan\u0131na \u00e7ok te\u015fekk\u00fcr ediyorum.&#8221;<\/p>\n<h3>&#8220;Yakla\u015f\u0131k 1,5 ay sonra ellerini kullanacak&#8221;<\/h3>\n<p>Ameliyat\u0131 ger\u00e7ekle\u015ftiren Estetik Plastik Cerrahi ve Rekonstr\u00fcktif Uzman\u0131 Kadir Calavul, 7 ayd\u0131r \u015eanl\u0131urfa&#8217;daki \u00f6zel hastanede genellikle travma ve yan\u0131k hastalar\u0131n\u0131n ameliyat\u0131n\u0131 yapt\u0131\u011f\u0131n\u0131 ve bu ameliyatlarda ba\u015far\u0131 oran\u0131n\u0131n y\u00fcksek oldu\u011funu s\u00f6yledi.<\/p>\n<p>Eymen&#8217;in kendilerine geldi\u011finde g\u00f6z kapaklar\u0131n\u0131n tamamen \u00e7ekildi\u011fini, g\u00f6rmede, yeme i\u00e7mede sorun ya\u015fad\u0131\u011f\u0131n\u0131, \u00e7enesinin g\u00f6\u011fs\u00fcne yap\u0131\u015f\u0131k oldu\u011funu dile getiren Calavul, ger\u00e7ekle\u015ftirdikleri ameliyat ve doku nakliyle hastan\u0131n her iki \u00fcst g\u00f6z kapa\u011f\u0131n\u0131, her iki yanak, her iki alt dudaktaki \u00e7ekinti b\u00f6lgelerini ve v\u00fccudunun bir\u00e7ok b\u00f6lgesini d\u00fczelttiklerini dile getirdi.<\/p>\n<p>Calavul, \u015funlar\u0131 kaydetti:<\/p>\n<p>&#8220;Ameliyat\u0131m\u0131z gayet iyi ge\u00e7ti. Hastan\u0131n t\u00fcm parmaklar\u0131n\u0131 ellerini falan hepsini a\u00e7t\u0131k tahmini olarak bir bu\u00e7uk ay sonra da ellerini kullanmaya ba\u015flayacak. Ondan sonra da ihtiya\u00e7lar\u0131n\u0131 art\u0131k kendisi kar\u015f\u0131layabilecek. Daha \u00f6nceden \u00e7e\u015fitli ameliyatlar ge\u00e7irmi\u015fti ama ameliyatlar\u0131n \u00e7o\u011fu ba\u015far\u0131s\u0131z olmu\u015ftu, \u00e7ok efektif de\u011fildi. Elleri, parmaklar\u0131 \u00e7ok ileri derecede \u00e7ekinti yapm\u0131\u015ft\u0131. G\u00f6z kapaklar\u0131 \u00e7ok k\u00f6t\u00fc olmu\u015ftu. Yani ba\u015far\u0131l\u0131 ameliyatlar de\u011fildi. Biz bunlar\u0131n hepsini d\u00fczelttik. 7 ki\u015filik ekibimizle be\u015f saatte bu ameliyat\u0131 ger\u00e7ekle\u015ftirdik.&#8221;<\/p>\n<p>                            <span class=\"detay-foto-editor\">&#13;<br \/>\n                                <a href=\"https:\/\/www.aa.com.tr\/tr\/p\/abonelik-talep-formu\/1001\" target=\"_blank\" style=\"font-size:12px; color:#444; text-decoration:none;\" rel=\"noopener\">&#13;<br \/>\n                                    Anadolu Ajans\u0131 web sitesinde, AA Haber Ak\u0131\u015f Sistemi (HAS) \u00fczerinden abonelere sunulan haberler, \u00f6zetlenerek yay\u0131mlanmaktad\u0131r. <b style=\"color:#1897F7\">Abonelik i\u00e7in l\u00fctfen ileti\u015fime ge\u00e7iniz.<\/b>&#13;<br \/>\n                                <\/a>&#13;<br \/>\n                            <\/span>\n                        <\/div>\n<p><script>\n\t  window.fbAsyncInit = function() {\n\t\tFB.init({\n\t\t  appId: '1855843514662870',\n\t\t  status : true, \/\/ check login status\n\t\t  cookie : true, \/\/ enable cookies to allow the server to access the session\n\t\t  xfbml  : true  \/\/ parse XFBML\n\t\t});\n\t  };<\/p>\n<p>\t  (function() {\n\t\tvar e = document.createElement('script');\n\t\te.src=\"https:\/\/connect.facebook.net\/tr_TR\/all.js\";\n\t\te.async = true;\n\t\tdocument.getElementById('fb-root').appendChild(e);\n\t  }());\n    <\/script><\/p>\n","protected":false},"excerpt":{"rendered":"<p>Sakarya&#8217;da 2 y\u0131l \u00f6nce evlerindeki soban\u0131n parlamas\u0131yla \u00e7\u0131kan yang\u0131nda v\u00fccudunun b\u00fcy\u00fck k\u0131sm\u0131 yanan k\u00fc\u00e7\u00fck Eymen, bir s\u00fcre yo\u011fun bak\u0131mda tedavi edildi. Tedavisinin ard\u0131ndan v\u00fccudundaki yan\u0131k izlerini ve sorunlar\u0131 gidermek i\u00e7in farkl\u0131 kentlerdeki hastanelere g\u00f6t\u00fcr\u00fclen Bek\u00e7i, istedi\u011fi sonu\u00e7lar\u0131 alamad\u0131. Eymen Asaf Bek\u00e7i&#8217;ye, Ala Hayat Minik Masumlar Derne\u011finin (AHM\u0130MDER) deste\u011fiyle \u015eanl\u0131urfa&#8217;daki \u00f6zel hastanede yap\u0131lan ba\u015far\u0131l\u0131 operasyonla doku [&hellip;]<\/p>\n","protected":false},"author":1,"featured_media":5048,"comment_status":"","ping_status":"","sticky":false,"template":"","format":"standard","meta":[],"categories":[46],"tags":[],"_links":{"self":[{"href":"https:\/\/kraios.app\/news\/wp-json\/wp\/v2\/posts\/5047"}],"collection":[{"href":"https:\/\/kraios.app\/news\/wp-json\/wp\/v2\/posts"}],"about":[{"href":"https:\/\/kraios.app\/news\/wp-json\/wp\/v2\/types\/post"}],"author":[{"embeddable":true,"href":"https:\/\/kraios.app\/news\/wp-json\/wp\/v2\/users\/1"}],"replies":[{"embeddable":true,"href":"https:\/\/kraios.app\/news\/wp-json\/wp\/v2\/comments?post=5047"}],"version-history":[{"count":0,"href":"https:\/\/kraios.app\/news\/wp-json\/wp\/v2\/posts\/5047\/revisions"}],"wp:featuredmedia":[{"embeddable":true,"href":"https:\/\/kraios.app\/news\/wp-json\/wp\/v2\/media\/5048"}],"wp:attachment":[{"href":"https:\/\/kraios.app\/news\/wp-json\/wp\/v2\/media?parent=5047"}],"wp:term":[{"taxonomy":"category","embeddable":true,"href":"https:\/\/kraios.app\/news\/wp-json\/wp\/v2\/categories?post=5047"},{"taxonomy":"post_tag","embeddable":true,"href":"https:\/\/kraios.app\/news\/wp-json\/wp\/v2\/tags?post=5047"}],"curies":[{"name":"wp","href":"https:\/\/api.w.org\/{rel}","templated":true}]}}