{"id":4796,"date":"2023-05-13T22:20:04","date_gmt":"2023-05-13T22:20:04","guid":{"rendered":"https:\/\/kraios.app\/news\/saglik\/2023\/05\/13\/yapiminda-sona-gelinen-defne-devlet-hastanesi-10-gune-tamamlanacak\/"},"modified":"2023-05-13T22:20:04","modified_gmt":"2023-05-13T22:20:04","slug":"yapiminda-sona-gelinen-defne-devlet-hastanesi-10-gune-tamamlanacak","status":"publish","type":"post","link":"https:\/\/kraios.app\/news\/saglik\/2023\/05\/13\/yapiminda-sona-gelinen-defne-devlet-hastanesi-10-gune-tamamlanacak\/","title":{"rendered":"Yap\u0131m\u0131nda sona gelinen Defne Devlet Hastanesi 10 g\u00fcne tamamlanacak"},"content":{"rendered":"<p><\/p>\n<div>\n<p>&#8220;Asr\u0131n felaketi&#8221; olarak nitelenen 6 \u015eubat&#8217;taki depremlerde b\u00fcy\u00fck hasar g\u00f6ren Defne il\u00e7esi Bostanc\u0131k Mahallesi&#8217;nde, 24 Mart&#8217;ta temeli at\u0131lan hastane in\u015faat\u0131ndaki \u00e7al\u0131\u015fmalar hummal\u0131 \u015fekilde s\u00fcr\u00fcyor.<\/p>\n<p>\u00c7ok say\u0131da personelin 24 saat esas\u0131na g\u00f6re \u00e7al\u0131\u015ft\u0131\u011f\u0131 hastane in\u015faat\u0131nda son a\u015famaya yakla\u015f\u0131ld\u0131.<\/p>\n<p>T\u00fcm bran\u015flarda hizmet verecek, 300 yata\u011f\u0131, 80 yo\u011fun bak\u0131m yata\u011f\u0131 ve 12 ameliyathanesi bulunacak hastanenin, 10 g\u00fcn sonra tamamlanmas\u0131 hedefleniyor.<\/p>\n<p><img decoding=\"async\" alt=\"\" src=\"https:\/\/www.aa.com.tr\/uploads\/userFiles\/caec1b32-8257-4f58-87b0-6657c62b92b3\/New%20folder%20(19)%2FNew%20folder%20(11)%2FAA-31126274.jpg\"\/><\/p>\n<h3>\u0130l\u00e7e sakinleri a\u00e7\u0131l\u0131\u015f i\u00e7in g\u00fcn say\u0131yor<\/h3>\n<p>Defne il\u00e7esi sakinleri de b\u00f6lge i\u00e7in b\u00fcy\u00fck \u00f6nem ta\u015f\u0131yan hastanenin faaliyete girmesi i\u00e7in g\u00fcn say\u0131yor.<\/p>\n<p>Vatanda\u015flardan 62 ya\u015f\u0131ndaki Adnan Ayranc\u0131, AA muhabirine, il\u00e7elerinde daha \u00f6nce devlet hastanesi bulunmad\u0131\u011f\u0131n\u0131 ve bunun b\u00fcy\u00fck bir ihtiya\u00e7 oldu\u011funu s\u00f6yledi.<\/p>\n<p><img decoding=\"async\" alt=\"\" src=\"https:\/\/www.aa.com.tr\/uploads\/userFiles\/caec1b32-8257-4f58-87b0-6657c62b92b3\/New%20folder%20(19)%2FNew%20folder%20(11)%2FAA-31126275.jpg\"\/><\/p>\n<p>Yap\u0131m\u0131 h\u0131zla s\u00fcren Defne Devlet Hastanesinin b\u00f6lge halk\u0131 i\u00e7in umut oldu\u011funu ifade eden Ayranc\u0131, &#8220;Defne&#8217;ye ger\u00e7ekten bir devlet hastanesi laz\u0131md\u0131. Daha \u00f6nce hastane ihtiyac\u0131m\u0131z i\u00e7in Samanda\u011f veya Antakya il\u00e7elerine gidiyorduk ancak burada hastane a\u00e7\u0131lmas\u0131 bizim a\u00e7\u0131m\u0131zdan \u00e7ok iyi oldu, in\u015faat\u0131n\u0131 da acilen yapt\u0131lar ve s\u00fcrekli \u00e7al\u0131\u015f\u0131yorlar. Yaln\u0131z ben de\u011fil b\u00fct\u00fcn \u00e7evre halk\u0131 memnun olduk.&#8221; diye konu\u015ftu.<\/p>\n<p>\u0130l\u00e7e sakinlerinden 52 ya\u015f\u0131ndaki Fatma Gezer de depremlerde hastanelerin \u00f6nemini daha iyi anlad\u0131klar\u0131n\u0131 dile getirdi.<\/p>\n<p><img decoding=\"async\" alt=\"\" src=\"https:\/\/www.aa.com.tr\/uploads\/userFiles\/caec1b32-8257-4f58-87b0-6657c62b92b3\/New%20folder%20(19)%2FNew%20folder%20(11)%2FAA-31126280.jpg\"\/><\/p>\n<p>Defne&#8217;de \u00e7ok h\u0131zl\u0131 \u015fekilde hastane yap\u0131lmas\u0131n\u0131n kendilerini memnun etti\u011fini kaydeden Gezer, &#8220;\u0130\u015f\u00e7iler \u00e7ok iyi bir \u015fekilde gece g\u00fcnd\u00fcz \u00e7al\u0131\u015f\u0131yor, memnunuz. Bizim mahallede bir hastanenin olmas\u0131 b\u00fcy\u00fck bir ihtiya\u00e7t\u0131, \u00e7ok uzaklara gidiyorduk. Gece g\u00fcnd\u00fcz \u00e7al\u0131\u015fma sesini duyuyoruz.&#8221; dedi.<\/p>\n<p>Semire Yi\u011fit ise hastanede vardiyal\u0131 olarak s\u00fcrekli i\u015f\u00e7ilerin \u00e7al\u0131\u015ft\u0131\u011f\u0131n\u0131 g\u00f6rd\u00fc\u011f\u00fcn\u00fc belirterek, &#8220;\u00c7ok az ara verdiklerini g\u00f6r\u00fcyorum, g\u00fcnde sadece 1-2 saat ara veriyorlar, gece de \u00e7al\u0131\u015fmalar s\u00fcr\u00fcyor. \u0130n\u015fallah g\u00fczel olacak. \u00c7ok gerekliydi, deprem an\u0131nda \u00e7ok b\u00fcy\u00fck ihtiya\u00e7t\u0131. \u015eu anda bu hastanenin olmas\u0131 bizim i\u00e7in bir umut, in\u015fallah en k\u0131sa zamanda a\u00e7\u0131l\u0131r.&#8221; ifadelerini kulland\u0131.<\/p>\n<p>                            <span class=\"detay-foto-editor\">&#13;<br \/>\n                                <a href=\"https:\/\/www.aa.com.tr\/tr\/p\/abonelik-talep-formu\/1001\" target=\"_blank\" style=\"font-size:12px; color:#444; text-decoration:none;\" rel=\"noopener\">&#13;<br \/>\n                                    Anadolu Ajans\u0131 web sitesinde, AA Haber Ak\u0131\u015f Sistemi (HAS) \u00fczerinden abonelere sunulan haberler, \u00f6zetlenerek yay\u0131mlanmaktad\u0131r. <b style=\"color:#1897F7\">Abonelik i\u00e7in l\u00fctfen ileti\u015fime ge\u00e7iniz.<\/b>&#13;<br \/>\n                                <\/a>&#13;<br \/>\n                            <\/span>\n                        <\/div>\n<p><script>\n\t  window.fbAsyncInit = function() {\n\t\tFB.init({\n\t\t  appId: '1855843514662870',\n\t\t  status : true, \/\/ check login status\n\t\t  cookie : true, \/\/ enable cookies to allow the server to access the session\n\t\t  xfbml  : true  \/\/ parse XFBML\n\t\t});\n\t  };<\/p>\n<p>\t  (function() {\n\t\tvar e = document.createElement('script');\n\t\te.src=\"https:\/\/connect.facebook.net\/tr_TR\/all.js\";\n\t\te.async = true;\n\t\tdocument.getElementById('fb-root').appendChild(e);\n\t  }());\n    <\/script><\/p>\n","protected":false},"excerpt":{"rendered":"<p>&#8220;Asr\u0131n felaketi&#8221; olarak nitelenen 6 \u015eubat&#8217;taki depremlerde b\u00fcy\u00fck hasar g\u00f6ren Defne il\u00e7esi Bostanc\u0131k Mahallesi&#8217;nde, 24 Mart&#8217;ta temeli at\u0131lan hastane in\u015faat\u0131ndaki \u00e7al\u0131\u015fmalar hummal\u0131 \u015fekilde s\u00fcr\u00fcyor. \u00c7ok say\u0131da personelin 24 saat esas\u0131na g\u00f6re \u00e7al\u0131\u015ft\u0131\u011f\u0131 hastane in\u015faat\u0131nda son a\u015famaya yakla\u015f\u0131ld\u0131. T\u00fcm bran\u015flarda hizmet verecek, 300 yata\u011f\u0131, 80 yo\u011fun bak\u0131m yata\u011f\u0131 ve 12 ameliyathanesi bulunacak hastanenin, 10 g\u00fcn sonra [&hellip;]<\/p>\n","protected":false},"author":1,"featured_media":4797,"comment_status":"","ping_status":"","sticky":false,"template":"","format":"standard","meta":[],"categories":[46],"tags":[],"_links":{"self":[{"href":"https:\/\/kraios.app\/news\/wp-json\/wp\/v2\/posts\/4796"}],"collection":[{"href":"https:\/\/kraios.app\/news\/wp-json\/wp\/v2\/posts"}],"about":[{"href":"https:\/\/kraios.app\/news\/wp-json\/wp\/v2\/types\/post"}],"author":[{"embeddable":true,"href":"https:\/\/kraios.app\/news\/wp-json\/wp\/v2\/users\/1"}],"replies":[{"embeddable":true,"href":"https:\/\/kraios.app\/news\/wp-json\/wp\/v2\/comments?post=4796"}],"version-history":[{"count":0,"href":"https:\/\/kraios.app\/news\/wp-json\/wp\/v2\/posts\/4796\/revisions"}],"wp:featuredmedia":[{"embeddable":true,"href":"https:\/\/kraios.app\/news\/wp-json\/wp\/v2\/media\/4797"}],"wp:attachment":[{"href":"https:\/\/kraios.app\/news\/wp-json\/wp\/v2\/media?parent=4796"}],"wp:term":[{"taxonomy":"category","embeddable":true,"href":"https:\/\/kraios.app\/news\/wp-json\/wp\/v2\/categories?post=4796"},{"taxonomy":"post_tag","embeddable":true,"href":"https:\/\/kraios.app\/news\/wp-json\/wp\/v2\/tags?post=4796"}],"curies":[{"name":"wp","href":"https:\/\/api.w.org\/{rel}","templated":true}]}}