{"id":4792,"date":"2023-05-13T21:20:10","date_gmt":"2023-05-13T21:20:10","guid":{"rendered":"https:\/\/kraios.app\/news\/gundem\/2023\/05\/13\/cumhurbaskani-erdogan-ayasofya-i-kebir-cami-i-serifinde-namaz-kildi-kuran-okudu\/"},"modified":"2023-05-13T21:20:10","modified_gmt":"2023-05-13T21:20:10","slug":"cumhurbaskani-erdogan-ayasofya-i-kebir-cami-i-serifinde-namaz-kildi-kuran-okudu","status":"publish","type":"post","link":"https:\/\/kraios.app\/news\/gundem\/2023\/05\/13\/cumhurbaskani-erdogan-ayasofya-i-kebir-cami-i-serifinde-namaz-kildi-kuran-okudu\/","title":{"rendered":"Cumhurba\u015fkan\u0131 Erdo\u011fan, Ayasofya-i Kebir Cami-i \u015eerifi&#039;nde namaz k\u0131ld\u0131, Kur&#039;an okudu"},"content":{"rendered":"<p>Cumhurba\u015fkan\u0131 Recep Tayyip Erdo\u011fan, Ayasofya-i Kebir Cami-i \u015eerifi&#8217;nde namaz k\u0131ld\u0131, Kur&#8217;an-\u0131 Kerim okudu.<\/p>\n","protected":false},"excerpt":{"rendered":"<p>Cumhurba\u015fkan\u0131 Recep Tayyip Erdo\u011fan, Ayasofya-i Kebir Cami-i \u015eerifi&#8217;nde namaz k\u0131ld\u0131, Kur&#8217;an-\u0131 Kerim okudu.<\/p>\n","protected":false},"author":1,"featured_media":4793,"comment_status":"","ping_status":"","sticky":false,"template":"","format":"standard","meta":[],"categories":[1],"tags":[],"_links":{"self":[{"href":"https:\/\/kraios.app\/news\/wp-json\/wp\/v2\/posts\/4792"}],"collection":[{"href":"https:\/\/kraios.app\/news\/wp-json\/wp\/v2\/posts"}],"about":[{"href":"https:\/\/kraios.app\/news\/wp-json\/wp\/v2\/types\/post"}],"author":[{"embeddable":true,"href":"https:\/\/kraios.app\/news\/wp-json\/wp\/v2\/users\/1"}],"replies":[{"embeddable":true,"href":"https:\/\/kraios.app\/news\/wp-json\/wp\/v2\/comments?post=4792"}],"version-history":[{"count":0,"href":"https:\/\/kraios.app\/news\/wp-json\/wp\/v2\/posts\/4792\/revisions"}],"wp:featuredmedia":[{"embeddable":true,"href":"https:\/\/kraios.app\/news\/wp-json\/wp\/v2\/media\/4793"}],"wp:attachment":[{"href":"https:\/\/kraios.app\/news\/wp-json\/wp\/v2\/media?parent=4792"}],"wp:term":[{"taxonomy":"category","embeddable":true,"href":"https:\/\/kraios.app\/news\/wp-json\/wp\/v2\/categories?post=4792"},{"taxonomy":"post_tag","embeddable":true,"href":"https:\/\/kraios.app\/news\/wp-json\/wp\/v2\/tags?post=4792"}],"curies":[{"name":"wp","href":"https:\/\/api.w.org\/{rel}","templated":true}]}}