{"id":4774,"date":"2023-05-13T13:20:07","date_gmt":"2023-05-13T13:20:07","guid":{"rendered":"https:\/\/kraios.app\/news\/saglik\/2023\/05\/13\/saglik-bakani-koca-sancaktepe-sehir-hastanesi-ve-saglik-kampusunun-insaatina-baslandi\/"},"modified":"2023-05-13T13:20:07","modified_gmt":"2023-05-13T13:20:07","slug":"saglik-bakani-koca-sancaktepe-sehir-hastanesi-ve-saglik-kampusunun-insaatina-baslandi","status":"publish","type":"post","link":"https:\/\/kraios.app\/news\/saglik\/2023\/05\/13\/saglik-bakani-koca-sancaktepe-sehir-hastanesi-ve-saglik-kampusunun-insaatina-baslandi\/","title":{"rendered":"Sa\u011fl\u0131k Bakan\u0131 Koca: Sancaktepe \u015eehir Hastanesi ve Sa\u011fl\u0131k Kamp\u00fcs\u00fc&#039;n\u00fcn in\u015faat\u0131na ba\u015fland\u0131"},"content":{"rendered":"<p>Sa\u011fl\u0131k Bakan\u0131 Fahrettin Koca, \u0130stanbul&#8217;un be\u015finci \u015fehir hastanesi olarak planlanan Sancaktepe \u015eehir Hastanesi ve Sa\u011fl\u0131k Kamp\u00fcs\u00fc&#8217;n\u00fcn in\u015faat\u0131na ba\u015flan\u0131ld\u0131\u011f\u0131n\u0131 bildirdi.<\/p>\n","protected":false},"excerpt":{"rendered":"<p>Sa\u011fl\u0131k Bakan\u0131 Fahrettin Koca, \u0130stanbul&#8217;un be\u015finci \u015fehir hastanesi olarak planlanan Sancaktepe \u015eehir Hastanesi ve Sa\u011fl\u0131k Kamp\u00fcs\u00fc&#8217;n\u00fcn in\u015faat\u0131na ba\u015flan\u0131ld\u0131\u011f\u0131n\u0131 bildirdi.<\/p>\n","protected":false},"author":1,"featured_media":4775,"comment_status":"","ping_status":"","sticky":false,"template":"","format":"standard","meta":[],"categories":[46],"tags":[],"_links":{"self":[{"href":"https:\/\/kraios.app\/news\/wp-json\/wp\/v2\/posts\/4774"}],"collection":[{"href":"https:\/\/kraios.app\/news\/wp-json\/wp\/v2\/posts"}],"about":[{"href":"https:\/\/kraios.app\/news\/wp-json\/wp\/v2\/types\/post"}],"author":[{"embeddable":true,"href":"https:\/\/kraios.app\/news\/wp-json\/wp\/v2\/users\/1"}],"replies":[{"embeddable":true,"href":"https:\/\/kraios.app\/news\/wp-json\/wp\/v2\/comments?post=4774"}],"version-history":[{"count":0,"href":"https:\/\/kraios.app\/news\/wp-json\/wp\/v2\/posts\/4774\/revisions"}],"wp:featuredmedia":[{"embeddable":true,"href":"https:\/\/kraios.app\/news\/wp-json\/wp\/v2\/media\/4775"}],"wp:attachment":[{"href":"https:\/\/kraios.app\/news\/wp-json\/wp\/v2\/media?parent=4774"}],"wp:term":[{"taxonomy":"category","embeddable":true,"href":"https:\/\/kraios.app\/news\/wp-json\/wp\/v2\/categories?post=4774"},{"taxonomy":"post_tag","embeddable":true,"href":"https:\/\/kraios.app\/news\/wp-json\/wp\/v2\/tags?post=4774"}],"curies":[{"name":"wp","href":"https:\/\/api.w.org\/{rel}","templated":true}]}}