{"id":4742,"date":"2023-05-13T03:20:04","date_gmt":"2023-05-13T03:20:04","guid":{"rendered":"https:\/\/kraios.app\/news\/gundem\/2023\/05\/13\/kultur-ve-turizm-bakanligi-sozlesmeli-127-personel-alacak\/"},"modified":"2023-05-13T03:20:04","modified_gmt":"2023-05-13T03:20:04","slug":"kultur-ve-turizm-bakanligi-sozlesmeli-127-personel-alacak","status":"publish","type":"post","link":"https:\/\/kraios.app\/news\/gundem\/2023\/05\/13\/kultur-ve-turizm-bakanligi-sozlesmeli-127-personel-alacak\/","title":{"rendered":"K\u00fclt\u00fcr ve Turizm Bakanl\u0131\u011f\u0131 s\u00f6zle\u015fmeli 127 personel alacak"},"content":{"rendered":"<p>K\u00fclt\u00fcr ve Turizm Bakanl\u0131\u011f\u0131nca, ta\u015fra te\u015fkilat\u0131nda istihdam edilmek \u00fczere yaz\u0131l\u0131 ve s\u00f6zl\u00fc s\u0131nav yap\u0131lmaks\u0131z\u0131n s\u00f6zle\u015fmeli 127 personel al\u0131m\u0131 yap\u0131lacak.<\/p>\n","protected":false},"excerpt":{"rendered":"<p>K\u00fclt\u00fcr ve Turizm Bakanl\u0131\u011f\u0131nca, ta\u015fra te\u015fkilat\u0131nda istihdam edilmek \u00fczere yaz\u0131l\u0131 ve s\u00f6zl\u00fc s\u0131nav yap\u0131lmaks\u0131z\u0131n s\u00f6zle\u015fmeli 127 personel al\u0131m\u0131 yap\u0131lacak.<\/p>\n","protected":false},"author":1,"featured_media":4743,"comment_status":"","ping_status":"","sticky":false,"template":"","format":"standard","meta":[],"categories":[1],"tags":[],"_links":{"self":[{"href":"https:\/\/kraios.app\/news\/wp-json\/wp\/v2\/posts\/4742"}],"collection":[{"href":"https:\/\/kraios.app\/news\/wp-json\/wp\/v2\/posts"}],"about":[{"href":"https:\/\/kraios.app\/news\/wp-json\/wp\/v2\/types\/post"}],"author":[{"embeddable":true,"href":"https:\/\/kraios.app\/news\/wp-json\/wp\/v2\/users\/1"}],"replies":[{"embeddable":true,"href":"https:\/\/kraios.app\/news\/wp-json\/wp\/v2\/comments?post=4742"}],"version-history":[{"count":0,"href":"https:\/\/kraios.app\/news\/wp-json\/wp\/v2\/posts\/4742\/revisions"}],"wp:featuredmedia":[{"embeddable":true,"href":"https:\/\/kraios.app\/news\/wp-json\/wp\/v2\/media\/4743"}],"wp:attachment":[{"href":"https:\/\/kraios.app\/news\/wp-json\/wp\/v2\/media?parent=4742"}],"wp:term":[{"taxonomy":"category","embeddable":true,"href":"https:\/\/kraios.app\/news\/wp-json\/wp\/v2\/categories?post=4742"},{"taxonomy":"post_tag","embeddable":true,"href":"https:\/\/kraios.app\/news\/wp-json\/wp\/v2\/tags?post=4742"}],"curies":[{"name":"wp","href":"https:\/\/api.w.org\/{rel}","templated":true}]}}