{"id":4734,"date":"2023-05-13T01:42:32","date_gmt":"2023-05-13T01:42:32","guid":{"rendered":"https:\/\/kraios.app\/news\/saglik\/2023\/05\/13\/kanseri-turkok-bagisiyla-ikinci-kez-yendi\/"},"modified":"2023-05-13T01:42:32","modified_gmt":"2023-05-13T01:42:32","slug":"kanseri-turkok-bagisiyla-ikinci-kez-yendi","status":"publish","type":"post","link":"https:\/\/kraios.app\/news\/saglik\/2023\/05\/13\/kanseri-turkok-bagisiyla-ikinci-kez-yendi\/","title":{"rendered":"Kanseri T\u00dcRK\u00d6K ba\u011f\u0131\u015f\u0131yla ikinci kez yendi"},"content":{"rendered":"<p><\/p>\n<div>\n<p>Elaz\u0131\u011f&#8217;da ya\u015fayan 2 \u00e7ocuk babas\u0131 fabrika i\u015f\u00e7isi 58 ya\u015f\u0131ndaki Karabatak&#8217;a, yakla\u015f\u0131k 6 y\u0131l \u00f6nce lenf kanseri te\u015fhisi konuldu.<\/p>\n<p>Karabatak, 2018 y\u0131l\u0131nda \u0130n\u00f6n\u00fc \u00dcniversitesi Turgut \u00d6zal T\u0131p Merkezi&#8217;nde yap\u0131lan kemik ili\u011fi nakliyle ya\u015fama tutundu.<\/p>\n<p>Ayn\u0131 hastal\u0131k 5 y\u0131l sonra yeniden n\u00fckseden ve ge\u00e7en y\u0131l karde\u015flerinden yap\u0131lan k\u00f6k h\u00fccre taramalar\u0131 uyumsuz olan Karabatak i\u00e7in T\u00dcRK\u00d6K&#8217;e ba\u015fvuruldu.<\/p>\n<p>Y\u0131l ba\u015f\u0131nda T\u00dcRK\u00d6K&#8217;ten bulunan uyumlu don\u00f6r haberiyle umutlanan Karabatak, &#8220;asr\u0131n felaketi&#8221;nin ya\u015fand\u0131\u011f\u0131 Kahramanmara\u015f merkezli depremlerden ciddi \u015fekilde etkilenen Malatya&#8217;da, K\u00f6k H\u00fccre ve Aferez \u00dcnitesi ile Doku Tipleme Laboratuvar\u0131 Sorumlusu Prof. Dr. Mehmet Ali Erkurt ve ekibince yap\u0131lan ba\u015far\u0131l\u0131 nakille sa\u011fl\u0131\u011f\u0131na kavu\u015ftu.<\/p>\n<p><img decoding=\"async\" alt=\"\" src=\"https:\/\/www.aa.com.tr\/uploads\/userFiles\/9c85db40-ef31-40fe-a989-05c7e506d5d0\/05_2023%2F11052023%2Fkanser1_.jpg\"\/><\/p>\n<p>Prof. Dr. Erkut, AA muhabirine, 5 y\u0131l \u00f6nce k\u00f6k h\u00fccre nakli yapt\u0131klar\u0131 Karabatak&#8217;\u0131n hastal\u0131\u011f\u0131n yeniden n\u00fcksetmesi \u00fczerine k\u00f6k h\u00fccre bulmaya \u00e7al\u0131\u015ft\u0131klar\u0131n\u0131 s\u00f6yledi.<\/p>\n<p>Karde\u015f taramalar\u0131n\u0131n uyumsuz olmas\u0131yla T\u00dcRK\u00d6K&#8217;e nakil i\u00e7in ba\u015fvurduklar\u0131n\u0131 anlatan Erkut, &#8220;Sa\u011fl\u0131k Bakanl\u0131\u011f\u0131na ba\u011fl\u0131 yakla\u015f\u0131k 1 milyon kemik ili\u011fi don\u00f6r\u00fc bulunan \u00f6nemli kurulu\u015f T\u00dcRK\u00d6K&#8217;te, karde\u015f don\u00f6r\u00fc olmayan hastalara k\u00f6k h\u00fccre buluyoruz. Karabatak&#8217;a T\u00dcRK\u00d6K taramalar\u0131 sonucu tam uyumlu don\u00f6r \u00e7\u0131kt\u0131 ve buradan ald\u0131\u011f\u0131m\u0131z k\u00f6k h\u00fccre ile allojenik dedi\u011fimiz k\u00f6k h\u00fccre naklini ger\u00e7ekle\u015ftirdik.&#8221; dedi.<\/p>\n<p>Erkut, nakilden sonra genel durumu iyi olan hastay\u0131 sa\u011fl\u0131kla taburcu etmenin mutlulu\u011funu ya\u015fad\u0131klar\u0131n\u0131 ifade etti.<\/p>\n<h3>&#8220;Baz\u0131 n\u00fckseden hastalara birden fazla k\u00f6k h\u00fccre nakli yap\u0131yoruz&#8221;<\/h3>\n<p>L\u00f6semi ya da lenf kanseri hastal\u0131\u011f\u0131nda k\u00f6k h\u00fccre naklinin en \u00f6nemli tedavi y\u00f6ntemlerinin ba\u015f\u0131nda geldi\u011fini aktaran Erkut, \u015funlar\u0131 kaydetti:<\/p>\n<p>&#8220;Hastam\u0131z 2. k\u00f6k h\u00fccre naklini oldu, bu \u00f6nemliydi. Biz baz\u0131 hastal\u0131\u011f\u0131 n\u00fckseden hastalara birden fazla k\u00f6k h\u00fccre nakli yap\u0131yoruz. T\u00dcRK\u00d6K \u00f6nemli bir kurulu\u015f, kemik ili\u011fi ba\u011f\u0131\u015f\u00e7\u0131s\u0131 olmal\u0131y\u0131z. Ben de kemik ili\u011fi ba\u011f\u0131\u015f\u00e7\u0131s\u0131y\u0131m. K\u0131z\u0131lay&#8217;a kan verdim, e\u011fer uyumlu olursa ba\u011f\u0131\u015f\u00e7\u0131 olaca\u011f\u0131m\u0131 belirtmek istedim. Hastam\u0131z depremlerde Elaz\u0131\u011f&#8217;dayd\u0131, depremlere ra\u011fmen Malatya&#8217;ya geldi ve k\u00f6k h\u00fccre naklini burada oldu.&#8221;<\/p>\n<h3>Depremlere ra\u011fmen k\u00f6k h\u00fccre nakilleri devam etti<\/h3>\n<p>Karabatak ise 6 y\u0131l \u00f6nce koltuk alt\u0131nda \u015fi\u015flik \u015fikayetiyle ba\u015fvurdu\u011fu Elaz\u0131\u011f&#8217;daki hastanede lenf kanseri tan\u0131s\u0131 kondu\u011funu, bir s\u00fcre tedavi g\u00f6rd\u00fckten sonra 2018 y\u0131l\u0131nda Malatya&#8217;da kemik ili\u011fi nakli oldu\u011funu anlatt\u0131.<\/p>\n<p>Nakilden 5 y\u0131l ge\u00e7tikten sonra hastal\u0131\u011f\u0131n\u0131n yeniden n\u00fcksetmesiyle b\u00fcy\u00fck \u00fcz\u00fcnt\u00fc ya\u015fad\u0131\u011f\u0131n\u0131 dile getiren Karabatak, &#8220;T\u00dcRK\u00d6K&#8217;e kemik ili\u011fi i\u00e7in ba\u015fvurmu\u015ftuk, beklerken y\u0131lba\u015f\u0131nda sonra telefon geldi ve k\u00f6k h\u00fccre bulundu\u011fu s\u00f6ylendi. Nakil olmay\u0131 beklerken 6 \u015eubat&#8217;ta sabaha do\u011fru deprem olunca ilk akl\u0131ma ilk \u00f6nce k\u00f6k h\u00fccre oldu. Deprem nedeniyle nakil i\u015fi kald\u0131 diye \u00e7ok \u00fcz\u00fcld\u00fcm, \u00e7\u00fcnk\u00fc don\u00f6r bulunmas\u0131 i\u00e7in bekledi\u011fim s\u00fcre\u00e7 \u00e7ok zordu.&#8221; diye konu\u015ftu.<\/p>\n<p>Karabatak, y\u0131k\u0131m ve hasar\u0131n \u00e7ok oldu\u011fu Malatya&#8217;da depremlere ra\u011fmen hastanede nakil s\u00fcrecinin devam etmesine \u00e7ok sevindi\u011fini g\u00f6zya\u015flar\u0131 i\u00e7inde anlatarak \u015fu ifadeleri kulland\u0131:<\/p>\n<p>&#8220;Depremden sonra tedaviye al\u0131nd\u0131m, nakil oldum, \u015f\u00fck\u00fcrler olsun \u015fu an \u00e7ok iyiyim. Deprem oldu\u011funda &#8216;eyvah k\u00f6k h\u00fccre nakli i\u015fi biti&#8217; dedim. \u00c7\u00fcnk\u00fc Malatya&#8217;n\u0131n her taraf\u0131 y\u0131k\u0131lm\u0131\u015ft\u0131. Hastanenin bu \u015fekilde sa\u011flam oldu\u011funu ve hizmet verdi\u011fini bilmiyordum. Depremlere ra\u011fmen herkes \u00e7al\u0131\u015f\u0131yor. Allah raz\u0131 olsun, burada doktorlar ve hem\u015fireler \u00e7ok ilgili, hizmet m\u00fckemmel. Allah ba\u011f\u0131\u015f\u00e7\u0131dan raz\u0131 olsun. \u015eifayla taburcu oluyorum.&#8221;<\/p>\n<p>                            <span class=\"detay-foto-editor\">&#13;<br \/>\n                                <a href=\"https:\/\/www.aa.com.tr\/tr\/p\/abonelik-talep-formu\/1001\" target=\"_blank\" style=\"font-size:12px; color:#444; text-decoration:none;\" rel=\"noopener\">&#13;<br \/>\n                                    Anadolu Ajans\u0131 web sitesinde, AA Haber Ak\u0131\u015f Sistemi (HAS) \u00fczerinden abonelere sunulan haberler, \u00f6zetlenerek yay\u0131mlanmaktad\u0131r. <b style=\"color:#1897F7\">Abonelik i\u00e7in l\u00fctfen ileti\u015fime ge\u00e7iniz.<\/b>&#13;<br \/>\n                                <\/a>&#13;<br \/>\n                            <\/span>\n                        <\/div>\n<p><script>\n\t  window.fbAsyncInit = function() {\n\t\tFB.init({\n\t\t  appId: '1855843514662870',\n\t\t  status : true, \/\/ check login status\n\t\t  cookie : true, \/\/ enable cookies to allow the server to access the session\n\t\t  xfbml  : true  \/\/ parse XFBML\n\t\t});\n\t  };<\/p>\n<p>\t  (function() {\n\t\tvar e = document.createElement('script');\n\t\te.src=\"https:\/\/connect.facebook.net\/tr_TR\/all.js\";\n\t\te.async = true;\n\t\tdocument.getElementById('fb-root').appendChild(e);\n\t  }());\n    <\/script><\/p>\n","protected":false},"excerpt":{"rendered":"<p>Elaz\u0131\u011f&#8217;da ya\u015fayan 2 \u00e7ocuk babas\u0131 fabrika i\u015f\u00e7isi 58 ya\u015f\u0131ndaki Karabatak&#8217;a, yakla\u015f\u0131k 6 y\u0131l \u00f6nce lenf kanseri te\u015fhisi konuldu. Karabatak, 2018 y\u0131l\u0131nda \u0130n\u00f6n\u00fc \u00dcniversitesi Turgut \u00d6zal T\u0131p Merkezi&#8217;nde yap\u0131lan kemik ili\u011fi nakliyle ya\u015fama tutundu. Ayn\u0131 hastal\u0131k 5 y\u0131l sonra yeniden n\u00fckseden ve ge\u00e7en y\u0131l karde\u015flerinden yap\u0131lan k\u00f6k h\u00fccre taramalar\u0131 uyumsuz olan Karabatak i\u00e7in T\u00dcRK\u00d6K&#8217;e ba\u015fvuruldu. Y\u0131l [&hellip;]<\/p>\n","protected":false},"author":1,"featured_media":4735,"comment_status":"","ping_status":"","sticky":false,"template":"","format":"standard","meta":[],"categories":[46],"tags":[],"_links":{"self":[{"href":"https:\/\/kraios.app\/news\/wp-json\/wp\/v2\/posts\/4734"}],"collection":[{"href":"https:\/\/kraios.app\/news\/wp-json\/wp\/v2\/posts"}],"about":[{"href":"https:\/\/kraios.app\/news\/wp-json\/wp\/v2\/types\/post"}],"author":[{"embeddable":true,"href":"https:\/\/kraios.app\/news\/wp-json\/wp\/v2\/users\/1"}],"replies":[{"embeddable":true,"href":"https:\/\/kraios.app\/news\/wp-json\/wp\/v2\/comments?post=4734"}],"version-history":[{"count":0,"href":"https:\/\/kraios.app\/news\/wp-json\/wp\/v2\/posts\/4734\/revisions"}],"wp:featuredmedia":[{"embeddable":true,"href":"https:\/\/kraios.app\/news\/wp-json\/wp\/v2\/media\/4735"}],"wp:attachment":[{"href":"https:\/\/kraios.app\/news\/wp-json\/wp\/v2\/media?parent=4734"}],"wp:term":[{"taxonomy":"category","embeddable":true,"href":"https:\/\/kraios.app\/news\/wp-json\/wp\/v2\/categories?post=4734"},{"taxonomy":"post_tag","embeddable":true,"href":"https:\/\/kraios.app\/news\/wp-json\/wp\/v2\/tags?post=4734"}],"curies":[{"name":"wp","href":"https:\/\/api.w.org\/{rel}","templated":true}]}}