{"id":4730,"date":"2023-05-13T00:20:05","date_gmt":"2023-05-13T00:20:05","guid":{"rendered":"https:\/\/kraios.app\/news\/gundem\/2023\/05\/13\/ermenistan-sinirindaki-catismada-azerbaycan-askeri-sehit-oldu\/"},"modified":"2023-05-13T00:20:05","modified_gmt":"2023-05-13T00:20:05","slug":"ermenistan-sinirindaki-catismada-azerbaycan-askeri-sehit-oldu","status":"publish","type":"post","link":"https:\/\/kraios.app\/news\/gundem\/2023\/05\/13\/ermenistan-sinirindaki-catismada-azerbaycan-askeri-sehit-oldu\/","title":{"rendered":"Ermenistan s\u0131n\u0131r\u0131ndaki \u00e7at\u0131\u015fmada Azerbaycan askeri \u015fehit oldu"},"content":{"rendered":"<p>Azerbaycan Savunma Bakanl\u0131\u011f\u0131, s\u0131n\u0131rda Ermenistan g\u00fc\u00e7lerinin a\u00e7t\u0131\u011f\u0131 ate\u015f sonucu bir askerin \u015fehit oldu\u011funu duyurdu.<\/p>\n","protected":false},"excerpt":{"rendered":"<p>Azerbaycan Savunma Bakanl\u0131\u011f\u0131, s\u0131n\u0131rda Ermenistan g\u00fc\u00e7lerinin a\u00e7t\u0131\u011f\u0131 ate\u015f sonucu bir askerin \u015fehit oldu\u011funu duyurdu.<\/p>\n","protected":false},"author":1,"featured_media":4731,"comment_status":"","ping_status":"","sticky":false,"template":"","format":"standard","meta":[],"categories":[1],"tags":[],"_links":{"self":[{"href":"https:\/\/kraios.app\/news\/wp-json\/wp\/v2\/posts\/4730"}],"collection":[{"href":"https:\/\/kraios.app\/news\/wp-json\/wp\/v2\/posts"}],"about":[{"href":"https:\/\/kraios.app\/news\/wp-json\/wp\/v2\/types\/post"}],"author":[{"embeddable":true,"href":"https:\/\/kraios.app\/news\/wp-json\/wp\/v2\/users\/1"}],"replies":[{"embeddable":true,"href":"https:\/\/kraios.app\/news\/wp-json\/wp\/v2\/comments?post=4730"}],"version-history":[{"count":0,"href":"https:\/\/kraios.app\/news\/wp-json\/wp\/v2\/posts\/4730\/revisions"}],"wp:featuredmedia":[{"embeddable":true,"href":"https:\/\/kraios.app\/news\/wp-json\/wp\/v2\/media\/4731"}],"wp:attachment":[{"href":"https:\/\/kraios.app\/news\/wp-json\/wp\/v2\/media?parent=4730"}],"wp:term":[{"taxonomy":"category","embeddable":true,"href":"https:\/\/kraios.app\/news\/wp-json\/wp\/v2\/categories?post=4730"},{"taxonomy":"post_tag","embeddable":true,"href":"https:\/\/kraios.app\/news\/wp-json\/wp\/v2\/tags?post=4730"}],"curies":[{"name":"wp","href":"https:\/\/api.w.org\/{rel}","templated":true}]}}