{"id":4723,"date":"2023-05-12T20:20:06","date_gmt":"2023-05-12T20:20:06","guid":{"rendered":"https:\/\/kraios.app\/news\/saglik\/2023\/05\/12\/bakan-koca-istanbul-beykoz-devlet-hastanesinin-ihale-tarihini-acikladi\/"},"modified":"2023-05-12T20:20:06","modified_gmt":"2023-05-12T20:20:06","slug":"bakan-koca-istanbul-beykoz-devlet-hastanesinin-ihale-tarihini-acikladi","status":"publish","type":"post","link":"https:\/\/kraios.app\/news\/saglik\/2023\/05\/12\/bakan-koca-istanbul-beykoz-devlet-hastanesinin-ihale-tarihini-acikladi\/","title":{"rendered":"Bakan Koca, \u0130stanbul Beykoz Devlet Hastanesinin ihale tarihini a\u00e7\u0131klad\u0131"},"content":{"rendered":"<p>Sa\u011fl\u0131k Bakan\u0131 Fahrettin Koca, \u0130stanbul Beykoz Devlet Hastanesinin ihalesinin 20 Haziran&#8217;da yap\u0131laca\u011f\u0131n\u0131 ve in\u015faat\u0131na k\u0131sa s\u00fcrede ba\u015flanaca\u011f\u0131n\u0131 a\u00e7\u0131klad\u0131.<\/p>\n","protected":false},"excerpt":{"rendered":"<p>Sa\u011fl\u0131k Bakan\u0131 Fahrettin Koca, \u0130stanbul Beykoz Devlet Hastanesinin ihalesinin 20 Haziran&#8217;da yap\u0131laca\u011f\u0131n\u0131 ve in\u015faat\u0131na k\u0131sa s\u00fcrede ba\u015flanaca\u011f\u0131n\u0131 a\u00e7\u0131klad\u0131.<\/p>\n","protected":false},"author":1,"featured_media":4724,"comment_status":"","ping_status":"","sticky":false,"template":"","format":"standard","meta":[],"categories":[46],"tags":[],"_links":{"self":[{"href":"https:\/\/kraios.app\/news\/wp-json\/wp\/v2\/posts\/4723"}],"collection":[{"href":"https:\/\/kraios.app\/news\/wp-json\/wp\/v2\/posts"}],"about":[{"href":"https:\/\/kraios.app\/news\/wp-json\/wp\/v2\/types\/post"}],"author":[{"embeddable":true,"href":"https:\/\/kraios.app\/news\/wp-json\/wp\/v2\/users\/1"}],"replies":[{"embeddable":true,"href":"https:\/\/kraios.app\/news\/wp-json\/wp\/v2\/comments?post=4723"}],"version-history":[{"count":0,"href":"https:\/\/kraios.app\/news\/wp-json\/wp\/v2\/posts\/4723\/revisions"}],"wp:featuredmedia":[{"embeddable":true,"href":"https:\/\/kraios.app\/news\/wp-json\/wp\/v2\/media\/4724"}],"wp:attachment":[{"href":"https:\/\/kraios.app\/news\/wp-json\/wp\/v2\/media?parent=4723"}],"wp:term":[{"taxonomy":"category","embeddable":true,"href":"https:\/\/kraios.app\/news\/wp-json\/wp\/v2\/categories?post=4723"},{"taxonomy":"post_tag","embeddable":true,"href":"https:\/\/kraios.app\/news\/wp-json\/wp\/v2\/tags?post=4723"}],"curies":[{"name":"wp","href":"https:\/\/api.w.org\/{rel}","templated":true}]}}