{"id":4695,"date":"2023-05-12T09:21:36","date_gmt":"2023-05-12T09:21:36","guid":{"rendered":"https:\/\/kraios.app\/news\/gundem\/2023\/05\/12\/secimler-oncesi-tren-kapasiteleri-artirildi\/"},"modified":"2023-05-12T09:21:36","modified_gmt":"2023-05-12T09:21:36","slug":"secimler-oncesi-tren-kapasiteleri-artirildi","status":"publish","type":"post","link":"https:\/\/kraios.app\/news\/gundem\/2023\/05\/12\/secimler-oncesi-tren-kapasiteleri-artirildi\/","title":{"rendered":"Se\u00e7imler \u00f6ncesi tren kapasiteleri art\u0131r\u0131ld\u0131"},"content":{"rendered":"<p>Ula\u015ft\u0131rma ve Altyap\u0131 Bakanl\u0131\u011f\u0131, se\u00e7imleri \u00f6ncesinde artan yo\u011funlu\u011fu kar\u015f\u0131lamak \u00fczere h\u0131zl\u0131 trenlerde 2 bin 466, ana hat trenlerde 3 bin 866 olmak \u00fczere tren kapasitelerinin 6 bin 332 yolcu art\u0131r\u0131ld\u0131\u011f\u0131n\u0131 bildirdi.<\/p>\n","protected":false},"excerpt":{"rendered":"<p>Ula\u015ft\u0131rma ve Altyap\u0131 Bakanl\u0131\u011f\u0131, se\u00e7imleri \u00f6ncesinde artan yo\u011funlu\u011fu kar\u015f\u0131lamak \u00fczere h\u0131zl\u0131 trenlerde 2 bin 466, ana hat trenlerde 3 bin 866 olmak \u00fczere tren kapasitelerinin 6 bin 332 yolcu art\u0131r\u0131ld\u0131\u011f\u0131n\u0131 bildirdi.<\/p>\n","protected":false},"author":1,"featured_media":4696,"comment_status":"","ping_status":"","sticky":false,"template":"","format":"standard","meta":[],"categories":[1],"tags":[],"_links":{"self":[{"href":"https:\/\/kraios.app\/news\/wp-json\/wp\/v2\/posts\/4695"}],"collection":[{"href":"https:\/\/kraios.app\/news\/wp-json\/wp\/v2\/posts"}],"about":[{"href":"https:\/\/kraios.app\/news\/wp-json\/wp\/v2\/types\/post"}],"author":[{"embeddable":true,"href":"https:\/\/kraios.app\/news\/wp-json\/wp\/v2\/users\/1"}],"replies":[{"embeddable":true,"href":"https:\/\/kraios.app\/news\/wp-json\/wp\/v2\/comments?post=4695"}],"version-history":[{"count":0,"href":"https:\/\/kraios.app\/news\/wp-json\/wp\/v2\/posts\/4695\/revisions"}],"wp:featuredmedia":[{"embeddable":true,"href":"https:\/\/kraios.app\/news\/wp-json\/wp\/v2\/media\/4696"}],"wp:attachment":[{"href":"https:\/\/kraios.app\/news\/wp-json\/wp\/v2\/media?parent=4695"}],"wp:term":[{"taxonomy":"category","embeddable":true,"href":"https:\/\/kraios.app\/news\/wp-json\/wp\/v2\/categories?post=4695"},{"taxonomy":"post_tag","embeddable":true,"href":"https:\/\/kraios.app\/news\/wp-json\/wp\/v2\/tags?post=4695"}],"curies":[{"name":"wp","href":"https:\/\/api.w.org\/{rel}","templated":true}]}}