{"id":4669,"date":"2023-05-12T00:20:20","date_gmt":"2023-05-12T00:20:20","guid":{"rendered":"https:\/\/kraios.app\/news\/gundem\/2023\/05\/12\/libyanin-trablus-kenti-ile-istanbul-arasinda-gemi-seferleri-basladi\/"},"modified":"2023-05-12T00:20:20","modified_gmt":"2023-05-12T00:20:20","slug":"libyanin-trablus-kenti-ile-istanbul-arasinda-gemi-seferleri-basladi","status":"publish","type":"post","link":"https:\/\/kraios.app\/news\/gundem\/2023\/05\/12\/libyanin-trablus-kenti-ile-istanbul-arasinda-gemi-seferleri-basladi\/","title":{"rendered":"Libya&#039;n\u0131n Trablus kenti ile \u0130stanbul aras\u0131nda gemi seferleri ba\u015flad\u0131"},"content":{"rendered":"<p>Libya&#8217;n\u0131n ba\u015fkenti Trablus ile \u0130stanbul aras\u0131nda gemi seferlerinin ba\u015flad\u0131\u011f\u0131 belirtildi.<\/p>\n","protected":false},"excerpt":{"rendered":"<p>Libya&#8217;n\u0131n ba\u015fkenti Trablus ile \u0130stanbul aras\u0131nda gemi seferlerinin ba\u015flad\u0131\u011f\u0131 belirtildi.<\/p>\n","protected":false},"author":1,"featured_media":4670,"comment_status":"","ping_status":"","sticky":false,"template":"","format":"standard","meta":[],"categories":[1],"tags":[],"_links":{"self":[{"href":"https:\/\/kraios.app\/news\/wp-json\/wp\/v2\/posts\/4669"}],"collection":[{"href":"https:\/\/kraios.app\/news\/wp-json\/wp\/v2\/posts"}],"about":[{"href":"https:\/\/kraios.app\/news\/wp-json\/wp\/v2\/types\/post"}],"author":[{"embeddable":true,"href":"https:\/\/kraios.app\/news\/wp-json\/wp\/v2\/users\/1"}],"replies":[{"embeddable":true,"href":"https:\/\/kraios.app\/news\/wp-json\/wp\/v2\/comments?post=4669"}],"version-history":[{"count":0,"href":"https:\/\/kraios.app\/news\/wp-json\/wp\/v2\/posts\/4669\/revisions"}],"wp:featuredmedia":[{"embeddable":true,"href":"https:\/\/kraios.app\/news\/wp-json\/wp\/v2\/media\/4670"}],"wp:attachment":[{"href":"https:\/\/kraios.app\/news\/wp-json\/wp\/v2\/media?parent=4669"}],"wp:term":[{"taxonomy":"category","embeddable":true,"href":"https:\/\/kraios.app\/news\/wp-json\/wp\/v2\/categories?post=4669"},{"taxonomy":"post_tag","embeddable":true,"href":"https:\/\/kraios.app\/news\/wp-json\/wp\/v2\/tags?post=4669"}],"curies":[{"name":"wp","href":"https:\/\/api.w.org\/{rel}","templated":true}]}}