{"id":4660,"date":"2023-05-11T18:20:05","date_gmt":"2023-05-11T18:20:05","guid":{"rendered":"https:\/\/kraios.app\/news\/gundem\/2023\/05\/11\/dunya-genelinde-2022de-61-milyon-kisi-ulke-icinde-yerinden-edildi\/"},"modified":"2023-05-11T18:20:05","modified_gmt":"2023-05-11T18:20:05","slug":"dunya-genelinde-2022de-61-milyon-kisi-ulke-icinde-yerinden-edildi","status":"publish","type":"post","link":"https:\/\/kraios.app\/news\/gundem\/2023\/05\/11\/dunya-genelinde-2022de-61-milyon-kisi-ulke-icinde-yerinden-edildi\/","title":{"rendered":"D\u00fcnya genelinde 2022&#8217;de 61 milyon ki\u015fi \u00fclke i\u00e7inde yerinden edildi"},"content":{"rendered":"<p><\/p>\n<div>\n<p>Uluslararas\u0131 G\u00f6\u00e7 \u00d6rg\u00fct\u00fcnden (IOM) yap\u0131lan yaz\u0131l\u0131 a\u00e7\u0131klamada, \u00dclke \u0130\u00e7inde Yerinden Edilme \u0130zleme Merkezinin (IDMC) raporunda, 2022&#8217;deki \u00fclke i\u00e7inde yerinden edilme rakamlar\u0131n\u0131n ele al\u0131nd\u0131\u011f\u0131 belirtildi.<\/p>\n<p>Bu rakam\u0131n \u015fimdiye kadar bildirilen &#8220;en y\u00fcksek \u00fclke i\u00e7inde yerinden edilme&#8221; oldu\u011fu kaydedilen a\u00e7\u0131klamada, bunun yeni yerinden edilmelerle tekrarlanan yer de\u011fi\u015ftirmelerin hacmini de kapsad\u0131\u011f\u0131na i\u015faret edildi.<\/p>\n<p>Raporda, \u00e7at\u0131\u015fma ve \u015fiddetin 28,3 milyon yerinden edilmeyi tetikledi\u011fi ve bu rakam\u0131n y\u00fczde 60&#8217;\u0131n\u0131 Ukrayna&#8217;n\u0131n olu\u015fturdu\u011fu aktar\u0131ld\u0131.<\/p>\n<p>Her y\u0131l milyonlarca ki\u015finin afetler nedeniyle yerinden oldu\u011fu kaydedilen raporda, ge\u00e7en y\u0131l Pakistan&#8217;daki seller ve Filipinler&#8217;deki Noru Tayfunu da dahil do\u011fal afetlerin 32,6 milyon \u00fclke i\u00e7inde yerinden edilmeye yol a\u00e7t\u0131\u011f\u0131 vurguland\u0131.<\/p>\n<p>\u0130klim de\u011fi\u015fikli\u011fi ba\u011flam\u0131nda do\u011fal afetlerin daha s\u0131k ya\u015fanmas\u0131 ve s\u00fcresi ile yo\u011funlu\u011funun artt\u0131k\u00e7a bu say\u0131lar\u0131n da artmas\u0131n\u0131n bekledi\u011fi ifade edilen raporda, ayr\u0131ca D\u00fcnya Bankas\u0131&#8217;n\u0131n uyumlu eylem plan\u0131 yap\u0131lmad\u0131\u011f\u0131 takdirde 2050&#8217;ye kadar 216 milyon ki\u015finin &#8220;\u00fclke i\u00e7inde yerinden olmu\u015f iklim g\u00f6\u00e7meni&#8221; olaca\u011f\u0131 tahmininde bulundu\u011fu da belirtildi.<\/p>\n<h3>&#8220;\u0130klim eylemi konusundaki ortak \u00e7abalar\u0131m\u0131z\u0131 art\u0131rmal\u0131y\u0131z&#8221;<\/h3>\n<p>Raporda g\u00f6r\u00fc\u015flerine yer verilen IOM Genel Direkt\u00f6r\u00fc Antonio Vitorino, \u00f6nemli can kay\u0131plar\u0131na, evlerin ve ge\u00e7im kaynaklar\u0131n\u0131n tahrip olmas\u0131na ve yeni yer de\u011fi\u015ftirmelere neden olan b\u00fcy\u00fck \u00f6l\u00e7ekli felaketlerin devam eden e\u011filimine i\u015faret etti.<\/p>\n<p>Vitorino &#8220;\u0130klim eylemi konusundaki ortak \u00e7abalar\u0131m\u0131z\u0131 art\u0131rmak ayr\u0131ca g\u00fcvenli ve d\u00fczenli g\u00f6\u00e7 yollar\u0131na yat\u0131r\u0131m yapmak her zamankinden daha \u00f6nemli. \u00c7at\u0131\u015fma, \u015fiddet ve afetler nedeniyle yer de\u011fi\u015ftirmek zorunda kalan insanlar\u0131n ihtiya\u00e7lar\u0131n\u0131n belirlenmesi, insani yard\u0131mlar\u0131n ve temel hizmetlerin bu deste\u011fe en \u00e7ok ihtiya\u00e7 duyan ki\u015filere zaman\u0131nda ula\u015fabilmesi ad\u0131na b\u00fcy\u00fck \u00f6nem ta\u015f\u0131yor.&#8221; ifadelerini kulland\u0131.<\/p>\n<p>IDMC&#8217;nin 2023 raporunda, \u00fclke i\u00e7inde yerinden edilmeye y\u00f6nelik \u00e7\u00f6z\u00fcmlerin \u00f6n\u00fcndeki potansiyel engel olan g\u0131da g\u00fcvensizli\u011fine de vurgu yap\u0131ld\u0131.<\/p>\n<p>                            <span class=\"detay-foto-editor\">&#13;<br \/>\n                                <a href=\"https:\/\/www.aa.com.tr\/tr\/p\/abonelik-talep-formu\/1001\" target=\"_blank\" style=\"font-size:12px; color:#444; text-decoration:none;\" rel=\"noopener\">&#13;<br \/>\n                                    Anadolu Ajans\u0131 web sitesinde, AA Haber Ak\u0131\u015f Sistemi (HAS) \u00fczerinden abonelere sunulan haberler, \u00f6zetlenerek yay\u0131mlanmaktad\u0131r. <b style=\"color:#1897F7\">Abonelik i\u00e7in l\u00fctfen ileti\u015fime ge\u00e7iniz.<\/b>&#13;<br \/>\n                                <\/a>&#13;<br \/>\n                            <\/span>\n                        <\/div>\n<p><script>\n\t  window.fbAsyncInit = function() {\n\t\tFB.init({\n\t\t  appId: '1855843514662870',\n\t\t  status : true, \/\/ check login status\n\t\t  cookie : true, \/\/ enable cookies to allow the server to access the session\n\t\t  xfbml  : true  \/\/ parse XFBML\n\t\t});\n\t  };<\/p>\n<p>\t  (function() {\n\t\tvar e = document.createElement('script');\n\t\te.src=\"https:\/\/connect.facebook.net\/tr_TR\/all.js\";\n\t\te.async = true;\n\t\tdocument.getElementById('fb-root').appendChild(e);\n\t  }());\n    <\/script><\/p>\n","protected":false},"excerpt":{"rendered":"<p>Uluslararas\u0131 G\u00f6\u00e7 \u00d6rg\u00fct\u00fcnden (IOM) yap\u0131lan yaz\u0131l\u0131 a\u00e7\u0131klamada, \u00dclke \u0130\u00e7inde Yerinden Edilme \u0130zleme Merkezinin (IDMC) raporunda, 2022&#8217;deki \u00fclke i\u00e7inde yerinden edilme rakamlar\u0131n\u0131n ele al\u0131nd\u0131\u011f\u0131 belirtildi. Bu rakam\u0131n \u015fimdiye kadar bildirilen &#8220;en y\u00fcksek \u00fclke i\u00e7inde yerinden edilme&#8221; oldu\u011fu kaydedilen a\u00e7\u0131klamada, bunun yeni yerinden edilmelerle tekrarlanan yer de\u011fi\u015ftirmelerin hacmini de kapsad\u0131\u011f\u0131na i\u015faret edildi. Raporda, \u00e7at\u0131\u015fma ve \u015fiddetin 28,3 [&hellip;]<\/p>\n","protected":false},"author":1,"featured_media":4661,"comment_status":"","ping_status":"","sticky":false,"template":"","format":"standard","meta":[],"categories":[1],"tags":[],"_links":{"self":[{"href":"https:\/\/kraios.app\/news\/wp-json\/wp\/v2\/posts\/4660"}],"collection":[{"href":"https:\/\/kraios.app\/news\/wp-json\/wp\/v2\/posts"}],"about":[{"href":"https:\/\/kraios.app\/news\/wp-json\/wp\/v2\/types\/post"}],"author":[{"embeddable":true,"href":"https:\/\/kraios.app\/news\/wp-json\/wp\/v2\/users\/1"}],"replies":[{"embeddable":true,"href":"https:\/\/kraios.app\/news\/wp-json\/wp\/v2\/comments?post=4660"}],"version-history":[{"count":0,"href":"https:\/\/kraios.app\/news\/wp-json\/wp\/v2\/posts\/4660\/revisions"}],"wp:featuredmedia":[{"embeddable":true,"href":"https:\/\/kraios.app\/news\/wp-json\/wp\/v2\/media\/4661"}],"wp:attachment":[{"href":"https:\/\/kraios.app\/news\/wp-json\/wp\/v2\/media?parent=4660"}],"wp:term":[{"taxonomy":"category","embeddable":true,"href":"https:\/\/kraios.app\/news\/wp-json\/wp\/v2\/categories?post=4660"},{"taxonomy":"post_tag","embeddable":true,"href":"https:\/\/kraios.app\/news\/wp-json\/wp\/v2\/tags?post=4660"}],"curies":[{"name":"wp","href":"https:\/\/api.w.org\/{rel}","templated":true}]}}