{"id":4646,"date":"2023-05-11T14:38:44","date_gmt":"2023-05-11T14:38:44","guid":{"rendered":"https:\/\/kraios.app\/news\/gundem\/2023\/05\/11\/ermenistan-azerbaycan-sinirinda-catismalar-suruyor\/"},"modified":"2023-05-11T14:38:44","modified_gmt":"2023-05-11T14:38:44","slug":"ermenistan-azerbaycan-sinirinda-catismalar-suruyor","status":"publish","type":"post","link":"https:\/\/kraios.app\/news\/gundem\/2023\/05\/11\/ermenistan-azerbaycan-sinirinda-catismalar-suruyor\/","title":{"rendered":"Ermenistan-Azerbaycan s\u0131n\u0131r\u0131nda \u00e7at\u0131\u015fmalar s\u00fcr\u00fcyor"},"content":{"rendered":"<p>Azerbaycan Savunma Bakanl\u0131\u011f\u0131, s\u0131n\u0131rda Ermenistan g\u00fc\u00e7lerinin Azerbaycan mevzilerine top at\u0131\u015f\u0131 ger\u00e7ekle\u015ftirdi\u011fini duyurdu.<\/p>\n","protected":false},"excerpt":{"rendered":"<p>Azerbaycan Savunma Bakanl\u0131\u011f\u0131, s\u0131n\u0131rda Ermenistan g\u00fc\u00e7lerinin Azerbaycan mevzilerine top at\u0131\u015f\u0131 ger\u00e7ekle\u015ftirdi\u011fini duyurdu.<\/p>\n","protected":false},"author":1,"featured_media":4647,"comment_status":"","ping_status":"","sticky":false,"template":"","format":"standard","meta":[],"categories":[1],"tags":[],"_links":{"self":[{"href":"https:\/\/kraios.app\/news\/wp-json\/wp\/v2\/posts\/4646"}],"collection":[{"href":"https:\/\/kraios.app\/news\/wp-json\/wp\/v2\/posts"}],"about":[{"href":"https:\/\/kraios.app\/news\/wp-json\/wp\/v2\/types\/post"}],"author":[{"embeddable":true,"href":"https:\/\/kraios.app\/news\/wp-json\/wp\/v2\/users\/1"}],"replies":[{"embeddable":true,"href":"https:\/\/kraios.app\/news\/wp-json\/wp\/v2\/comments?post=4646"}],"version-history":[{"count":0,"href":"https:\/\/kraios.app\/news\/wp-json\/wp\/v2\/posts\/4646\/revisions"}],"wp:featuredmedia":[{"embeddable":true,"href":"https:\/\/kraios.app\/news\/wp-json\/wp\/v2\/media\/4647"}],"wp:attachment":[{"href":"https:\/\/kraios.app\/news\/wp-json\/wp\/v2\/media?parent=4646"}],"wp:term":[{"taxonomy":"category","embeddable":true,"href":"https:\/\/kraios.app\/news\/wp-json\/wp\/v2\/categories?post=4646"},{"taxonomy":"post_tag","embeddable":true,"href":"https:\/\/kraios.app\/news\/wp-json\/wp\/v2\/tags?post=4646"}],"curies":[{"name":"wp","href":"https:\/\/api.w.org\/{rel}","templated":true}]}}