{"id":4618,"date":"2023-05-11T05:20:18","date_gmt":"2023-05-11T05:20:18","guid":{"rendered":"https:\/\/kraios.app\/news\/gundem\/2023\/05\/11\/yurt-disindan-ankaraya-getirilen-oylar-ato-congresiuma-ulasti\/"},"modified":"2023-05-11T05:20:18","modified_gmt":"2023-05-11T05:20:18","slug":"yurt-disindan-ankaraya-getirilen-oylar-ato-congresiuma-ulasti","status":"publish","type":"post","link":"https:\/\/kraios.app\/news\/gundem\/2023\/05\/11\/yurt-disindan-ankaraya-getirilen-oylar-ato-congresiuma-ulasti\/","title":{"rendered":"Yurt d\u0131\u015f\u0131ndan Ankara&#8217;ya getirilen oylar ATO Congresium&#8217;a ula\u015ft\u0131"},"content":{"rendered":"<p><\/p>\n<div>\n<p>Y\u00fcksek Se\u00e7im Kurulunca (YSK), 14 May\u0131s&#8217;ta yap\u0131lacak se\u00e7imler kapsam\u0131nda, yurt d\u0131\u015f\u0131 se\u00e7men k\u00fct\u00fc\u011f\u00fcne kay\u0131tl\u0131 3 milyon 416 bin 98 se\u00e7men i\u00e7in 73 \u00fclke ve 156 yerdeki yurt d\u0131\u015f\u0131 temsilcili\u011finde sand\u0131k kurullar\u0131 olu\u015fturuldu.<\/p>\n<p>Yurt d\u0131\u015f\u0131 temsilciliklerde 9 May\u0131s&#8217;ta tamamlanan oy kullanma i\u015flemlerinin ard\u0131ndan, Avrupa&#8217;da T\u00fcrk vatanda\u015flar\u0131n\u0131n yo\u011fun ya\u015fad\u0131\u011f\u0131 \u00fclkelerde kullan\u0131lan oylar, u\u00e7aklarla Ankara&#8217;ya getirildi.<\/p>\n<p>Oylar\u0131 ta\u015f\u0131yan T\u00fcrk Hava Yollar\u0131&#8217;n\u0131n &#8220;Sel\u00e7uklu&#8221;, &#8220;\u00c7atalh\u00f6y\u00fck&#8221; ve &#8220;Rize-Artvin&#8221; u\u00e7aklar\u0131, aral\u0131kl\u0131 olarak Esenbo\u011fa Havaliman\u0131\u2019na ini\u015f yapt\u0131.<\/p>\n<h3>Yurt d\u0131\u015f\u0131 temsilciliklerde kullan\u0131lan oylar\u0131n T\u00fcrkiye&#8217;ye yolculu\u011fu<\/h3>\n<p>Havaliman\u0131na inen ilk u\u00e7akta g\u00f6revli, T\u00fcrkiye-Avrupa Birli\u011fi (AB) Karma Parlamento Komisyonu (KPK) E\u015f Ba\u015fkan\u0131 AK Parti Kayseri Milletvekili \u0130smail Emrah Karayel, oylar\u0131n ta\u015f\u0131nma i\u015fleminin ciddi g\u00fcvenlik \u00f6nlemleri al\u0131narak yap\u0131ld\u0131\u011f\u0131n\u0131 vurgulad\u0131.<\/p>\n<p>Yolculu\u011fa ba\u015flarken u\u00e7a\u011f\u0131n i\u00e7inde ve bagaj alan\u0131nda incelemelerde bulunduklar\u0131n\u0131 kaydeden Karayel, &#8220;Hem bu oylar kullan\u0131l\u0131rken hem de bu oylar u\u00e7a\u011fa kadar getirirken b\u00fct\u00fcn siyasi parti temsilcileri bu oylar\u0131n etraf\u0131ndayd\u0131. Hem de sand\u0131k ba\u015f\u0131ndayd\u0131. Sand\u0131k tutanaklar\u0131n\u0131 imzalad\u0131lar, \u00e7uvallara konulurken s\u00fcreci takip ettiler.&#8221; dedi.<\/p>\n<p>Karayel, yurt d\u0131\u015f\u0131nda oy kullanan b\u00fct\u00fcn se\u00e7menlere te\u015fekk\u00fcr etti.<\/p>\n<p>Oylar\u0131n nakli s\u0131ras\u0131nda siyasi parti temsilcisi olarak g\u00f6rev alan, \u0130stanbul Milletvekili ve CHP Yurt D\u0131\u015f\u0131 \u00d6rg\u00fctlenme Koordinat\u00f6r\u00fc Y\u00fcksel Mansur K\u0131l\u0131n\u00e7 da, &#8220;Yurt d\u0131\u015f\u0131nda 73 \u00fclkede kullan\u0131lan oylar s\u0131ras\u0131nda sand\u0131klarda CHP en y\u00fcksek d\u00fczeyde temsilci bulunduran parti oldu.&#8221; diye konu\u015ftu.<\/p>\n<p>U\u00e7akta, AK Parti, \u0130Y\u0130 Parti ve Ye\u015fil Sol Parti temsilcilerinin bulundu\u011funa de\u011finen K\u0131l\u0131n\u00e7, partisinin yurt d\u0131\u015f\u0131nda vatanda\u015flar\u0131n oy kullanabilmeleri i\u00e7in \u00e7ok say\u0131da \u00e7al\u0131\u015fma yapt\u0131\u011f\u0131n\u0131 anlatt\u0131.<\/p>\n<p>K\u0131l\u0131n\u00e7, buna kar\u015f\u0131n, yurt d\u0131\u015f\u0131 temsilciliklerde kullan\u0131lan oy say\u0131s\u0131n\u0131n yeterli d\u00fczeyde olmad\u0131\u011f\u0131n\u0131 ve artmas\u0131 gerekti\u011fini vurgulad\u0131.<\/p>\n<h3>Oylar, geni\u015f g\u00fcvenlik \u00f6nlemleri alt\u0131nda ta\u015f\u0131nd\u0131<\/h3>\n<p>U\u00e7aklar\u0131n inmesiyle m\u00fch\u00fcrl\u00fc \u00e7uvallar, t\u0131rlara ta\u015f\u0131nd\u0131.<\/p>\n<p>Saat 05.30&#8217;ta oylar\u0131n ta\u015f\u0131ma i\u015flemlerinin tamamlanmas\u0131 ve tutanaklar\u0131n tutulmas\u0131n\u0131n ard\u0131ndan polis e\u015fli\u011finde t\u0131rlar hareket etti. Siyasi parti temsilcileri de g\u00fcvenlik amac\u0131yla olu\u015fturulan konvoya dahil oldu.<\/p>\n<p>Oylar ATO Congresium&#8217;daki Yurt D\u0131\u015f\u0131 \u0130l\u00e7e Se\u00e7im Kurulu&#8217;na ula\u015ft\u0131r\u0131ld\u0131.<\/p>\n<p>                            <span class=\"detay-foto-editor\">&#13;<br \/>\n                                <a href=\"https:\/\/www.aa.com.tr\/tr\/p\/abonelik-talep-formu\/1001\" target=\"_blank\" style=\"font-size:12px; color:#444; text-decoration:none;\" rel=\"noopener\">&#13;<br \/>\n                                    Anadolu Ajans\u0131 web sitesinde, AA Haber Ak\u0131\u015f Sistemi (HAS) \u00fczerinden abonelere sunulan haberler, \u00f6zetlenerek yay\u0131mlanmaktad\u0131r. <b style=\"color:#1897F7\">Abonelik i\u00e7in l\u00fctfen ileti\u015fime ge\u00e7iniz.<\/b>&#13;<br \/>\n                                <\/a>&#13;<br \/>\n                            <\/span>\n                        <\/div>\n<p><script>\n\t  window.fbAsyncInit = function() {\n\t\tFB.init({\n\t\t  appId: '1855843514662870',\n\t\t  status : true, \/\/ check login status\n\t\t  cookie : true, \/\/ enable cookies to allow the server to access the session\n\t\t  xfbml  : true  \/\/ parse XFBML\n\t\t});\n\t  };<\/p>\n<p>\t  (function() {\n\t\tvar e = document.createElement('script');\n\t\te.src=\"https:\/\/connect.facebook.net\/tr_TR\/all.js\";\n\t\te.async = true;\n\t\tdocument.getElementById('fb-root').appendChild(e);\n\t  }());\n    <\/script><\/p>\n","protected":false},"excerpt":{"rendered":"<p>Y\u00fcksek Se\u00e7im Kurulunca (YSK), 14 May\u0131s&#8217;ta yap\u0131lacak se\u00e7imler kapsam\u0131nda, yurt d\u0131\u015f\u0131 se\u00e7men k\u00fct\u00fc\u011f\u00fcne kay\u0131tl\u0131 3 milyon 416 bin 98 se\u00e7men i\u00e7in 73 \u00fclke ve 156 yerdeki yurt d\u0131\u015f\u0131 temsilcili\u011finde sand\u0131k kurullar\u0131 olu\u015fturuldu. Yurt d\u0131\u015f\u0131 temsilciliklerde 9 May\u0131s&#8217;ta tamamlanan oy kullanma i\u015flemlerinin ard\u0131ndan, Avrupa&#8217;da T\u00fcrk vatanda\u015flar\u0131n\u0131n yo\u011fun ya\u015fad\u0131\u011f\u0131 \u00fclkelerde kullan\u0131lan oylar, u\u00e7aklarla Ankara&#8217;ya getirildi. Oylar\u0131 ta\u015f\u0131yan [&hellip;]<\/p>\n","protected":false},"author":1,"featured_media":4619,"comment_status":"","ping_status":"","sticky":false,"template":"","format":"standard","meta":[],"categories":[1],"tags":[],"_links":{"self":[{"href":"https:\/\/kraios.app\/news\/wp-json\/wp\/v2\/posts\/4618"}],"collection":[{"href":"https:\/\/kraios.app\/news\/wp-json\/wp\/v2\/posts"}],"about":[{"href":"https:\/\/kraios.app\/news\/wp-json\/wp\/v2\/types\/post"}],"author":[{"embeddable":true,"href":"https:\/\/kraios.app\/news\/wp-json\/wp\/v2\/users\/1"}],"replies":[{"embeddable":true,"href":"https:\/\/kraios.app\/news\/wp-json\/wp\/v2\/comments?post=4618"}],"version-history":[{"count":0,"href":"https:\/\/kraios.app\/news\/wp-json\/wp\/v2\/posts\/4618\/revisions"}],"wp:featuredmedia":[{"embeddable":true,"href":"https:\/\/kraios.app\/news\/wp-json\/wp\/v2\/media\/4619"}],"wp:attachment":[{"href":"https:\/\/kraios.app\/news\/wp-json\/wp\/v2\/media?parent=4618"}],"wp:term":[{"taxonomy":"category","embeddable":true,"href":"https:\/\/kraios.app\/news\/wp-json\/wp\/v2\/categories?post=4618"},{"taxonomy":"post_tag","embeddable":true,"href":"https:\/\/kraios.app\/news\/wp-json\/wp\/v2\/tags?post=4618"}],"curies":[{"name":"wp","href":"https:\/\/api.w.org\/{rel}","templated":true}]}}