{"id":4611,"date":"2023-05-11T02:19:41","date_gmt":"2023-05-11T02:19:41","guid":{"rendered":"https:\/\/kraios.app\/news\/saglik\/2023\/05\/11\/trabzon-sehir-hastanesinin-22-subat-2025te-hizmete-sunulmasi-hedefleniyor\/"},"modified":"2023-05-11T02:19:41","modified_gmt":"2023-05-11T02:19:41","slug":"trabzon-sehir-hastanesinin-22-subat-2025te-hizmete-sunulmasi-hedefleniyor","status":"publish","type":"post","link":"https:\/\/kraios.app\/news\/saglik\/2023\/05\/11\/trabzon-sehir-hastanesinin-22-subat-2025te-hizmete-sunulmasi-hedefleniyor\/","title":{"rendered":"Trabzon \u015eehir Hastanesinin 22 \u015eubat 2025&#039;te hizmete sunulmas\u0131 hedefleniyor"},"content":{"rendered":"<p>Ula\u015ft\u0131rma ve Altyap\u0131 Bakan\u0131 Adil Karaismailo\u011flu, Trabzon \u015eehir Hastanesinin 22 \u015eubat 2025&#8217;te hizmete sunulmas\u0131n\u0131n hedeflendi\u011fini bildirdi.<\/p>\n","protected":false},"excerpt":{"rendered":"<p>Ula\u015ft\u0131rma ve Altyap\u0131 Bakan\u0131 Adil Karaismailo\u011flu, Trabzon \u015eehir Hastanesinin 22 \u015eubat 2025&#8217;te hizmete sunulmas\u0131n\u0131n hedeflendi\u011fini bildirdi.<\/p>\n","protected":false},"author":1,"featured_media":4612,"comment_status":"","ping_status":"","sticky":false,"template":"","format":"standard","meta":[],"categories":[46],"tags":[],"_links":{"self":[{"href":"https:\/\/kraios.app\/news\/wp-json\/wp\/v2\/posts\/4611"}],"collection":[{"href":"https:\/\/kraios.app\/news\/wp-json\/wp\/v2\/posts"}],"about":[{"href":"https:\/\/kraios.app\/news\/wp-json\/wp\/v2\/types\/post"}],"author":[{"embeddable":true,"href":"https:\/\/kraios.app\/news\/wp-json\/wp\/v2\/users\/1"}],"replies":[{"embeddable":true,"href":"https:\/\/kraios.app\/news\/wp-json\/wp\/v2\/comments?post=4611"}],"version-history":[{"count":0,"href":"https:\/\/kraios.app\/news\/wp-json\/wp\/v2\/posts\/4611\/revisions"}],"wp:featuredmedia":[{"embeddable":true,"href":"https:\/\/kraios.app\/news\/wp-json\/wp\/v2\/media\/4612"}],"wp:attachment":[{"href":"https:\/\/kraios.app\/news\/wp-json\/wp\/v2\/media?parent=4611"}],"wp:term":[{"taxonomy":"category","embeddable":true,"href":"https:\/\/kraios.app\/news\/wp-json\/wp\/v2\/categories?post=4611"},{"taxonomy":"post_tag","embeddable":true,"href":"https:\/\/kraios.app\/news\/wp-json\/wp\/v2\/tags?post=4611"}],"curies":[{"name":"wp","href":"https:\/\/api.w.org\/{rel}","templated":true}]}}