{"id":4607,"date":"2023-05-11T01:13:42","date_gmt":"2023-05-11T01:13:42","guid":{"rendered":"https:\/\/kraios.app\/news\/gundem\/2023\/05\/11\/cerbe-adasindaki-saldiri-ulkenin-turizmini-hedef-aldi\/"},"modified":"2023-05-11T01:13:42","modified_gmt":"2023-05-11T01:13:42","slug":"cerbe-adasindaki-saldiri-ulkenin-turizmini-hedef-aldi","status":"publish","type":"post","link":"https:\/\/kraios.app\/news\/gundem\/2023\/05\/11\/cerbe-adasindaki-saldiri-ulkenin-turizmini-hedef-aldi\/","title":{"rendered":"Cerbe Adas\u0131\u2019ndaki sald\u0131r\u0131 \u00fclkenin turizmini hedef ald\u0131"},"content":{"rendered":"<p><\/p>\n<div>\n<p>Cumhurba\u015fkan\u0131 Said, 9 May\u0131s\u2019ta \u00fclkenin g\u00fcneydo\u011fusunda yer alan Cerbe Adas\u0131\u2019nda ger\u00e7ekle\u015ftirilen silahl\u0131 sald\u0131r\u0131ya ili\u015fkin g\u00f6r\u00fcnt\u00fcl\u00fc bir a\u00e7\u0131klama yay\u0131mlad\u0131.<\/p>\n<p>Tunus Ulusal G\u00fcvelik Konseyi toplant\u0131s\u0131n\u0131n ard\u0131ndan yay\u0131mlanan a\u00e7\u0131klamada, sald\u0131r\u0131da hayat\u0131n\u0131 kaybedenlerin ailelerine taziyelerini sunan Said, \u015funlar\u0131 kaydetti:<\/p>\n<p>\u201cTunus halk\u0131na ve t\u00fcm d\u00fcnyaya, \u00fclkeyi istikrars\u0131zla\u015ft\u0131rmaya \u00e7al\u0131\u015fan bu su\u00e7lulara kar\u015f\u0131 g\u00fcvenli\u011fimizi sa\u011flad\u0131\u011f\u0131m\u0131za ve sa\u011flayaca\u011f\u0131m\u0131za dair g\u00fcvence vermek istiyorum. Turizm sezonu \u00f6ncesi Cerbe Adas\u0131\u2019ndaki sald\u0131r\u0131n\u0131n, \u00fclkenin turizmini hedef ald\u0131\u011f\u0131 apa\u00e7\u0131k ortadad\u0131r. Tunus&#8217;u hedef alan ve isyan tohumlar\u0131 ekmeye \u00e7al\u0131\u015fan bu sald\u0131r\u0131lara kar\u015f\u0131 durmaya devam edece\u011fiz.\u201d <\/p>\n<p>Benzer ter\u00f6r sald\u0131r\u0131lar\u0131n\u0131n Avrupa ve Amerika\u2019da da ger\u00e7ekle\u015fti\u011fini hat\u0131rlatan Said, \u201cBu caniler, 2002 y\u0131l\u0131nda da benzer bir eylemle Cerbe Adas\u0131\u2019ndaki Garibe Sinagogu\u2019na sald\u0131rd\u0131. Ancak d\u00fcnk\u00fc olayda g\u00fcvenlik g\u00fc\u00e7lerimiz bu sald\u0131r\u0131y\u0131 engellemeyi ba\u015fard\u0131.\u201d ifadelerini kulland\u0131.<\/p>\n<p>Cerbe Adas\u0131&#8217;ndaki Garibe Sinagogu yak\u0131n\u0131nda 9 May\u0131s\u2019ta ak\u015fam saatlerinde d\u00fczenlenen silahl\u0131 sald\u0131r\u0131da 2&#8217;si ziyaret\u00e7i 2\u2019si polis olmak \u00fczere 4 ki\u015fi hayat\u0131n\u0131 kaybetti, 4\u2019\u00fc polis 8 ki\u015fi ise yaraland\u0131.<\/p>\n<p>G\u00fcvenlik g\u00f6revlisi olan sald\u0131rgan polis taraf\u0131ndan \u00e7at\u0131\u015fma sonucu \u00f6ld\u00fcr\u00fclm\u00fc\u015ft\u00fc.<\/p>\n<h3>Cerbe Adas\u0131&#8217;ndaki sinagoga 2002&#8217;de de sald\u0131r\u0131 d\u00fczenlenmi\u015fti<\/h3>\n<p>Yunan, Roma gibi \u00e7e\u015fitli medeniyetlere ev sahipli\u011fi yapan, y\u00fcz \u00f6l\u00e7\u00fcm\u00fc yakla\u015f\u0131k 500 kilometrekare olan Cerbe Adas\u0131&#8217;nda, Afrika&#8217;n\u0131n en eski sinagogunun yan\u0131 s\u0131ra 366 cami ve mescit bulunuyor.<\/p>\n<p>M\u00fcsl\u00fcmanlar ve Yahudiler taraf\u0131ndan \u00e7e\u015fitli isimlerle an\u0131lan ada, &#8220;Camiler Adas\u0131&#8221;, &#8220;Havra Adas\u0131&#8221;, &#8220;El-Garibe Adas\u0131&#8221; olarak da biliniyor. \u00c7e\u015fitli medeniyetlerin izlerini ta\u015f\u0131yan adada, denizden gelecek tehlikelere kar\u015f\u0131 M\u00fcsl\u00fcmanlar taraf\u0131ndan yer alt\u0131nda in\u015fa edilen mescitler ve tarihi kuleler bulunuyor. 160 bin n\u00fcfuslu adan\u0131n \u00e7o\u011funlu\u011funu M\u00fcsl\u00fcmanlar olu\u015ftururken, 1200 civar\u0131nda Tunuslu Yahudi ya\u015f\u0131yor.<\/p>\n<p>Garibe Sinagogu&#8217;na 11 Nisan 2002&#8217;de d\u00fczenlenen likit gaz y\u00fckl\u00fc kamyonlu ter\u00f6r sald\u0131r\u0131s\u0131nda \u00e7o\u011fu Alman turist olmak \u00fczere 21 ki\u015fi hayat\u0131n\u0131 kaybetmi\u015fti.<\/p>\n<p>                            <span class=\"detay-foto-editor\">&#13;<br \/>\n                                <a href=\"https:\/\/www.aa.com.tr\/tr\/p\/abonelik-talep-formu\/1001\" target=\"_blank\" style=\"font-size:12px; color:#444; text-decoration:none;\" rel=\"noopener\">&#13;<br \/>\n                                    Anadolu Ajans\u0131 web sitesinde, AA Haber Ak\u0131\u015f Sistemi (HAS) \u00fczerinden abonelere sunulan haberler, \u00f6zetlenerek yay\u0131mlanmaktad\u0131r. <b style=\"color:#1897F7\">Abonelik i\u00e7in l\u00fctfen ileti\u015fime ge\u00e7iniz.<\/b>&#13;<br \/>\n                                <\/a>&#13;<br \/>\n                            <\/span>\n                        <\/div>\n<p><script>\n\t  window.fbAsyncInit = function() {\n\t\tFB.init({\n\t\t  appId: '1855843514662870',\n\t\t  status : true, \/\/ check login status\n\t\t  cookie : true, \/\/ enable cookies to allow the server to access the session\n\t\t  xfbml  : true  \/\/ parse XFBML\n\t\t});\n\t  };<\/p>\n<p>\t  (function() {\n\t\tvar e = document.createElement('script');\n\t\te.src=\"https:\/\/connect.facebook.net\/tr_TR\/all.js\";\n\t\te.async = true;\n\t\tdocument.getElementById('fb-root').appendChild(e);\n\t  }());\n    <\/script><\/p>\n","protected":false},"excerpt":{"rendered":"<p>Cumhurba\u015fkan\u0131 Said, 9 May\u0131s\u2019ta \u00fclkenin g\u00fcneydo\u011fusunda yer alan Cerbe Adas\u0131\u2019nda ger\u00e7ekle\u015ftirilen silahl\u0131 sald\u0131r\u0131ya ili\u015fkin g\u00f6r\u00fcnt\u00fcl\u00fc bir a\u00e7\u0131klama yay\u0131mlad\u0131. Tunus Ulusal G\u00fcvelik Konseyi toplant\u0131s\u0131n\u0131n ard\u0131ndan yay\u0131mlanan a\u00e7\u0131klamada, sald\u0131r\u0131da hayat\u0131n\u0131 kaybedenlerin ailelerine taziyelerini sunan Said, \u015funlar\u0131 kaydetti: \u201cTunus halk\u0131na ve t\u00fcm d\u00fcnyaya, \u00fclkeyi istikrars\u0131zla\u015ft\u0131rmaya \u00e7al\u0131\u015fan bu su\u00e7lulara kar\u015f\u0131 g\u00fcvenli\u011fimizi sa\u011flad\u0131\u011f\u0131m\u0131za ve sa\u011flayaca\u011f\u0131m\u0131za dair g\u00fcvence vermek istiyorum. Turizm [&hellip;]<\/p>\n","protected":false},"author":1,"featured_media":4608,"comment_status":"","ping_status":"","sticky":false,"template":"","format":"standard","meta":[],"categories":[1],"tags":[],"_links":{"self":[{"href":"https:\/\/kraios.app\/news\/wp-json\/wp\/v2\/posts\/4607"}],"collection":[{"href":"https:\/\/kraios.app\/news\/wp-json\/wp\/v2\/posts"}],"about":[{"href":"https:\/\/kraios.app\/news\/wp-json\/wp\/v2\/types\/post"}],"author":[{"embeddable":true,"href":"https:\/\/kraios.app\/news\/wp-json\/wp\/v2\/users\/1"}],"replies":[{"embeddable":true,"href":"https:\/\/kraios.app\/news\/wp-json\/wp\/v2\/comments?post=4607"}],"version-history":[{"count":0,"href":"https:\/\/kraios.app\/news\/wp-json\/wp\/v2\/posts\/4607\/revisions"}],"wp:featuredmedia":[{"embeddable":true,"href":"https:\/\/kraios.app\/news\/wp-json\/wp\/v2\/media\/4608"}],"wp:attachment":[{"href":"https:\/\/kraios.app\/news\/wp-json\/wp\/v2\/media?parent=4607"}],"wp:term":[{"taxonomy":"category","embeddable":true,"href":"https:\/\/kraios.app\/news\/wp-json\/wp\/v2\/categories?post=4607"},{"taxonomy":"post_tag","embeddable":true,"href":"https:\/\/kraios.app\/news\/wp-json\/wp\/v2\/tags?post=4607"}],"curies":[{"name":"wp","href":"https:\/\/api.w.org\/{rel}","templated":true}]}}