{"id":4582,"date":"2023-05-10T16:20:04","date_gmt":"2023-05-10T16:20:04","guid":{"rendered":"https:\/\/kraios.app\/news\/gundem\/2023\/05\/10\/israil-ordusu-abluka-altindaki-gazzede-53-ayri-noktayi-vurdugunu-acikladi\/"},"modified":"2023-05-10T16:20:04","modified_gmt":"2023-05-10T16:20:04","slug":"israil-ordusu-abluka-altindaki-gazzede-53-ayri-noktayi-vurdugunu-acikladi","status":"publish","type":"post","link":"https:\/\/kraios.app\/news\/gundem\/2023\/05\/10\/israil-ordusu-abluka-altindaki-gazzede-53-ayri-noktayi-vurdugunu-acikladi\/","title":{"rendered":"\u0130srail ordusu abluka alt\u0131ndaki Gazze&#8217;de 53 ayr\u0131 noktay\u0131 vurdu\u011funu a\u00e7\u0131klad\u0131"},"content":{"rendered":"<p><\/p>\n<div>\n<p>\u0130srail ordusu, abluka alt\u0131ndaki <strong>Gazze \u015eeridi<\/strong>&#8216;nde \u0130slami Cihad Hareketi&#8217;ne ait oldu\u011funu ileri s\u00fcrd\u00fc\u011f\u00fc 53 ayr\u0131 noktada 104 hedefi vurdu\u011funu a\u00e7\u0131klad\u0131.<\/p>\n<p>\u0130srail Ordu S\u00f6zc\u00fcl\u00fc\u011f\u00fcnden yap\u0131lan a\u00e7\u0131klamaya g\u00f6re, \u0130srail ordusuna ait sava\u015f u\u00e7aklar\u0131 ile sald\u0131r\u0131 helikopterleri Gazze \u015eeridi&#8217;nde sal\u0131 gecesi <strong>\u0130slami Cihad<\/strong>&#8216;a ait 53 ayr\u0131 noktada 104 ayr\u0131 hedefi vurdu.<\/p>\n<p>Orduya ait helikopterler ve sava\u015f u\u00e7aklar\u0131n\u0131n Gazze&#8217;nin farkl\u0131 b\u00f6lgelerinde \u0130slami Cihad&#8217;a ait hedeflere sald\u0131rmaya devam etti\u011fi payla\u015f\u0131ld\u0131.<\/p>\n<p>\u0130srail Ordu S\u00f6zc\u00fcs\u00fc Daniel Hagari, yerel bas\u0131na yapt\u0131\u011f\u0131 a\u00e7\u0131klamada, ordunun &#8220;Hamas de\u011fil \u0130slami Cihad&#8217;a ait noktalar\u0131 hedef ald\u0131\u011f\u0131n\u0131&#8221; belirterek, &#8220;Roketleri ate\u015fleyenler \u0130slami Cihad. E\u011fer ki di\u011fer gruplar da \u00e7at\u0131\u015fmaya kat\u0131l\u0131rsa onlara da kar\u015f\u0131l\u0131k veririz.&#8221; dedi.<\/p>\n<p>Taraflar aras\u0131nda ate\u015fkes g\u00f6r\u00fc\u015fmelerine ili\u015fkin haberleri de\u011ferlendiren Hagari, &#8220;ate\u015fkes oldu\u011fu resmen duyurulana kadar \u0130slami Cihad hedeflerine sald\u0131r\u0131lar\u0131n\u0131n devam edece\u011fini&#8221; s\u00f6yledi.<\/p>\n<p>\u00d6te yandan, \u0130srail Savunma Bakan\u0131 Yoav Gallant&#8217;\u0131n yapt\u0131\u011f\u0131 g\u00fcvenlik de\u011ferlendirme toplant\u0131s\u0131n\u0131n ard\u0131ndan \u00fclkenin g\u00fcneyindeki ola\u011fan\u00fcst\u00fc hal b\u00f6lgesinin 40 kilometre alandan 80&#8217;e geni\u015fletilmesi teklifini h\u00fck\u00fcmete sundu\u011fu belirtildi.<\/p>\n<h3>\u0130srail y\u00f6n\u00fcne roketler at\u0131ld\u0131<\/h3>\n<p>\u00d6te yandan, \u0130srail ordusunun vurdu\u011fu Gazze \u015eeridi&#8217;nden \u0130srail y\u00f6n\u00fcne \u00e7ok say\u0131da roket at\u0131ld\u0131.<\/p>\n<p>\u0130srail ordusu, &#8220;Kalkan ve Ok&#8221; ismini verdi\u011fi sald\u0131r\u0131n\u0131n ba\u015flamas\u0131ndan itibaren Gazze&#8217;den \u0130srail y\u00f6n\u00fcne 270 kadar roket at\u0131ld\u0131\u011f\u0131n\u0131 a\u00e7\u0131klad\u0131. S\u00f6z konusu roketlerden, 205&#8217;inin Gazze \u015eeridi&#8217;ni a\u015ft\u0131\u011f\u0131, bunlar\u0131n 62&#8217;sinin \u0130srail&#8217;in hava savunma sistemleri taraf\u0131ndan etkisiz hale getirildi\u011fi aktar\u0131ld\u0131. Yakla\u015f\u0131k 65 roketin de yeniden Gazze \u015eeridi i\u00e7ine d\u00fc\u015ft\u00fc\u011f\u00fc payla\u015f\u0131ld\u0131.<\/p>\n<p>\u00d6zellikle Gazze \u015eeridi \u00e7evresindeki Usdud (A\u015fdod), Askalan (A\u015fkelon) gibi kentlerin yan\u0131 s\u0131ra ba\u015fkent Tel Aviv ve merkez b\u00f6lgelerinde g\u00fcn i\u00e7inde sald\u0131r\u0131 sirenleri \u00e7ald\u0131.<\/p>\n<p>\u0130srail ordusu, Tel Aviv y\u00f6n\u00fcne at\u0131lan bir roketin \u0130srail yap\u0131m\u0131 hava savunma sistemi Davut Sapan\u0131 taraf\u0131ndan etkisiz hale getirildi\u011fini a\u00e7\u0131klad\u0131. \u0130srail \u00fcretimi hava savunma sistemi Davut Sapan\u0131&#8217;n\u0131n ilk defa bir \u00e7at\u0131\u015fma ortam\u0131nda kullan\u0131ld\u0131\u011f\u0131 belirtildi.<\/p>\n<p>\u0130srail ordusunun abluka alt\u0131ndaki Gazze \u015eeridi&#8217;ne d\u00fczenledi\u011fi sald\u0131r\u0131larda \u00f6lenlerin say\u0131s\u0131 bug\u00fcn 21&#8217;e y\u00fckseldi. Yaral\u0131 say\u0131s\u0131n\u0131n da 64&#8217;e y\u00fckseldi\u011fi kaydedildi.<\/p>\n<p>                            <span class=\"detay-foto-editor\">&#13;<br \/>\n                                <a href=\"https:\/\/www.aa.com.tr\/tr\/p\/abonelik-talep-formu\/1001\" target=\"_blank\" style=\"font-size:12px; color:#444; text-decoration:none;\" rel=\"noopener\">&#13;<br \/>\n                                    Anadolu Ajans\u0131 web sitesinde, AA Haber Ak\u0131\u015f Sistemi (HAS) \u00fczerinden abonelere sunulan haberler, \u00f6zetlenerek yay\u0131mlanmaktad\u0131r. <b style=\"color:#1897F7\">Abonelik i\u00e7in l\u00fctfen ileti\u015fime ge\u00e7iniz.<\/b>&#13;<br \/>\n                                <\/a>&#13;<br \/>\n                            <\/span>\n                        <\/div>\n<p><script>\n\t  window.fbAsyncInit = function() {\n\t\tFB.init({\n\t\t  appId: '1855843514662870',\n\t\t  status : true, \/\/ check login status\n\t\t  cookie : true, \/\/ enable cookies to allow the server to access the session\n\t\t  xfbml  : true  \/\/ parse XFBML\n\t\t});\n\t  };<\/p>\n<p>\t  (function() {\n\t\tvar e = document.createElement('script');\n\t\te.src=\"https:\/\/connect.facebook.net\/tr_TR\/all.js\";\n\t\te.async = true;\n\t\tdocument.getElementById('fb-root').appendChild(e);\n\t  }());\n    <\/script><\/p>\n","protected":false},"excerpt":{"rendered":"<p>\u0130srail ordusu, abluka alt\u0131ndaki Gazze \u015eeridi&#8216;nde \u0130slami Cihad Hareketi&#8217;ne ait oldu\u011funu ileri s\u00fcrd\u00fc\u011f\u00fc 53 ayr\u0131 noktada 104 hedefi vurdu\u011funu a\u00e7\u0131klad\u0131. \u0130srail Ordu S\u00f6zc\u00fcl\u00fc\u011f\u00fcnden yap\u0131lan a\u00e7\u0131klamaya g\u00f6re, \u0130srail ordusuna ait sava\u015f u\u00e7aklar\u0131 ile sald\u0131r\u0131 helikopterleri Gazze \u015eeridi&#8217;nde sal\u0131 gecesi \u0130slami Cihad&#8216;a ait 53 ayr\u0131 noktada 104 ayr\u0131 hedefi vurdu. Orduya ait helikopterler ve sava\u015f u\u00e7aklar\u0131n\u0131n Gazze&#8217;nin [&hellip;]<\/p>\n","protected":false},"author":1,"featured_media":4583,"comment_status":"","ping_status":"","sticky":false,"template":"","format":"standard","meta":[],"categories":[1],"tags":[],"_links":{"self":[{"href":"https:\/\/kraios.app\/news\/wp-json\/wp\/v2\/posts\/4582"}],"collection":[{"href":"https:\/\/kraios.app\/news\/wp-json\/wp\/v2\/posts"}],"about":[{"href":"https:\/\/kraios.app\/news\/wp-json\/wp\/v2\/types\/post"}],"author":[{"embeddable":true,"href":"https:\/\/kraios.app\/news\/wp-json\/wp\/v2\/users\/1"}],"replies":[{"embeddable":true,"href":"https:\/\/kraios.app\/news\/wp-json\/wp\/v2\/comments?post=4582"}],"version-history":[{"count":0,"href":"https:\/\/kraios.app\/news\/wp-json\/wp\/v2\/posts\/4582\/revisions"}],"wp:featuredmedia":[{"embeddable":true,"href":"https:\/\/kraios.app\/news\/wp-json\/wp\/v2\/media\/4583"}],"wp:attachment":[{"href":"https:\/\/kraios.app\/news\/wp-json\/wp\/v2\/media?parent=4582"}],"wp:term":[{"taxonomy":"category","embeddable":true,"href":"https:\/\/kraios.app\/news\/wp-json\/wp\/v2\/categories?post=4582"},{"taxonomy":"post_tag","embeddable":true,"href":"https:\/\/kraios.app\/news\/wp-json\/wp\/v2\/tags?post=4582"}],"curies":[{"name":"wp","href":"https:\/\/api.w.org\/{rel}","templated":true}]}}