{"id":4556,"date":"2023-05-10T09:20:09","date_gmt":"2023-05-10T09:20:09","guid":{"rendered":"https:\/\/kraios.app\/news\/gundem\/2023\/05\/10\/eski-pakistan-basbakani-han-yuksek-guvenlik-onlemleri-altinda-durusmaya-cikarildi\/"},"modified":"2023-05-10T09:20:09","modified_gmt":"2023-05-10T09:20:09","slug":"eski-pakistan-basbakani-han-yuksek-guvenlik-onlemleri-altinda-durusmaya-cikarildi","status":"publish","type":"post","link":"https:\/\/kraios.app\/news\/gundem\/2023\/05\/10\/eski-pakistan-basbakani-han-yuksek-guvenlik-onlemleri-altinda-durusmaya-cikarildi\/","title":{"rendered":"Eski Pakistan Ba\u015fbakan\u0131 Han, y\u00fcksek g\u00fcvenlik \u00f6nlemleri alt\u0131nda duru\u015fmaya \u00e7\u0131kar\u0131ld\u0131"},"content":{"rendered":"<p><\/p>\n<div>\n<p>Dawn gazetesindeki habere g\u00f6re, Han, g\u00fcvenlik gerek\u00e7esiyle bir defal\u0131\u011f\u0131na mahkeme alan\u0131 stat\u00fcs\u00fc verilen \u0130slamabad Emniyet M\u00fcd\u00fcrl\u00fc\u011f\u00fc kompleksi i\u00e7erisindeki Polis Misafir Evinde duru\u015fmaya \u00e7\u0131kar\u0131ld\u0131.<\/p>\n<p>Han&#8217;\u0131n avukatlar\u0131 ise bu duruma tepki g\u00f6stererek, duru\u015fman\u0131n mahkemede yap\u0131lmas\u0131n\u0131 talep etti.<\/p>\n<p>Emniyet M\u00fcd\u00fcrl\u00fc\u011f\u00fc kompleksinin \u00e7evresinde g\u00fcvenlik \u00fcst d\u00fczeye \u00e7\u0131kar\u0131l\u0131rken, b\u00f6lgeye a\u00e7\u0131lan yan yollar kapat\u0131ld\u0131, \u00e7ok say\u0131da noktaya konteynerler yerle\u015ftirildi.<\/p>\n<p>Yetkililer, izinli olanlar d\u0131\u015f\u0131nda kimsenin mahkeme alan\u0131na giremeyece\u011fini a\u00e7\u0131klad\u0131.<\/p>\n<h3>PTI Genel Sekreteri g\u00f6zalt\u0131na al\u0131nd\u0131<\/h3>\n<p>Pakistan Adalet Hareketi Partisi (PTI) siyaset\u00e7ilerinden \u015eirin Mazari, Twitter&#8217;dan yapt\u0131\u011f\u0131 a\u00e7\u0131klamada, Han&#8217;\u0131n yasal temsilcilerinin kendisiyle g\u00f6r\u00fc\u015ft\u00fcr\u00fclmedi\u011fini ve parti temsilcilerinin mahkeme alan\u0131na al\u0131nmad\u0131\u011f\u0131n\u0131 duyurdu<\/p>\n<p>\u00d6te yandan, PTI Genel Sekreteri Asad \u00d6mer, \u0130slamabad Y\u00fcksek Mahkemesi kompleksi i\u00e7erisinde g\u00f6zalt\u0131na al\u0131nd\u0131.<\/p>\n<h3>239 milyon dolarl\u0131k yolsuzluk su\u00e7lamas\u0131<\/h3>\n<p>Ge\u00e7en haziranda koalisyon h\u00fck\u00fcmeti, Han ve e\u015finin Pakistan&#8217;\u0131n \u00f6nemli emlak zenginlerinden Malik Riaz&#8217;dan bir e\u011fitim enstit\u00fcs\u00fc in\u015fa etmek \u00fczere milyarlarca rupi de\u011ferinde arazi ald\u0131klar\u0131n\u0131 iddia etti.<\/p>\n<p>NAB, Han&#8217;\u0131n PTI h\u00fck\u00fcmetinin Riaz ile bir anla\u015fma yapt\u0131\u011f\u0131n\u0131 ve bu anla\u015fman\u0131n ulusal hazineyi 239 milyon dolardan fazla zarara u\u011fratt\u0131\u011f\u0131n\u0131 belirtiyor.<\/p>\n<p>Aral\u0131k 2019&#8217;da Riaz, &#8220;kirli para&#8221; ile ilgili bir soru\u015fturma kapsam\u0131nda aralar\u0131nda 239 milyon dolar de\u011ferinde m\u00fclklerin de bulundu\u011fu mal varl\u0131\u011f\u0131n\u0131 Birle\u015fik Krall\u0131k Ulusal Su\u00e7 Ajans\u0131&#8217;na teslim etmeyi kabul etti.<\/p>\n<p>Pakistan \u0130\u00e7i\u015fleri Bakan\u0131 Rana Sanaullah ise \u0130ngiliz yetkililerin kara para aklamayla ba\u011flant\u0131l\u0131 olarak Pakistan\u2019a 239 milyon dolar\u0131 iade etti\u011fini ancak Han\u2019\u0131n paray\u0131 ulusal hazinede tutmak yerine Riaz&#8217;a iade etti\u011fini dile getirmi\u015fti.<\/p>\n<h3>NAB karar\u0131yla tutuklama<\/h3>\n<p>Han hakk\u0131ndaki tutuklama karar\u0131, Ulusal Mali Sorumluluk B\u00fcrosu (NAB) taraf\u0131ndan verilmi\u015fti.<\/p>\n<p>S\u00f6z konusu geli\u015fme, Han&#8217;\u0131n \u00fcst d\u00fczey istihbarat yetkilisini, kendisine y\u00f6nelik suikast\u0131n arkas\u0131nda olmakla su\u00e7lamas\u0131n\u0131n ard\u0131ndan gelmi\u015fti.<\/p>\n<p>Pakistan ordusu, d\u00fcn, eski Ba\u015fbakan \u0130mran Han&#8217;\u0131n kendisine y\u00f6nelik suikast\u0131n arkas\u0131nda \u00fcst d\u00fczey bir istihbarat yetkilisinin oldu\u011funa y\u00f6nelik iddialar\u0131n\u0131 &#8220;sorumsuzca ve as\u0131ls\u0131z&#8221; olarak nitelendirmi\u015fti.<\/p>\n<p>Han, koalisyon h\u00fck\u00fcmeti erken se\u00e7im ilan etmedi\u011fi gerek\u00e7esiyle 28 Ekim 2022&#8217;de Lahor&#8217;dan \u0130slamabad&#8217;a y\u00fcr\u00fcy\u00fc\u015f ba\u015flatm\u0131\u015ft\u0131.<\/p>\n<p>Vezirabad&#8217;da 3 Kas\u0131m 2022&#8217;de konvoyuna ate\u015f a\u00e7\u0131lmas\u0131 sonucu Han, iki baca\u011f\u0131ndan yaralanm\u0131\u015ft\u0131. Sald\u0131r\u0131da bir ki\u015fi \u00f6lm\u00fc\u015f, 13 ki\u015fi yaralanm\u0131\u015ft\u0131.<\/p>\n<p>Pakistan&#8217;da parlamentoda 10 Nisan&#8217;da yap\u0131lan g\u00fcven oylamas\u0131nda 174 &#8220;hay\u0131r&#8221; oyuyla \u0130mran Han h\u00fck\u00fcmeti d\u00fc\u015fm\u00fc\u015ft\u00fc.<\/p>\n<p>                            <span class=\"detay-foto-editor\">&#13;<br \/>\n                                <a href=\"https:\/\/www.aa.com.tr\/tr\/p\/abonelik-talep-formu\/1001\" target=\"_blank\" style=\"font-size:12px; color:#444; text-decoration:none;\" rel=\"noopener\">&#13;<br \/>\n                                    Anadolu Ajans\u0131 web sitesinde, AA Haber Ak\u0131\u015f Sistemi (HAS) \u00fczerinden abonelere sunulan haberler, \u00f6zetlenerek yay\u0131mlanmaktad\u0131r. <b style=\"color:#1897F7\">Abonelik i\u00e7in l\u00fctfen ileti\u015fime ge\u00e7iniz.<\/b>&#13;<br \/>\n                                <\/a>&#13;<br \/>\n                            <\/span>\n                        <\/div>\n<p><script>\n\t  window.fbAsyncInit = function() {\n\t\tFB.init({\n\t\t  appId: '1855843514662870',\n\t\t  status : true, \/\/ check login status\n\t\t  cookie : true, \/\/ enable cookies to allow the server to access the session\n\t\t  xfbml  : true  \/\/ parse XFBML\n\t\t});\n\t  };<\/p>\n<p>\t  (function() {\n\t\tvar e = document.createElement('script');\n\t\te.src=\"https:\/\/connect.facebook.net\/tr_TR\/all.js\";\n\t\te.async = true;\n\t\tdocument.getElementById('fb-root').appendChild(e);\n\t  }());\n    <\/script><\/p>\n","protected":false},"excerpt":{"rendered":"<p>Dawn gazetesindeki habere g\u00f6re, Han, g\u00fcvenlik gerek\u00e7esiyle bir defal\u0131\u011f\u0131na mahkeme alan\u0131 stat\u00fcs\u00fc verilen \u0130slamabad Emniyet M\u00fcd\u00fcrl\u00fc\u011f\u00fc kompleksi i\u00e7erisindeki Polis Misafir Evinde duru\u015fmaya \u00e7\u0131kar\u0131ld\u0131. Han&#8217;\u0131n avukatlar\u0131 ise bu duruma tepki g\u00f6stererek, duru\u015fman\u0131n mahkemede yap\u0131lmas\u0131n\u0131 talep etti. Emniyet M\u00fcd\u00fcrl\u00fc\u011f\u00fc kompleksinin \u00e7evresinde g\u00fcvenlik \u00fcst d\u00fczeye \u00e7\u0131kar\u0131l\u0131rken, b\u00f6lgeye a\u00e7\u0131lan yan yollar kapat\u0131ld\u0131, \u00e7ok say\u0131da noktaya konteynerler yerle\u015ftirildi. Yetkililer, izinli [&hellip;]<\/p>\n","protected":false},"author":1,"featured_media":0,"comment_status":"","ping_status":"","sticky":false,"template":"","format":"standard","meta":[],"categories":[1],"tags":[],"_links":{"self":[{"href":"https:\/\/kraios.app\/news\/wp-json\/wp\/v2\/posts\/4556"}],"collection":[{"href":"https:\/\/kraios.app\/news\/wp-json\/wp\/v2\/posts"}],"about":[{"href":"https:\/\/kraios.app\/news\/wp-json\/wp\/v2\/types\/post"}],"author":[{"embeddable":true,"href":"https:\/\/kraios.app\/news\/wp-json\/wp\/v2\/users\/1"}],"replies":[{"embeddable":true,"href":"https:\/\/kraios.app\/news\/wp-json\/wp\/v2\/comments?post=4556"}],"version-history":[{"count":0,"href":"https:\/\/kraios.app\/news\/wp-json\/wp\/v2\/posts\/4556\/revisions"}],"wp:attachment":[{"href":"https:\/\/kraios.app\/news\/wp-json\/wp\/v2\/media?parent=4556"}],"wp:term":[{"taxonomy":"category","embeddable":true,"href":"https:\/\/kraios.app\/news\/wp-json\/wp\/v2\/categories?post=4556"},{"taxonomy":"post_tag","embeddable":true,"href":"https:\/\/kraios.app\/news\/wp-json\/wp\/v2\/tags?post=4556"}],"curies":[{"name":"wp","href":"https:\/\/api.w.org\/{rel}","templated":true}]}}