{"id":4542,"date":"2023-05-10T05:20:10","date_gmt":"2023-05-10T05:20:10","guid":{"rendered":"https:\/\/kraios.app\/news\/gundem\/2023\/05\/10\/filistinden-israilin-siddeti-tirmandirmasina-iliskin-bm-yetkililerine-3-mektup\/"},"modified":"2023-05-10T05:20:10","modified_gmt":"2023-05-10T05:20:10","slug":"filistinden-israilin-siddeti-tirmandirmasina-iliskin-bm-yetkililerine-3-mektup","status":"publish","type":"post","link":"https:\/\/kraios.app\/news\/gundem\/2023\/05\/10\/filistinden-israilin-siddeti-tirmandirmasina-iliskin-bm-yetkililerine-3-mektup\/","title":{"rendered":"Filistin&#8217;den \u0130srail&#8217;in \u015fiddeti t\u0131rmand\u0131rmas\u0131na ili\u015fkin BM yetkililerine 3 mektup"},"content":{"rendered":"<p><\/p>\n<div>\n<p>Resmi Filistin haber ajans\u0131na g\u00f6re, Filistin&#8217;in BM Daimi Temsilcisi B\u00fcy\u00fckel\u00e7i Riyad Mansur, BM Genel Sekreteri Antonio Guterres\u2019e, May\u0131s ay\u0131 G\u00fcvenlik Konseyi Ba\u015fkan\u0131 Pascale Christine Baeriswyl&#8217;e ve BM Genel Kurul Ba\u015fkan\u0131 Csaba K\u00f6r\u00f6si&#8217;ye mektup g\u00f6nderdi.<\/p>\n<p>Haberde, Mansur&#8217;un mektuplar\u0131nda \u0130srail&#8217;in Bat\u0131 \u015eeria ve Gazze&#8217;deki Filistin halk\u0131na kar\u015f\u0131 sald\u0131r\u0131lar\u0131n\u0131 t\u0131rmand\u0131rmas\u0131n\u0131 anlatt\u0131\u011f\u0131 kaydedildi.<\/p>\n<p>\u0130srail&#8217;in yapt\u0131klar\u0131n\u0131n birer sava\u015f su\u00e7u oldu\u011fu ve sorumlular\u0131n\u0131n uluslararas\u0131 toplum taraf\u0131ndan hesaba \u00e7ekilmesi gerekti\u011fi vurgulanan mektuplarda Mansur, sivillerin korunmas\u0131, bar\u0131\u015f ve g\u00fcvenli\u011fin temini ve var olan hukuk d\u0131\u015f\u0131 duruma bir son verilmesi i\u00e7in uluslararas\u0131 toplum taraf\u0131ndan icraatlar\u0131n yerine getirilmesi gerekti\u011finin alt\u0131n\u0131 \u00e7izdi.<\/p>\n<p>Mansur, \u0130srail&#8217;in Bat\u0131 \u015eeria&#8217;da hukuk d\u0131\u015f\u0131 &#8220;katil&#8221; operasyonlar\u0131n\u0131n ard\u0131ndan birka\u00e7 saat i\u00e7inde sal\u0131 sabah\u0131 Gazze&#8217;de bir\u00e7ok noktaya hava sald\u0131r\u0131lar\u0131 d\u00fczenledi\u011fine dikkati \u00e7ekti.<\/p>\n<p>Hava operasyonlar\u0131 sonucu 4 \u00e7ocuk, 4 kad\u0131n olmak \u00fczere 15 Filistinlinin \u015fehit d\u00fc\u015ft\u00fc\u011f\u00fcn\u00fc belirten Mansur, 22 yaral\u0131dan 3&#8217;\u00fcn\u00fcn \u00e7ocuk 7&#8217;sinin ise kad\u0131n oldu\u011funu an\u0131msatt\u0131.<\/p>\n<p>Mansur, \u015fu ifadelere yer verdi:<\/p>\n<p>&#8220;Hukuk d\u0131\u015f\u0131 \u015fekilde, \u0130srail bu sald\u0131r\u0131larla Filistinlileri taamm\u00fcden \u00f6ld\u00fcrmeyi planlam\u0131\u015ft\u0131r. \u0130\u015fgal alt\u0131ndaki Filistin topraklar\u0131nda uluslararas\u0131 hukuku ve insan haklar\u0131n\u0131 hi\u00e7e sayan ihlallerin ve bu su\u00e7lar\u0131n faillerinin derhal hesaba \u00e7ekilmesi \u00e7a\u011fr\u0131s\u0131nda bulunuyoruz. \u0130srail&#8217;in cezas\u0131z kalma, \u00f6ld\u00fcrme, y\u0131kma, s\u00f6m\u00fcrme ve ilhak ba\u011f\u0131ml\u0131l\u0131\u011f\u0131na son verme zaman\u0131 geldi art\u0131k&#8221;<\/p>\n<h3>\u0130srail&#8217;in Gazze sald\u0131r\u0131s\u0131nda 15 ki\u015fi \u00f6ld\u00fc<\/h3>\n<p>\u0130srail&#8217;in Gazze \u015eeridi&#8217;nde d\u00fczenledi\u011fi hava sald\u0131r\u0131lar\u0131nda aralar\u0131nda kad\u0131n ve \u00e7ocuklar\u0131n bulundu\u011fu 15 ki\u015fi \u00f6lm\u00fc\u015f, 22 ki\u015fi yaralanm\u0131\u015ft\u0131.<\/p>\n<p>Sald\u0131r\u0131larda ya\u015fam\u0131n\u0131 yitirenler aras\u0131nda \u0130slami Cihad Hareketi&#8217;nin askeri kadrolar\u0131ndan 3 ki\u015finin bulundu\u011fu a\u00e7\u0131klanm\u0131\u015ft\u0131.<\/p>\n<p>\u00d6te yandan \u0130srail g\u00fc\u00e7lerinin Bat\u0131 \u015eeria&#8217;n\u0131n Nablus kentine d\u00fczenledi\u011fi bask\u0131nda ise 15 Filistinli yaralanm\u0131\u015ft\u0131.<\/p>\n<p>                            <span class=\"detay-foto-editor\">&#13;<br \/>\n                                <a href=\"https:\/\/www.aa.com.tr\/tr\/p\/abonelik-talep-formu\/1001\" target=\"_blank\" style=\"font-size:12px; color:#444; text-decoration:none;\" rel=\"noopener\">&#13;<br \/>\n                                    Anadolu Ajans\u0131 web sitesinde, AA Haber Ak\u0131\u015f Sistemi (HAS) \u00fczerinden abonelere sunulan haberler, \u00f6zetlenerek yay\u0131mlanmaktad\u0131r. <b style=\"color:#1897F7\">Abonelik i\u00e7in l\u00fctfen ileti\u015fime ge\u00e7iniz.<\/b>&#13;<br \/>\n                                <\/a>&#13;<br \/>\n                            <\/span>\n                        <\/div>\n<p><script>\n\t  window.fbAsyncInit = function() {\n\t\tFB.init({\n\t\t  appId: '1855843514662870',\n\t\t  status : true, \/\/ check login status\n\t\t  cookie : true, \/\/ enable cookies to allow the server to access the session\n\t\t  xfbml  : true  \/\/ parse XFBML\n\t\t});\n\t  };<\/p>\n<p>\t  (function() {\n\t\tvar e = document.createElement('script');\n\t\te.src=\"https:\/\/connect.facebook.net\/tr_TR\/all.js\";\n\t\te.async = true;\n\t\tdocument.getElementById('fb-root').appendChild(e);\n\t  }());\n    <\/script><\/p>\n","protected":false},"excerpt":{"rendered":"<p>Resmi Filistin haber ajans\u0131na g\u00f6re, Filistin&#8217;in BM Daimi Temsilcisi B\u00fcy\u00fckel\u00e7i Riyad Mansur, BM Genel Sekreteri Antonio Guterres\u2019e, May\u0131s ay\u0131 G\u00fcvenlik Konseyi Ba\u015fkan\u0131 Pascale Christine Baeriswyl&#8217;e ve BM Genel Kurul Ba\u015fkan\u0131 Csaba K\u00f6r\u00f6si&#8217;ye mektup g\u00f6nderdi. Haberde, Mansur&#8217;un mektuplar\u0131nda \u0130srail&#8217;in Bat\u0131 \u015eeria ve Gazze&#8217;deki Filistin halk\u0131na kar\u015f\u0131 sald\u0131r\u0131lar\u0131n\u0131 t\u0131rmand\u0131rmas\u0131n\u0131 anlatt\u0131\u011f\u0131 kaydedildi. \u0130srail&#8217;in yapt\u0131klar\u0131n\u0131n birer sava\u015f su\u00e7u oldu\u011fu [&hellip;]<\/p>\n","protected":false},"author":1,"featured_media":4543,"comment_status":"","ping_status":"","sticky":false,"template":"","format":"standard","meta":[],"categories":[1],"tags":[],"_links":{"self":[{"href":"https:\/\/kraios.app\/news\/wp-json\/wp\/v2\/posts\/4542"}],"collection":[{"href":"https:\/\/kraios.app\/news\/wp-json\/wp\/v2\/posts"}],"about":[{"href":"https:\/\/kraios.app\/news\/wp-json\/wp\/v2\/types\/post"}],"author":[{"embeddable":true,"href":"https:\/\/kraios.app\/news\/wp-json\/wp\/v2\/users\/1"}],"replies":[{"embeddable":true,"href":"https:\/\/kraios.app\/news\/wp-json\/wp\/v2\/comments?post=4542"}],"version-history":[{"count":0,"href":"https:\/\/kraios.app\/news\/wp-json\/wp\/v2\/posts\/4542\/revisions"}],"wp:featuredmedia":[{"embeddable":true,"href":"https:\/\/kraios.app\/news\/wp-json\/wp\/v2\/media\/4543"}],"wp:attachment":[{"href":"https:\/\/kraios.app\/news\/wp-json\/wp\/v2\/media?parent=4542"}],"wp:term":[{"taxonomy":"category","embeddable":true,"href":"https:\/\/kraios.app\/news\/wp-json\/wp\/v2\/categories?post=4542"},{"taxonomy":"post_tag","embeddable":true,"href":"https:\/\/kraios.app\/news\/wp-json\/wp\/v2\/tags?post=4542"}],"curies":[{"name":"wp","href":"https:\/\/api.w.org\/{rel}","templated":true}]}}