{"id":4522,"date":"2023-05-09T22:20:06","date_gmt":"2023-05-09T22:20:06","guid":{"rendered":"https:\/\/kraios.app\/news\/saglik\/2023\/05\/09\/kadinlarin-yuzde-53-erkeklerin-yuzde-317sinde-fiziksel-aktivitenin-dusuk-oldugu-belirlendi\/"},"modified":"2023-05-09T22:20:06","modified_gmt":"2023-05-09T22:20:06","slug":"kadinlarin-yuzde-53-erkeklerin-yuzde-317sinde-fiziksel-aktivitenin-dusuk-oldugu-belirlendi","status":"publish","type":"post","link":"https:\/\/kraios.app\/news\/saglik\/2023\/05\/09\/kadinlarin-yuzde-53-erkeklerin-yuzde-317sinde-fiziksel-aktivitenin-dusuk-oldugu-belirlendi\/","title":{"rendered":"Kad\u0131nlar\u0131n y\u00fczde 53, erkeklerin y\u00fczde 31,7&#039;sinde fiziksel aktivitenin d\u00fc\u015f\u00fck oldu\u011fu belirlendi"},"content":{"rendered":"<p>Sa\u011fl\u0131k Bakanl\u0131\u011f\u0131n\u0131n T\u00fcrkiye Beslenme ve Sa\u011fl\u0131k Ara\u015ft\u0131rmas\u0131 sonu\u00e7lar\u0131na g\u00f6re, kad\u0131nlar\u0131n y\u00fczde 53,1&#8217;inde, erkeklerin y\u00fczde 31,7&#8217;sinde fiziksel aktivite d\u00fczeyinin d\u00fc\u015f\u00fck oldu\u011fu tespit edildi.<\/p>\n","protected":false},"excerpt":{"rendered":"<p>Sa\u011fl\u0131k Bakanl\u0131\u011f\u0131n\u0131n T\u00fcrkiye Beslenme ve Sa\u011fl\u0131k Ara\u015ft\u0131rmas\u0131 sonu\u00e7lar\u0131na g\u00f6re, kad\u0131nlar\u0131n y\u00fczde 53,1&#8217;inde, erkeklerin y\u00fczde 31,7&#8217;sinde fiziksel aktivite d\u00fczeyinin d\u00fc\u015f\u00fck oldu\u011fu tespit edildi.<\/p>\n","protected":false},"author":1,"featured_media":4523,"comment_status":"","ping_status":"","sticky":false,"template":"","format":"standard","meta":[],"categories":[46],"tags":[],"_links":{"self":[{"href":"https:\/\/kraios.app\/news\/wp-json\/wp\/v2\/posts\/4522"}],"collection":[{"href":"https:\/\/kraios.app\/news\/wp-json\/wp\/v2\/posts"}],"about":[{"href":"https:\/\/kraios.app\/news\/wp-json\/wp\/v2\/types\/post"}],"author":[{"embeddable":true,"href":"https:\/\/kraios.app\/news\/wp-json\/wp\/v2\/users\/1"}],"replies":[{"embeddable":true,"href":"https:\/\/kraios.app\/news\/wp-json\/wp\/v2\/comments?post=4522"}],"version-history":[{"count":0,"href":"https:\/\/kraios.app\/news\/wp-json\/wp\/v2\/posts\/4522\/revisions"}],"wp:featuredmedia":[{"embeddable":true,"href":"https:\/\/kraios.app\/news\/wp-json\/wp\/v2\/media\/4523"}],"wp:attachment":[{"href":"https:\/\/kraios.app\/news\/wp-json\/wp\/v2\/media?parent=4522"}],"wp:term":[{"taxonomy":"category","embeddable":true,"href":"https:\/\/kraios.app\/news\/wp-json\/wp\/v2\/categories?post=4522"},{"taxonomy":"post_tag","embeddable":true,"href":"https:\/\/kraios.app\/news\/wp-json\/wp\/v2\/tags?post=4522"}],"curies":[{"name":"wp","href":"https:\/\/api.w.org\/{rel}","templated":true}]}}