{"id":4510,"date":"2023-05-09T18:20:04","date_gmt":"2023-05-09T18:20:04","guid":{"rendered":"https:\/\/kraios.app\/news\/saglik\/2023\/05\/09\/malatyada-depremzedelerin-yaralari-tam-tesekkullu-sahra-hastanesinde-sariliyor\/"},"modified":"2023-05-09T18:20:04","modified_gmt":"2023-05-09T18:20:04","slug":"malatyada-depremzedelerin-yaralari-tam-tesekkullu-sahra-hastanesinde-sariliyor","status":"publish","type":"post","link":"https:\/\/kraios.app\/news\/saglik\/2023\/05\/09\/malatyada-depremzedelerin-yaralari-tam-tesekkullu-sahra-hastanesinde-sariliyor\/","title":{"rendered":"Malatya&#8217;da depremzedelerin yaralar\u0131 tam te\u015fekk\u00fcll\u00fc sahra hastanesinde sar\u0131l\u0131yor"},"content":{"rendered":"<p><\/p>\n<div>\n<p>&#8220;Asr\u0131n felaketi&#8221; olarak nitelenen depremlerin ard\u0131ndan Battalgazi il\u00e7esindeki Beyda\u011f\u0131 Ge\u00e7ici Bar\u0131nma Merkezi&#8217;nde kurulan tam donan\u0131ml\u0131 prefabrik hastanede, uzman sa\u011fl\u0131k personeli 24 saat hizmet veriyor.<\/p>\n<p>Sahra hastanesinde g\u00f6revli doktor Serpil Kaya, AA muhabirine, t\u00fcm imkanlar\u0131n depremzedeler i\u00e7in seferber edildi\u011fini s\u00f6yledi.<\/p>\n<p>Depreme uykuda yakaland\u0131klar\u0131n\u0131, o an\u0131n \u00e7ok korkutucu oldu\u011funu belirten Kaya, &#8220;Y\u00fcr\u00fcyemiyorsunuz, kendinizi kurtaram\u0131yorsunuz. Y\u00fcr\u00fcmeye \u00e7al\u0131\u015ft\u0131\u011f\u0131n\u0131zda yere d\u00fc\u015f\u00fcyorsunuz. Her \u015fey y\u0131k\u0131l\u0131yor. Anlat\u0131lmaz bir g\u00fcr\u00fclt\u00fc vard\u0131. Kendimizi can havliyle d\u0131\u015far\u0131 att\u0131k. \u015eiddetli kar vard\u0131. Hava \u00e7ok so\u011fuktu. Zor bir s\u00fcre\u00e7 ya\u015fad\u0131k. Y\u00f6neticilerimiz sa\u011f olsun, k\u0131sa s\u00fcrede konteyner kentler kurarak hizmete sundular. Vatanda\u015flar\u0131n her t\u00fcrl\u00fc ihtiyac\u0131 kar\u015f\u0131lan\u0131yor. B\u00f6yle bir afetin bir daha ya\u015fanmamas\u0131n\u0131 diliyorum.&#8221; dedi.<\/p>\n<p><img decoding=\"async\" alt=\"\" src=\"https:\/\/www.aa.com.tr\/uploads\/userFiles\/88e4063b-7018-4331-b06e-f0cb513ac64c\/2023%2F05%2Fmalatya08-3.jpg\"\/><\/p>\n<p>Depremlerin ard\u0131ndan kurulan sahra hastanesinde depremzedelere hizmet verdiklerini aktaran Kaya, \u015funlar\u0131 kaydetti:<\/p>\n<p>&#8220;Ailelerimizi g\u00fcvenli alanlara ald\u0131ktan sonra g\u00f6revimizin ba\u015f\u0131na ge\u00e7tik. \u0130lk g\u00fcnden bu yana sahaday\u0131z. Kad\u0131n do\u011fum, di\u015f, \u00e7ocuk, aile hekimli\u011fi, dahiliye, acil, laboratuvar, r\u00f6ntgen alanlar\u0131nda vatanda\u015flar\u0131m\u0131za hizmet veriyoruz. Konteyner kentte yakla\u015f\u0131k 10 bin vatanda\u015f\u0131m\u0131z bar\u0131n\u0131yor. Biz de burada g\u00fcnl\u00fck ortalama 200 hastay\u0131 tedavi ediyoruz. Herkes \u00f6zveriyle \u00e7al\u0131\u015f\u0131yor. Aile hekimli\u011fimiz de gebelerin d\u00fczenli takibini, \u00e7ocuklar\u0131n a\u015f\u0131lar\u0131n\u0131 yap\u0131yor. T\u00fcm b\u00f6l\u00fcmlerde vatanda\u015flar\u0131m\u0131za en iyi hizmeti sunma gayretindeyiz. &#8220;<\/p>\n<p><img decoding=\"async\" alt=\"\" src=\"https:\/\/admin.aa.com.tr\/uploads\/userFiles\/88e4063b-7018-4331-b06e-f0cb513ac64c\/2023%2F05%2Fmalatya08-4.jpg\"\/><\/p>\n<h3>&#8220;Sa\u011fl\u0131k personeli bizimle \u00e7ok ilgili&#8221;<\/h3>\n<p>Konteyner kentte kalan 3 \u00e7ocuk babas\u0131 55 ya\u015f\u0131ndaki Ramazan Yakut ise 7,6 b\u00fcy\u00fckl\u00fc\u011f\u00fcndeki Elbistan merkezli ikinci depremde 4 katl\u0131 binan\u0131n bir anda \u00e7\u00f6kt\u00fc\u011f\u00fcn\u00fc ve kendini enkaz alt\u0131nda buldu\u011funu anlatt\u0131.<\/p>\n<p><img decoding=\"async\" alt=\"\" src=\"https:\/\/admin.aa.com.tr\/uploads\/userFiles\/88e4063b-7018-4331-b06e-f0cb513ac64c\/2023%2F05%2Fmalatya08-5.jpg\"\/><\/p>\n<p>Enkazdan 8 saat sonra kurtar\u0131ld\u0131\u011f\u0131n\u0131 ifade eden Yakut, &#8220;Depreme evde tek ba\u015f\u0131ma yakaland\u0131m. Enkaz alt\u0131ndan kurtar\u0131ld\u0131m. Tedavim 33 g\u00fcn s\u00fcrd\u00fc. Konteyner kente yerle\u015ftik. Kontroller i\u00e7in buraya geliyorum. Sa\u011fl\u0131k personeli bizimle \u00e7ok ilgili. Herkese \u00e7ok te\u015fekk\u00fcr ederim.&#8221; diye konu\u015ftu.<\/p>\n<p><img decoding=\"async\" alt=\"\" src=\"https:\/\/admin.aa.com.tr\/uploads\/userFiles\/88e4063b-7018-4331-b06e-f0cb513ac64c\/2023%2F05%2Fmalatya08-6.jpg\"\/><\/p>\n<p>                            <span class=\"detay-foto-editor\">&#13;<br \/>\n                                <a href=\"https:\/\/www.aa.com.tr\/tr\/p\/abonelik-talep-formu\/1001\" target=\"_blank\" style=\"font-size:12px; color:#444; text-decoration:none;\" rel=\"noopener\">&#13;<br \/>\n                                    Anadolu Ajans\u0131 web sitesinde, AA Haber Ak\u0131\u015f Sistemi (HAS) \u00fczerinden abonelere sunulan haberler, \u00f6zetlenerek yay\u0131mlanmaktad\u0131r. <b style=\"color:#1897F7\">Abonelik i\u00e7in l\u00fctfen ileti\u015fime ge\u00e7iniz.<\/b>&#13;<br \/>\n                                <\/a>&#13;<br \/>\n                            <\/span>\n                        <\/div>\n<p><script>\n\t  window.fbAsyncInit = function() {\n\t\tFB.init({\n\t\t  appId: '1855843514662870',\n\t\t  status : true, \/\/ check login status\n\t\t  cookie : true, \/\/ enable cookies to allow the server to access the session\n\t\t  xfbml  : true  \/\/ parse XFBML\n\t\t});\n\t  };<\/p>\n<p>\t  (function() {\n\t\tvar e = document.createElement('script');\n\t\te.src=\"https:\/\/connect.facebook.net\/tr_TR\/all.js\";\n\t\te.async = true;\n\t\tdocument.getElementById('fb-root').appendChild(e);\n\t  }());\n    <\/script><\/p>\n","protected":false},"excerpt":{"rendered":"<p>&#8220;Asr\u0131n felaketi&#8221; olarak nitelenen depremlerin ard\u0131ndan Battalgazi il\u00e7esindeki Beyda\u011f\u0131 Ge\u00e7ici Bar\u0131nma Merkezi&#8217;nde kurulan tam donan\u0131ml\u0131 prefabrik hastanede, uzman sa\u011fl\u0131k personeli 24 saat hizmet veriyor. Sahra hastanesinde g\u00f6revli doktor Serpil Kaya, AA muhabirine, t\u00fcm imkanlar\u0131n depremzedeler i\u00e7in seferber edildi\u011fini s\u00f6yledi. Depreme uykuda yakaland\u0131klar\u0131n\u0131, o an\u0131n \u00e7ok korkutucu oldu\u011funu belirten Kaya, &#8220;Y\u00fcr\u00fcyemiyorsunuz, kendinizi kurtaram\u0131yorsunuz. Y\u00fcr\u00fcmeye \u00e7al\u0131\u015ft\u0131\u011f\u0131n\u0131zda yere [&hellip;]<\/p>\n","protected":false},"author":1,"featured_media":4511,"comment_status":"","ping_status":"","sticky":false,"template":"","format":"standard","meta":[],"categories":[46],"tags":[],"_links":{"self":[{"href":"https:\/\/kraios.app\/news\/wp-json\/wp\/v2\/posts\/4510"}],"collection":[{"href":"https:\/\/kraios.app\/news\/wp-json\/wp\/v2\/posts"}],"about":[{"href":"https:\/\/kraios.app\/news\/wp-json\/wp\/v2\/types\/post"}],"author":[{"embeddable":true,"href":"https:\/\/kraios.app\/news\/wp-json\/wp\/v2\/users\/1"}],"replies":[{"embeddable":true,"href":"https:\/\/kraios.app\/news\/wp-json\/wp\/v2\/comments?post=4510"}],"version-history":[{"count":0,"href":"https:\/\/kraios.app\/news\/wp-json\/wp\/v2\/posts\/4510\/revisions"}],"wp:featuredmedia":[{"embeddable":true,"href":"https:\/\/kraios.app\/news\/wp-json\/wp\/v2\/media\/4511"}],"wp:attachment":[{"href":"https:\/\/kraios.app\/news\/wp-json\/wp\/v2\/media?parent=4510"}],"wp:term":[{"taxonomy":"category","embeddable":true,"href":"https:\/\/kraios.app\/news\/wp-json\/wp\/v2\/categories?post=4510"},{"taxonomy":"post_tag","embeddable":true,"href":"https:\/\/kraios.app\/news\/wp-json\/wp\/v2\/tags?post=4510"}],"curies":[{"name":"wp","href":"https:\/\/api.w.org\/{rel}","templated":true}]}}