{"id":4478,"date":"2023-05-09T10:20:05","date_gmt":"2023-05-09T10:20:05","guid":{"rendered":"https:\/\/kraios.app\/news\/saglik\/2023\/05\/09\/anne-ve-yeni-dogan-olumleriyle-kuresel-mucadelede-2015ten-beri-duraksama-yasaniyor\/"},"modified":"2023-05-09T10:20:05","modified_gmt":"2023-05-09T10:20:05","slug":"anne-ve-yeni-dogan-olumleriyle-kuresel-mucadelede-2015ten-beri-duraksama-yasaniyor","status":"publish","type":"post","link":"https:\/\/kraios.app\/news\/saglik\/2023\/05\/09\/anne-ve-yeni-dogan-olumleriyle-kuresel-mucadelede-2015ten-beri-duraksama-yasaniyor\/","title":{"rendered":"Anne ve yeni do\u011fan \u00f6l\u00fcmleriyle k\u00fcresel m\u00fccadelede 2015&#8217;ten beri duraksama ya\u015fan\u0131yor"},"content":{"rendered":"<p><\/p>\n<div>\n<p>BM taraf\u0131ndan &#8220;anne ve yeni do\u011fan sa\u011fl\u0131\u011f\u0131 ile hayatta kalma oran\u0131n\u0131 iyile\u015ftirme ve \u00f6l\u00fc do\u011fumlar\u0131 azaltma&#8221; ba\u015fl\u0131\u011f\u0131yla yay\u0131mlanan raporda, bu \u00f6l\u00fcmlere ili\u015fkin son veriler ile kritik sa\u011fl\u0131k hizmetleri de\u011ferlendirildi.<\/p>\n<p>Rapora g\u00f6re, her y\u0131l 4,5 milyondan fazla anne ve bebek; hamilelik, do\u011fum veya do\u011fumdan sonraki ilk haftalarda \u00f6nlenebilecek veya tedavi edilebilecek hastal\u0131klar nedenlerle ya\u015fam\u0131n\u0131 yitiriyor. Bu oran, her 7 saniyede bir anne veya bebe\u011fin \u00f6lmesi anlam\u0131na geliyor.<\/p>\n<p>Gebeler, anneler ve bebeklerin hayatta kalmalar\u0131 konusunda yap\u0131lan iyile\u015ftirmeler 2015&#8217;ten bu yana duraksarken her y\u0131l yakla\u015f\u0131k 290 bin anne \u00f6l\u00fcyor ve 1,9 milyon \u00f6l\u00fc do\u011fum ya\u015fan\u0131yor.<\/p>\n<p>\u00d6te yandan her y\u0131l yakla\u015f\u0131k 2,3 milyon yeni do\u011fan \u00f6l\u00fcm\u00fc (ya\u015famlar\u0131n\u0131n ilk ay\u0131nda) ger\u00e7ekle\u015fiyor.<\/p>\n<h3>Eksiklikler, anne ve \u00e7ocuklar\u0131n hayatta kalmak olas\u0131l\u0131klar\u0131n\u0131 d\u00fc\u015f\u00fcr\u00fcyor<\/h3>\n<p>Kovid-19 salg\u0131n\u0131, artan yoksulluk ve k\u00f6t\u00fcye giden insani krizler, sa\u011fl\u0131k sistemleri \u00fczerindeki olumsuz bask\u0131lar\u0131 art\u0131r\u0131rken do\u011fum ve yeni do\u011fan sa\u011fl\u0131\u011f\u0131 hizmetlerinde aksamalara da neden oldu.<\/p>\n<p>Salg\u0131n\u0131n temel sa\u011fl\u0131k hizmetleri \u00fczerindeki etkilerine ili\u015fkin son D\u00fcnya Sa\u011fl\u0131k \u00d6rg\u00fct\u00fc (DS\u00d6) anketine g\u00f6re, d\u00fcnya genelindeki \u00fclkelerin yakla\u015f\u0131k d\u00f6rtte birinde hayati \u00f6nem ta\u015f\u0131yan gebelik, do\u011fum sonras\u0131 bak\u0131m ve hasta \u00e7ocuklara y\u00f6nelik hizmetlerde kesintiler ya\u015fan\u0131yor. Finansman eksiklikleri ve temel sa\u011fl\u0131k hizmetlerine yap\u0131lan yetersiz yat\u0131r\u0131m, anne ve \u00e7ocuklar\u0131n hayatta kalma olas\u0131l\u0131klar\u0131n\u0131 d\u00fc\u015f\u00fcrebiliyor.<\/p>\n<p>Yeni do\u011fan ve anne \u00f6l\u00fcmlerinin en fazla g\u00f6r\u00fcld\u00fc\u011f\u00fc b\u00f6lgeler olan Sahra Alt\u0131 Afrika ve Orta ve G\u00fcney Asya&#8217;n\u0131n en k\u00f6t\u00fc durumdaki \u00fclkelerde, kad\u0131nlar\u0131n y\u00fczde 60&#8217;\u0131ndan daha az\u0131, DS\u00d6&#8217;n\u00fcn tavsiye etti\u011fi do\u011fum \u00f6ncesi 8 kontrolden sadece 4&#8217;\u00fcn\u00fc yapt\u0131rabiliyor.<\/p>\n<p>Rapor, bu konudaki m\u00fcdahalelerin \u00f6zellikle en yoksul ve riskli durumdaki kad\u0131nlar\u0131 hedeflemesi gerekti\u011fini vurgularken kritik yerel planlama ve yat\u0131r\u0131mlar\u0131n \u00f6nemine de dikkati \u00e7ekiyor.<\/p>\n<p>Raporda g\u00f6r\u00fc\u015flerine yer verilen DS\u00d6 Anne, \u00c7ocuk ve Ergen Sa\u011fl\u0131\u011f\u0131 Enstit\u00fcs\u00fc Direkt\u00f6r\u00fc Anshu Banerjee, &#8220;Gebeler ve yeni do\u011fan \u00f6l\u00fcmleri d\u00fcnya genelinde kabul edilemeyecek kadar y\u00fcksek oranlarda. Kovid-19 salg\u0131n\u0131 bunlar\u0131n ihtiya\u00e7 duydu\u011fu sa\u011fl\u0131k hizmetlerinin sa\u011flanmas\u0131nda daha fazla aksamalara neden oldu.&#8221; ifadelerini kulland\u0131.<\/p>\n<p>Banerjee, her kad\u0131n ve bebe\u011fin en iyi sa\u011fl\u0131k hizmetini almas\u0131 ve hayatta kalabilmesi i\u00e7in temel sa\u011fl\u0131k hizmetlerine daha fazla yat\u0131r\u0131m yap\u0131lmas\u0131 gerekti\u011fini vurgulad\u0131.<\/p>\n<p>                            <span class=\"detay-foto-editor\">&#13;<br \/>\n                                <a href=\"https:\/\/www.aa.com.tr\/tr\/p\/abonelik-talep-formu\/1001\" target=\"_blank\" style=\"font-size:12px; color:#444; text-decoration:none;\" rel=\"noopener\">&#13;<br \/>\n                                    Anadolu Ajans\u0131 web sitesinde, AA Haber Ak\u0131\u015f Sistemi (HAS) \u00fczerinden abonelere sunulan haberler, \u00f6zetlenerek yay\u0131mlanmaktad\u0131r. <b style=\"color:#1897F7\">Abonelik i\u00e7in l\u00fctfen ileti\u015fime ge\u00e7iniz.<\/b>&#13;<br \/>\n                                <\/a>&#13;<br \/>\n                            <\/span>\n                        <\/div>\n<p><script>\n\t  window.fbAsyncInit = function() {\n\t\tFB.init({\n\t\t  appId: '1855843514662870',\n\t\t  status : true, \/\/ check login status\n\t\t  cookie : true, \/\/ enable cookies to allow the server to access the session\n\t\t  xfbml  : true  \/\/ parse XFBML\n\t\t});\n\t  };<\/p>\n<p>\t  (function() {\n\t\tvar e = document.createElement('script');\n\t\te.src=\"https:\/\/connect.facebook.net\/tr_TR\/all.js\";\n\t\te.async = true;\n\t\tdocument.getElementById('fb-root').appendChild(e);\n\t  }());\n    <\/script><\/p>\n","protected":false},"excerpt":{"rendered":"<p>BM taraf\u0131ndan &#8220;anne ve yeni do\u011fan sa\u011fl\u0131\u011f\u0131 ile hayatta kalma oran\u0131n\u0131 iyile\u015ftirme ve \u00f6l\u00fc do\u011fumlar\u0131 azaltma&#8221; ba\u015fl\u0131\u011f\u0131yla yay\u0131mlanan raporda, bu \u00f6l\u00fcmlere ili\u015fkin son veriler ile kritik sa\u011fl\u0131k hizmetleri de\u011ferlendirildi. Rapora g\u00f6re, her y\u0131l 4,5 milyondan fazla anne ve bebek; hamilelik, do\u011fum veya do\u011fumdan sonraki ilk haftalarda \u00f6nlenebilecek veya tedavi edilebilecek hastal\u0131klar nedenlerle ya\u015fam\u0131n\u0131 yitiriyor. Bu [&hellip;]<\/p>\n","protected":false},"author":1,"featured_media":4479,"comment_status":"","ping_status":"","sticky":false,"template":"","format":"standard","meta":[],"categories":[46],"tags":[],"_links":{"self":[{"href":"https:\/\/kraios.app\/news\/wp-json\/wp\/v2\/posts\/4478"}],"collection":[{"href":"https:\/\/kraios.app\/news\/wp-json\/wp\/v2\/posts"}],"about":[{"href":"https:\/\/kraios.app\/news\/wp-json\/wp\/v2\/types\/post"}],"author":[{"embeddable":true,"href":"https:\/\/kraios.app\/news\/wp-json\/wp\/v2\/users\/1"}],"replies":[{"embeddable":true,"href":"https:\/\/kraios.app\/news\/wp-json\/wp\/v2\/comments?post=4478"}],"version-history":[{"count":0,"href":"https:\/\/kraios.app\/news\/wp-json\/wp\/v2\/posts\/4478\/revisions"}],"wp:featuredmedia":[{"embeddable":true,"href":"https:\/\/kraios.app\/news\/wp-json\/wp\/v2\/media\/4479"}],"wp:attachment":[{"href":"https:\/\/kraios.app\/news\/wp-json\/wp\/v2\/media?parent=4478"}],"wp:term":[{"taxonomy":"category","embeddable":true,"href":"https:\/\/kraios.app\/news\/wp-json\/wp\/v2\/categories?post=4478"},{"taxonomy":"post_tag","embeddable":true,"href":"https:\/\/kraios.app\/news\/wp-json\/wp\/v2\/tags?post=4478"}],"curies":[{"name":"wp","href":"https:\/\/api.w.org\/{rel}","templated":true}]}}