{"id":4464,"date":"2023-05-09T04:20:09","date_gmt":"2023-05-09T04:20:09","guid":{"rendered":"https:\/\/kraios.app\/news\/gundem\/2023\/05\/09\/birinci-turda-bu-isi-bitirelim-istiyoruz\/"},"modified":"2023-05-09T04:20:09","modified_gmt":"2023-05-09T04:20:09","slug":"birinci-turda-bu-isi-bitirelim-istiyoruz","status":"publish","type":"post","link":"https:\/\/kraios.app\/news\/gundem\/2023\/05\/09\/birinci-turda-bu-isi-bitirelim-istiyoruz\/","title":{"rendered":"&#8216;Birinci turda bu i\u015fi bitirelim istiyoruz&#8217;"},"content":{"rendered":"<p><\/p>\n<div>\n<p>Ankara&#8217;dan AK Parti milletvekili aday\u0131 olarak g\u00f6sterilen Oktay, TRT Haber&#8217;de g\u00fcndeme ili\u015fkin de\u011ferlendirmede bulundu, sorular\u0131 yan\u0131tlad\u0131.<\/p>\n<p>Se\u00e7im kampanyas\u0131 s\u00fcrecinde yo\u011fun bir \u00e7al\u0131\u015fma y\u00fcr\u00fctt\u00fcklerini, vatanda\u015flar\u0131n kendilerine verdi\u011fi deste\u011fin motivasyonlar\u0131n\u0131 art\u0131rd\u0131\u011f\u0131n\u0131 belirten Oktay, Ankara ve \u0130stanbul mitingleriyle de vatanda\u015f\u0131n net bir mesaj verdi\u011fini vurgulad\u0131.<\/p>\n<p>Oktay, &#8220;Birlik, beraberlik, dayan\u0131\u015fma i\u00e7erisinde vatanda\u015flar\u0131m\u0131zla yola devam ediyoruz. Be\u015f g\u00fcn\u00fcm\u00fcz kald\u0131. 14 May\u0131s&#8217;ta da in\u015fallah b\u00fct\u00fcn bu co\u015fkuyu, heyecan\u0131 sand\u0131klara da yans\u0131tmay\u0131 arzuluyoruz. Birinci turda bu i\u015fi bitirelim istiyoruz.&#8221; diye konu\u015ftu.<\/p>\n<p>Se\u00e7ime say\u0131l\u0131 g\u00fcnler kala d\u0131\u015f bas\u0131nda T\u00fcrkiye&#8217;ye kar\u015f\u0131 bir manip\u00fclasyon \u00e7abas\u0131n\u0131n oldu\u011funun hat\u0131rlat\u0131lmas\u0131 \u00fczerine Oktay, bunun yeni olmad\u0131\u011f\u0131n\u0131, Cumhurba\u015fkan\u0131 Recep Tayyip Erdo\u011fan&#8217;\u0131n girdi\u011fi b\u00fct\u00fcn se\u00e7imlerde bu manip\u00fclasyonlar\u0131n g\u00f6r\u00fcld\u00fc\u011f\u00fcn\u00fc ifade etti.<\/p>\n<p>Oktay, &#8220;T\u00fcrkiye&#8217;nin \u00f6n\u00fc ne zaman a\u00e7\u0131lm\u0131\u015fsa, T\u00fcrkiye ne zaman \u015fahlan\u0131\u015fa kalk\u0131yorsa, T\u00fcrkiye ne zaman b\u00f6lgesinde ve d\u00fcnyada s\u00f6z sahibi olmak istiyor ve oluyorsa, bu man\u015fetler her taraftan gelmeye ba\u015fl\u0131yor. \u00d6zellikle de Bat\u0131&#8217;dan geliyor. Bu defa daha bir \u015fiddetli tekrarlanma \u015feklini g\u00f6r\u00fcyoruz.&#8221; de\u011ferlendirmesini yapt\u0131.<\/p>\n<p>Bir senaryoyla birlikte, bir araya gelme \u015fans\u0131 olmayanlar\u0131n masa etraf\u0131nda oturtuldu\u011funu, kalkmak isteyenin de an\u0131nda geri d\u00f6nd\u00fcr\u00fcld\u00fc\u011f\u00fcn\u00fc kaydeden Oktay, &#8220;Ad\u0131na kumar masas\u0131 dediler, noter masas\u0131 dediler, her \u015feyi ifade ettiler ama o masadan kalkma cesaretini kimse g\u00f6steremez. D\u00fcn de g\u00f6steremedi bug\u00fcn de yar\u0131n da g\u00f6steremeyecek.&#8221; dedi.<\/p>\n<p>Milletin, bu masan\u0131n kurulu\u015f sebebini feraseti ve basiretiyle ge\u00e7 olmadan g\u00f6rd\u00fc\u011f\u00fcn\u00fc belirten Oktay, &#8220;Meydanlar\u0131n dolmas\u0131 co\u015fku, heyecan buradan kaynaklan\u0131yor. &#8216;Sen veya herhangi birisi benim irademe ipotek koyamazs\u0131n.&#8217; diyor. Man\u015fetlere bakt\u0131\u011f\u0131n\u0131zda, &#8216;Erdo\u011fan gitsin.&#8217; Niye gitsin Erdo\u011fan? Sen kimsin de Erdo\u011fan gitsin diyorsun? \u00c7\u00fcnk\u00fc kendisinin arzu etti\u011fi politikalar\u0131 hayata ge\u00e7irecek ki\u015filerin gelmesi isteniyor. Zaten o da belli, &#8216;yedili masa.'&#8221; diye konu\u015ftu.<\/p>\n<h3>&#8220;Savunma sanayisinde ba\u015fard\u0131\u011f\u0131m\u0131z\u0131 enerji alan\u0131nda ba\u015faraca\u011f\u0131z&#8221;<\/h3>\n<p>D\u0131\u015f politikay\u0131 etkileyen savunma sanayisi ve enerji alan\u0131ndaki \u00e7al\u0131\u015fmalara da i\u015faret eden Oktay, &#8220;&#8216;Erdo\u011fan gitsin&#8217; diyor. Niye gitsin diyor? \u00c7\u00fcnk\u00fc Erdo\u011fan, savunma sanayisinde yapt\u0131\u011f\u0131 hamlenin benzerini \u015fimdi enerji alan\u0131nda yap\u0131yor. Biz Cumhurba\u015fkan\u0131&#8217;m\u0131z\u0131n liderli\u011finde, savunma sanayisinde ba\u015fard\u0131\u011f\u0131m\u0131z\u0131 enerji alan\u0131nda ba\u015faraca\u011f\u0131z. Orada da ba\u011f\u0131ms\u0131zl\u0131\u011f\u0131m\u0131z\u0131 ilan edece\u011fiz. Yani savunma sanayisinde nas\u0131l y\u00fczde 20&#8217;lerden y\u00fczde 80&#8217;lere \u00e7\u0131kt\u0131k, enerjide de \u00e7\u0131kaca\u011f\u0131z. Bu, T\u00fcrkiye&#8217;nin d\u0131\u015fa ba\u011f\u0131ml\u0131l\u0131\u011f\u0131n\u0131 daha da azaltacak anlam\u0131ndad\u0131r.&#8221; ifadesini kulland\u0131.<\/p>\n<p>T\u00fcrkiye&#8217;nin, &#8220;Herkesle ileti\u015fim kurar\u0131m. Milletimin \u00e7\u0131kar\u0131na olan \u015fey neyse onu yapar\u0131m.&#8221; dedi\u011fini aktaran Oktay, \u015funlar\u0131 s\u00f6yledi:<\/p>\n<p>&#8220;B\u00f6yle bir T\u00fcrkiye asl\u0131nda herkesin \u00e7\u0131kar\u0131na. B\u00f6yle bir T\u00fcrkiye b\u00f6lgede, d\u00fcnyada bar\u0131\u015f demektir. B\u00f6yle bir T\u00fcrkiye sessizlerin sesi demektir. B\u00f6yle bir T\u00fcrkiye ancak Recep Tayyip Erdo\u011fan liderli\u011findeki bir hareketle in\u015fa edilir. Onun i\u00e7in bunun in\u015fa edilmesini istemiyorlar, man\u015fetler att\u0131r\u0131yorlar. Bunlar milletimizi motive ediyor. Milletimiz kedisinin tehdit edilmesine asla m\u00fcsaade etmiyor. Ter\u00f6r \u00f6rg\u00fctleriyle kol kola, onlar\u0131n arzu ettikleri ve talimat verdikleri \u015feyleri hayata ge\u00e7irmek isteyenlere f\u0131rsat vermiyor, &#8216;Benim irademe hi\u00e7 kimse ipotek koyamaz.&#8217; diyor. 14 May\u0131s&#8217;ta da sonu\u00e7lar\u0131n\u0131 sand\u0131kta hep birlikte g\u00f6rece\u011fiz.&#8221;<\/p>\n<p>Oktay, muhalefetin vaatlerinin T\u00fcrkiye&#8217;yi geri g\u00f6t\u00fcrmekle alakal\u0131 oldu\u011funu s\u00f6yledi.<\/p>\n<p>&#8220;Bunlar gericilerin ta kendileri. K\u0131l\u0131\u00e7daro\u011flu ba\u015fta olmak \u00fczere her bir avanesi ba\u015fta olmak \u00fczere gerici bunlar.&#8221; diyen Oktay, \u015funlar\u0131 kaydetti:<\/p>\n<p>&#8220;Savunma sanayisinde ilerliyoruz, &#8216;Herhalde siz biraz fazla gittiniz, geriye g\u00f6t\u00fcrelim.&#8217; &#8216;Enerjide geriye g\u00f6t\u00fcrelim.&#8217; \u0130\u015fte otomotiv. &#8216;Geriye g\u00f6t\u00fcrelim.&#8217; Bir de ileriyi d\u00fc\u015f\u00fcn\u00fcn. Hi\u00e7 mi g\u00fcvenmiyorsunuz bu \u00fclkenin insan\u0131na? Bu \u00fclkenin gen\u00e7li\u011fine ve bu \u00fclkenin insan\u0131na g\u00fcvenmek zorundas\u0131n\u0131z. Bu topraklar her alanda \u00e7ok bereketli topraklar. Hamdolsun bu bereketli topraklara emek verdi\u011finizde de fazlas\u0131yla geri veriyor. Biz bunu son 20 y\u0131lda g\u00f6rd\u00fck. \u0130n\u015fallah \u00fclkemizi \u00f6n\u00fcm\u00fczdeki be\u015f y\u0131lda, milletimizin verece\u011fi yeni bir yetkiyle \u00e7ok daha ileri hep birlikte g\u00f6t\u00fcrece\u011fiz. Onlar hangi projeyi itibars\u0131zla\u015ft\u0131rmaya \u00e7al\u0131\u015f\u0131rlarsa \u00e7al\u0131\u015fs\u0131nlar, neyin \u00f6n\u00fcn\u00fc kesmeye \u00e7al\u0131\u015f\u0131rlarsa \u00e7al\u0131\u015fs\u0131nlar ge\u00e7ti Bor&#8217;un pazar\u0131 diyoruz.&#8221;<\/p>\n<h3>&#8220;Sen kimden neyi al\u0131yorsun?&#8221;<\/h3>\n<p>&#8220;HDP&#8217;li isimler K\u0131l\u0131\u00e7daro\u011flu i\u00e7in kendi mitinglerini d\u00fczenliyorlar ve Say\u0131n K\u0131l\u0131\u00e7daro\u011flu i\u00e7in oy istiyorlar. S\u00f6ylemlere bakt\u0131\u011f\u0131m\u0131zda &#8216;\u0130mral\u0131&#8217;daki tecridin kap\u0131s\u0131n\u0131 k\u0131raca\u011f\u0131z.&#8217; \u00d6zerklik vaadi var. &#8216;Afrin&#8217;i geri alaca\u011f\u0131z&#8217; s\u00f6ylemi de kay\u0131tlara ge\u00e7ti. Cumhurba\u015fkan\u0131 yard\u0131mc\u0131s\u0131 adaylar\u0131ndan biri de Avrupa&#8217;y\u0131 referans g\u00f6stererek, &#8216;PKK&#8217;yla YPG ayn\u0131 \u015fey de\u011fil.&#8217; a\u00e7\u0131klamas\u0131n\u0131 yapt\u0131. Bu a\u00e7\u0131klamalar\u0131 nas\u0131l okuyorsunuz?&#8221; sorusu \u00fczerine Oktay, \u015funlar\u0131 kaydetti:<\/p>\n<p>&#8220;Bug\u00fcn bakt\u0131\u011f\u0131n\u0131zda t\u00fcm posterlerinde &#8216;Sana s\u00f6z.&#8217; yaz\u0131l\u0131. Kime s\u00f6z? Bizim milletimize de\u011fil, bizim vatanda\u015f\u0131m\u0131za de\u011fil, bizim \u00fclkemize verilen bir s\u00f6z de\u011fil o. Bu manda zihniyetle, m\u00fcstemleke bir kafayla o masaya oturtulanlara verilen talimatlar\u0131n yerine getirilece\u011fine dair verilen s\u00f6zd\u00fcr. Onlar onu anl\u0131yor, ikisi de birbirini \u00e7ok iyi anl\u0131yor. Arada ba\u015fka ma\u015falar da var. \u0130\u015fte FET\u00d6&#8217;s\u00fc, PKK&#8217;s\u0131, DHKP\/C&#8217;si&#8230; Dolay\u0131s\u0131yla bunlara kar\u015f\u0131 ve hepsinin ipini elinde tutan bir yap\u0131ya kar\u015f\u0131 verilen s\u00f6zlerdir. Nedir bu s\u00f6z? Ter\u00f6r devletini g\u00fcneyde kurdurabilmesi i\u00e7in ne yapmas\u0131 laz\u0131m? T\u00fcrk askerinin oradan \u00e7\u0131kmas\u0131 laz\u0131m de\u011fil mi? Peki \u00e7\u0131k\u0131nca ne olacak? Nas\u0131l \u00e7\u0131kacak? Biz belirli b\u00f6lgelerde operasyon yaparak gelmedik mi? Afrin&#8217;i geri alacakm\u0131\u015f beyefendi. Afrin&#8217;i geri alaca\u011f\u0131m diyen kim? Bu milletin Meclisine girmek i\u00e7in \u015fu anda aday olan bir vatanda\u015f, HDP&#8217;nin bir \u00fcyesi.<\/p>\n<p>&#8216;Geri alaca\u011f\u0131m.&#8217; dedi\u011fin yerde \u015fu andaki kontrol\u00fc sa\u011flayan T\u00fcrk Silahl\u0131 Kuvvetleridir, T\u00fcrk milletidir. \u015eehitler verilerek orada kontrol sa\u011flanm\u0131\u015ft\u0131r. T\u00fcrkiye&#8217;ye kar\u015f\u0131 kurulan t\u00fcm kumpaslar\u0131n alt\u0131n\u0131 bo\u015faltan bir kontrol alan\u0131d\u0131r oras\u0131. Sen kimden neyi al\u0131yorsun? Ondan sonra da bu milletin Meclisine tekrardan aday olarak ve \u00fcye olarak gelmeye u\u011fra\u015f\u0131yorsun. Bununla kapal\u0131 kap\u0131lar ard\u0131nda konu\u015fan bir cumhurba\u015fkan\u0131 aday\u0131 Kemal K\u0131l\u0131\u00e7daro\u011flu.&#8221;<\/p>\n<p>Oktay, T\u00fcrkiye&#8217;nin 14 May\u0131s&#8217;tan sonra b\u00f6lgesinde g\u00fcven ve istikrar\u0131n sembol\u00fc olmaya devam edece\u011fini vurgulad\u0131.<\/p>\n<p>                            <span class=\"detay-foto-editor\">&#13;<br \/>\n                                <a href=\"https:\/\/www.aa.com.tr\/tr\/p\/abonelik-talep-formu\/1001\" target=\"_blank\" style=\"font-size:12px; color:#444; text-decoration:none;\" rel=\"noopener\">&#13;<br \/>\n                                    Anadolu Ajans\u0131 web sitesinde, AA Haber Ak\u0131\u015f Sistemi (HAS) \u00fczerinden abonelere sunulan haberler, \u00f6zetlenerek yay\u0131mlanmaktad\u0131r. <b style=\"color:#1897F7\">Abonelik i\u00e7in l\u00fctfen ileti\u015fime ge\u00e7iniz.<\/b>&#13;<br \/>\n                                <\/a>&#13;<br \/>\n                            <\/span>\n                        <\/div>\n<p><script>\n\t  window.fbAsyncInit = function() {\n\t\tFB.init({\n\t\t  appId: '1855843514662870',\n\t\t  status : true, \/\/ check login status\n\t\t  cookie : true, \/\/ enable cookies to allow the server to access the session\n\t\t  xfbml  : true  \/\/ parse XFBML\n\t\t});\n\t  };<\/p>\n<p>\t  (function() {\n\t\tvar e = document.createElement('script');\n\t\te.src=\"https:\/\/connect.facebook.net\/tr_TR\/all.js\";\n\t\te.async = true;\n\t\tdocument.getElementById('fb-root').appendChild(e);\n\t  }());\n    <\/script><\/p>\n","protected":false},"excerpt":{"rendered":"<p>Ankara&#8217;dan AK Parti milletvekili aday\u0131 olarak g\u00f6sterilen Oktay, TRT Haber&#8217;de g\u00fcndeme ili\u015fkin de\u011ferlendirmede bulundu, sorular\u0131 yan\u0131tlad\u0131. Se\u00e7im kampanyas\u0131 s\u00fcrecinde yo\u011fun bir \u00e7al\u0131\u015fma y\u00fcr\u00fctt\u00fcklerini, vatanda\u015flar\u0131n kendilerine verdi\u011fi deste\u011fin motivasyonlar\u0131n\u0131 art\u0131rd\u0131\u011f\u0131n\u0131 belirten Oktay, Ankara ve \u0130stanbul mitingleriyle de vatanda\u015f\u0131n net bir mesaj verdi\u011fini vurgulad\u0131. Oktay, &#8220;Birlik, beraberlik, dayan\u0131\u015fma i\u00e7erisinde vatanda\u015flar\u0131m\u0131zla yola devam ediyoruz. Be\u015f g\u00fcn\u00fcm\u00fcz kald\u0131. 14 [&hellip;]<\/p>\n","protected":false},"author":1,"featured_media":4465,"comment_status":"","ping_status":"","sticky":false,"template":"","format":"standard","meta":[],"categories":[1],"tags":[],"_links":{"self":[{"href":"https:\/\/kraios.app\/news\/wp-json\/wp\/v2\/posts\/4464"}],"collection":[{"href":"https:\/\/kraios.app\/news\/wp-json\/wp\/v2\/posts"}],"about":[{"href":"https:\/\/kraios.app\/news\/wp-json\/wp\/v2\/types\/post"}],"author":[{"embeddable":true,"href":"https:\/\/kraios.app\/news\/wp-json\/wp\/v2\/users\/1"}],"replies":[{"embeddable":true,"href":"https:\/\/kraios.app\/news\/wp-json\/wp\/v2\/comments?post=4464"}],"version-history":[{"count":0,"href":"https:\/\/kraios.app\/news\/wp-json\/wp\/v2\/posts\/4464\/revisions"}],"wp:featuredmedia":[{"embeddable":true,"href":"https:\/\/kraios.app\/news\/wp-json\/wp\/v2\/media\/4465"}],"wp:attachment":[{"href":"https:\/\/kraios.app\/news\/wp-json\/wp\/v2\/media?parent=4464"}],"wp:term":[{"taxonomy":"category","embeddable":true,"href":"https:\/\/kraios.app\/news\/wp-json\/wp\/v2\/categories?post=4464"},{"taxonomy":"post_tag","embeddable":true,"href":"https:\/\/kraios.app\/news\/wp-json\/wp\/v2\/tags?post=4464"}],"curies":[{"name":"wp","href":"https:\/\/api.w.org\/{rel}","templated":true}]}}