{"id":4457,"date":"2023-05-09T00:20:05","date_gmt":"2023-05-09T00:20:05","guid":{"rendered":"https:\/\/kraios.app\/news\/saglik\/2023\/05\/09\/arastirmaya-gore-4-belirti-erken-evre-kolon-kanseri-riskinin-yuksek-oldugunu-gosteriyor\/"},"modified":"2023-05-09T00:20:05","modified_gmt":"2023-05-09T00:20:05","slug":"arastirmaya-gore-4-belirti-erken-evre-kolon-kanseri-riskinin-yuksek-oldugunu-gosteriyor","status":"publish","type":"post","link":"https:\/\/kraios.app\/news\/saglik\/2023\/05\/09\/arastirmaya-gore-4-belirti-erken-evre-kolon-kanseri-riskinin-yuksek-oldugunu-gosteriyor\/","title":{"rendered":"Ara\u015ft\u0131rmaya g\u00f6re 4 belirti, erken evre kolon kanseri riskinin y\u00fcksek oldu\u011funu g\u00f6steriyor"},"content":{"rendered":"<p><\/p>\n<div>\n<p>Ara\u015ft\u0131rmada kar\u0131n a\u011fr\u0131s\u0131, rektal kanama, ishal ve demir eksikli\u011fi anemisi, erken evre kolon kanserinin belirtilerinden oldu\u011fu belirlendi.<\/p>\n<p>Washington \u00dcniversitesinde g\u00f6revli bilim insanlar\u0131, kimlik bilgileri gizlenen 5 binden fazla erken evre kolon kanseri hastas\u0131n\u0131n sa\u011fl\u0131k verilerini incelendi.<\/p>\n<p>Ara\u015ft\u0131rmada, 50 ya\u015f\u0131n alt\u0131ndakilere hastal\u0131k te\u015fhisi konulmadan 3 ay ila 2 y\u0131l \u00f6ncesinde g\u00f6r\u00fclen kar\u0131n a\u011fr\u0131s\u0131, rektal kanama, ishal ve demir eksikli\u011fi anemisi gibi belirtilerin her birinin, kolon kanserinin erken evresinde olma riskinin y\u00fcksek oldu\u011funu g\u00f6sterdi\u011fi kaydedildi.<\/p>\n<p>G\u00f6r\u00fclen belirtilerin say\u0131s\u0131 artt\u0131k\u00e7a hastal\u0131\u011fa yakalanma riskinin de artt\u0131\u011f\u0131na dikkatin \u00e7ekildi\u011fi ara\u015ft\u0131rmada, hastal\u0131\u011fa yakalanma riskinin, belirtilerden birinin g\u00f6r\u00fclmesinde iki kat\u0131na, ikisinin g\u00f6r\u00fclmesinde en az 3,5 kat\u0131na, 3 veya daha fazlas\u0131n\u0131n g\u00f6r\u00fclmesinde en az 6,5 kat\u0131na \u00e7\u0131kt\u0131\u011f\u0131 belirtildi.<\/p>\n<p>Ara\u015ft\u0131rmada, kal\u0131n ba\u011f\u0131rsak kanseri olarak da bilinen kolon kanserine yakalanan gen\u00e7lerin say\u0131s\u0131n\u0131n neredeyse iki kat\u0131na \u00e7\u0131kt\u0131\u011f\u0131 ifade edildi.<\/p>\n<p>Ara\u015ft\u0131rmaya kat\u0131lanlardan Washington \u00dcniversitesi T\u0131p Fak\u00fcltesinde g\u00f6revli Do\u00e7. Dr. Yin Cao, rektal kanama ve demir eksikli\u011fi anemisi ya\u015fayanlara zaman\u0131nda endoskopi yap\u0131lmas\u0131 ve sa\u011fl\u0131k durumlar\u0131n\u0131n takip edilmesi gerekti\u011fini ifade etti.<\/p>\n<p>Ara\u015ft\u0131rman\u0131n sonu\u00e7lar\u0131 &#8220;Journal of National Cancer Institute&#8221; dergisinde yay\u0131mland\u0131.<\/p>\n<p>D\u00fcnyada en yayg\u0131n 3. kanser t\u00fcr\u00fc olan kolon kanseri, 2020&#8217;de yakla\u015f\u0131k 2 milyon ki\u015fide tespit edildi. En \u00e7ok can kayb\u0131na neden olan kanser t\u00fcrlerinde ise 2. s\u0131rada yer alan kolon kanseri nedeniyle her y\u0131l 1 milyona yak\u0131n ki\u015fi hayat\u0131n\u0131 kaybediyor.<\/p>\n<p>D\u00fcnya genelinde 50 ya\u015f \u00fcst\u00fcndeki ki\u015filerde kolon kanseri vakalar\u0131, tarama testleri sayesinde her y\u0131l d\u00fc\u015fse de gen\u00e7 ya\u015fta hastal\u0131\u011f\u0131n g\u00f6r\u00fclme s\u0131kl\u0131\u011f\u0131 son y\u0131llarda artt\u0131.<\/p>\n<p>D\u00fcnyada 55 ya\u015f alt\u0131 kolon kanseri hasta say\u0131s\u0131 artarken tarama testleri de 45 ya\u015fa indi.<\/p>\n<p>ABD&#8217;de daha \u00f6nce yap\u0131lan bir \u00e7al\u0131\u015fmada, 1950 do\u011fumlu ki\u015filerde kolon kanseri g\u00f6r\u00fclme oran\u0131 1 kabul edildi\u011finde 1990 do\u011fumlularda kolon kanseri g\u00f6r\u00fclme oran\u0131n\u0131n yakla\u015f\u0131k 2 kat, rektum kanserinin ise 4 kat art\u0131\u015f g\u00f6sterdi\u011fi belirlenmi\u015fti.<\/p>\n<p>                            <span class=\"detay-foto-editor\">&#13;<br \/>\n                                <a href=\"https:\/\/www.aa.com.tr\/tr\/p\/abonelik-talep-formu\/1001\" target=\"_blank\" style=\"font-size:12px; color:#444; text-decoration:none;\" rel=\"noopener\">&#13;<br \/>\n                                    Anadolu Ajans\u0131 web sitesinde, AA Haber Ak\u0131\u015f Sistemi (HAS) \u00fczerinden abonelere sunulan haberler, \u00f6zetlenerek yay\u0131mlanmaktad\u0131r. <b style=\"color:#1897F7\">Abonelik i\u00e7in l\u00fctfen ileti\u015fime ge\u00e7iniz.<\/b>&#13;<br \/>\n                                <\/a>&#13;<br \/>\n                            <\/span>\n                        <\/div>\n<p><script>\n\t  window.fbAsyncInit = function() {\n\t\tFB.init({\n\t\t  appId: '1855843514662870',\n\t\t  status : true, \/\/ check login status\n\t\t  cookie : true, \/\/ enable cookies to allow the server to access the session\n\t\t  xfbml  : true  \/\/ parse XFBML\n\t\t});\n\t  };<\/p>\n<p>\t  (function() {\n\t\tvar e = document.createElement('script');\n\t\te.src=\"https:\/\/connect.facebook.net\/tr_TR\/all.js\";\n\t\te.async = true;\n\t\tdocument.getElementById('fb-root').appendChild(e);\n\t  }());\n    <\/script><\/p>\n","protected":false},"excerpt":{"rendered":"<p>Ara\u015ft\u0131rmada kar\u0131n a\u011fr\u0131s\u0131, rektal kanama, ishal ve demir eksikli\u011fi anemisi, erken evre kolon kanserinin belirtilerinden oldu\u011fu belirlendi. Washington \u00dcniversitesinde g\u00f6revli bilim insanlar\u0131, kimlik bilgileri gizlenen 5 binden fazla erken evre kolon kanseri hastas\u0131n\u0131n sa\u011fl\u0131k verilerini incelendi. Ara\u015ft\u0131rmada, 50 ya\u015f\u0131n alt\u0131ndakilere hastal\u0131k te\u015fhisi konulmadan 3 ay ila 2 y\u0131l \u00f6ncesinde g\u00f6r\u00fclen kar\u0131n a\u011fr\u0131s\u0131, rektal kanama, ishal [&hellip;]<\/p>\n","protected":false},"author":1,"featured_media":4458,"comment_status":"","ping_status":"","sticky":false,"template":"","format":"standard","meta":[],"categories":[46],"tags":[],"_links":{"self":[{"href":"https:\/\/kraios.app\/news\/wp-json\/wp\/v2\/posts\/4457"}],"collection":[{"href":"https:\/\/kraios.app\/news\/wp-json\/wp\/v2\/posts"}],"about":[{"href":"https:\/\/kraios.app\/news\/wp-json\/wp\/v2\/types\/post"}],"author":[{"embeddable":true,"href":"https:\/\/kraios.app\/news\/wp-json\/wp\/v2\/users\/1"}],"replies":[{"embeddable":true,"href":"https:\/\/kraios.app\/news\/wp-json\/wp\/v2\/comments?post=4457"}],"version-history":[{"count":0,"href":"https:\/\/kraios.app\/news\/wp-json\/wp\/v2\/posts\/4457\/revisions"}],"wp:featuredmedia":[{"embeddable":true,"href":"https:\/\/kraios.app\/news\/wp-json\/wp\/v2\/media\/4458"}],"wp:attachment":[{"href":"https:\/\/kraios.app\/news\/wp-json\/wp\/v2\/media?parent=4457"}],"wp:term":[{"taxonomy":"category","embeddable":true,"href":"https:\/\/kraios.app\/news\/wp-json\/wp\/v2\/categories?post=4457"},{"taxonomy":"post_tag","embeddable":true,"href":"https:\/\/kraios.app\/news\/wp-json\/wp\/v2\/tags?post=4457"}],"curies":[{"name":"wp","href":"https:\/\/api.w.org\/{rel}","templated":true}]}}