{"id":4443,"date":"2023-05-08T16:20:20","date_gmt":"2023-05-08T16:20:20","guid":{"rendered":"https:\/\/kraios.app\/news\/gundem\/2023\/05\/08\/cumhurbaskani-erdoganin-oy-orani-yuzde-52-53\/"},"modified":"2023-05-08T16:20:20","modified_gmt":"2023-05-08T16:20:20","slug":"cumhurbaskani-erdoganin-oy-orani-yuzde-52-53","status":"publish","type":"post","link":"https:\/\/kraios.app\/news\/gundem\/2023\/05\/08\/cumhurbaskani-erdoganin-oy-orani-yuzde-52-53\/","title":{"rendered":"&#8216;Cumhurba\u015fkan\u0131 Erdo\u011fan\u2019\u0131n oy oran\u0131 y\u00fczde 52-53&#8217;"},"content":{"rendered":"<p><\/p>\n<div>\n<p>Bakan \u00c7avu\u015fo\u011flu, CNN T\u00fcrk&#8217;te g\u00fcndemi de\u011ferlendirdi, sorular\u0131 yan\u0131tlad\u0131.<\/p>\n<p>Cumhurba\u015fkan\u0131 Erdo\u011fan\u2019\u0131n 14 May\u0131s\u2019ta yap\u0131lacak Cumhurba\u015fkanl\u0131\u011f\u0131 se\u00e7imlerini ilk turda kazanaca\u011f\u0131n\u0131 tahmin eden \u00c7avu\u015fo\u011flu, oy oran\u0131n\u0131n da y\u00fczde 52-53 olaca\u011f\u0131n\u0131 dile getirdi.<\/p>\n<p>\u00c7avu\u015fo\u011flu, yurt d\u0131\u015f\u0131nda ya\u015fayan T\u00fcrklerin oy kulland\u0131\u011f\u0131 baz\u0131 \u00fclkelerdeki se\u00e7im noktalar\u0131na y\u00f6nelik provokasyonlar\u0131n ter\u00f6r \u00f6rg\u00fct\u00fc PKK destek\u00e7ileri taraf\u0131ndan yap\u0131ld\u0131\u011f\u0131n\u0131, bunun \u00fczerine g\u00fcvenlik \u00f6nlemlerini art\u0131rd\u0131klar\u0131n\u0131, s\u00f6z konusu \u00fclkelerin bu provokasyonlara kar\u015f\u0131 tedbir almalar\u0131 i\u00e7in uyar\u0131lar yapt\u0131klar\u0131n\u0131 belirtti.<\/p>\n<p>Moskova\u2019da 10 May\u0131s\u2019ta T\u00fcrkiye, Rusya, \u0130ran ile Suriye\u2019deki Esed rejimi aras\u0131nda D\u0131\u015fi\u015fleri Bakanlar\u0131 seviyesinde yap\u0131lacak d\u00f6rtl\u00fc zirveye de\u011finen \u00c7avu\u015fo\u011flu, bu g\u00f6r\u00fc\u015fmenin Suriye odakl\u0131 olaca\u011f\u0131n\u0131 ve T\u00fcrkiye\u2019deki Suriyeli m\u00fcltecilerin g\u00fcvenli \u015fekilde \u00fclkelerine d\u00f6nmesi, bunun i\u00e7in gerekli zeminin haz\u0131rlanmas\u0131 gibi konular\u0131n ele al\u0131naca\u011f\u0131n\u0131 dile getirdi.<\/p>\n<p>Bakan \u00c7avu\u015fo\u011flu, T\u00fcrkiye\u2019deki Suriyeli m\u00fcltecilerin g\u00fcvenli bir \u015fekilde d\u00f6nd\u00fcr\u00fclmesi gerekti\u011fini, bunun i\u00e7in \u00e7al\u0131\u015ft\u0131klar\u0131n\u0131 ifade etti.<\/p>\n<p>Suriye\u2019nin kuzeyinde T\u00fcrkiye\u2019nin ter\u00f6rden temizledi\u011fi b\u00f6lgelere 550 bin Suriyeli m\u00fcltecinin d\u00f6nd\u00fc\u011f\u00fcn\u00fc hat\u0131rlatan \u00c7avu\u015fo\u011flu, geri kalan m\u00fcltecilerin geri g\u00f6nderilmesi i\u00e7in Esed rejiminin yan\u0131 s\u0131ra Birle\u015fmi\u015f Milletler ve Avrupa Birli\u011fi ile i\u015fbirli\u011fi yap\u0131lmas\u0131 gerekti\u011fini kaydetti.<\/p>\n<p>\u00c7avu\u015fo\u011flu, imkanlar sa\u011fland\u0131k\u00e7a bir plan \u00e7er\u00e7evesinde Suriyeli m\u00fcltecileri insani \u015fekilde peyderpey d\u00f6nd\u00fcr\u00fclmesi gerekti\u011fini belirtti.<\/p>\n<p>Esed rejiminin daha \u00f6nce Suriyelilerin geri d\u00f6nmesi i\u00e7in af \u00e7\u0131kard\u0131\u011f\u0131n\u0131 an\u0131msatan ancak bu d\u00f6n\u00fc\u015f s\u00fcrecinin BM ile birlikte ve \u015feffaf \u015fekilde yap\u0131lmas\u0131 gerekti\u011fini dile getiren \u00c7avu\u015fo\u011flu, \u201cRejim genel anlamda Suriyelilerin d\u00f6nmesini istiyor ama Suriyelilerin \u015fu anda d\u00f6nmesi i\u00e7in can g\u00fcvenli\u011fi art\u0131 ihtiya\u00e7lar\u0131n\u0131n kar\u015f\u0131lan\u0131p kar\u015f\u0131lanmayaca\u011f\u0131&#8230; \u015eu anda y\u00f6netim \u00e7ok fazla kar\u015f\u0131layam\u0131yor. \u201c de\u011ferlendirmesinde bulundu.<\/p>\n<h3>&#8220;T\u00fcrk milletini tan\u0131salar bu t\u00fcr ba\u015fl\u0131klar\u0131n, bu y\u00f6nlendirmelerin ters tepece\u011fini bilirler&#8221;<\/h3>\n<p>Toplumun her kesiminden d\u0131\u015f politikaya ilginin oldu\u011funu belirten \u00c7avu\u015fo\u011flu, se\u00e7imden sonra yeniden bakanl\u0131k yap\u0131p yapmayaca\u011f\u0131na ili\u015fkin soruya \u015fu yan\u0131t\u0131 verdi:<\/p>\n<p>&#8220;Ben hayat\u0131mda hi\u00e7 \u00f6yle hesap yapmad\u0131m. Bir kere hesap yapt\u0131m o da Avrupa Konseyi Parlamenter Meclisi&#8217;ne ba\u015fkanl\u0131k adayl\u0131\u011f\u0131m\u0131 koyarken. Bakt\u0131m ki orada hi\u00e7bir zaman ba\u015fkanl\u0131k elde etmemi\u015fiz. Ayr\u0131ca orada ba\u015fkan olanlar\u0131n, bizden, hi\u00e7bir T\u00fcrk&#8217;ten bir fazlal\u0131\u011f\u0131 yok. O zaman Cumhurba\u015fkan\u0131m\u0131z Ba\u015fbakand\u0131 (Recep Tayyip Erdo\u011fan). Geldim anlatt\u0131m, &#8216;Tamam ol&#8217; deyince gittim aday oldum.&#8221;<\/p>\n<p>\u00c7avu\u015fo\u011flu, 14 May\u0131s se\u00e7imleriyle ilgili yabanc\u0131 bas\u0131nda yer alan haberleri &#8220;aptalca&#8221; ve &#8220;ak\u0131ls\u0131zca&#8221; olarak nitelendirerek, &#8220;T\u00fcrk milletini tan\u0131salar bu t\u00fcr ba\u015fl\u0131klar\u0131n, bu y\u00f6nlendirmelerin ters tepece\u011fini bilirler. O y\u00fczden ak\u0131ll\u0131ca de\u011fil diyorum. Milletimiz her zaman \u00f6zg\u00fcrl\u00fckten, ba\u011f\u0131ms\u0131zl\u0131ktan yana olmu\u015ftur. Atat\u00fcrk ne demi\u015f ba\u011f\u0131ms\u0131zl\u0131k bizim kaderimiz.&#8221; ifadelerini kulland\u0131.<\/p>\n<p>Siyasetin &#8220;yurt d\u0131\u015f\u0131ndan dizayn edilmesine&#8221; muhalefetin de alet oldu\u011funu s\u00f6yleyen \u00c7avu\u015fo\u011flu, d\u0131\u015far\u0131dan medet umulmamas\u0131 gerekti\u011fini s\u00f6yledi.<\/p>\n<p>\u00c7avu\u015fo\u011flu, &#8220;Rusya&#8217;ya kar\u015f\u0131 yapt\u0131r\u0131ma ba\u015flayaca\u011f\u0131z diyor muhalefet. Avrupa aferin desin vs. Biz zaten NATO&#8217;nun g\u00fc\u00e7l\u00fc bir \u00fcyesiyiz, bizim b\u00f6yle bir politika izlememize gerek yok, orada kendimizi kabul ettirmek i\u00e7in.&#8221; ifadesini kullanarak \u015funlar\u0131 kaydetti:<\/p>\n<p>&#8220;Bunun bize ne faydas\u0131 var? Antalya&#8217;ya turist i\u00e7in bir faydas\u0131 var m\u0131? \u0130hracat\u0131m\u0131za bir faydas\u0131 var m\u0131? Do\u011fal gaz\u0131m\u0131z\u0131n y\u00fczde 45&#8217;ine yak\u0131n\u0131n\u0131 Rusya&#8217;dan al\u0131yoruz, bize bir faydas\u0131 olacak m\u0131? Bu t\u00fcr, ba\u015fkalar\u0131n\u0131n y\u00f6nlendirdi\u011fi kurgulad\u0131\u011f\u0131 siyasetin de T\u00fcrkiye&#8217;den uzak olmas\u0131 laz\u0131m. D\u0131\u015far\u0131dan, Bat\u0131&#8217;dan T\u00fcrkiye&#8217;nin siyasetini dizayn etmeye \u00e7al\u0131\u015fanlar\u0131n amac\u0131n\u0131, alet olanlar\u0131n da amac\u0131n\u0131 biliyoruz.&#8221;<\/p>\n<p>Yabanc\u0131 bas\u0131n\u0131n T\u00fcrkiye&#8217;deki se\u00e7imlerle ilgili haz\u0131rlad\u0131\u011f\u0131 man\u015fetler ve kapaklar hakk\u0131nda konu\u015fan \u00c7avu\u015fo\u011flu, &#8220;\u00c7\u00fcnk\u00fc Cumhurba\u015fkan\u0131m\u0131zdan rahats\u0131zlar. T\u00fcrkiye daha ba\u011f\u0131ms\u0131z, daha \u00f6zg\u00fcr. Savunma sanayinde t\u00fcm S\u0130HA&#8217;lar\u0131m\u0131z, KAAN, TCG Anadolu gemilerimiz, Atak 2&#8217;ler hepsi, tabi K\u0131z\u0131lelma tabii dosta g\u00fcven verirken, d\u00fc\u015fmana da biliyorsunuz korku sal\u0131yor.&#8221; dedi.<\/p>\n<p>\u00c7avu\u015fo\u011flu, Cumhurba\u015fkan\u0131 Erdo\u011fan&#8217;\u0131n tah\u0131l anla\u015fmas\u0131ndaki liderli\u011finin baz\u0131 \u00e7\u0131kar \u00e7evrelerinin planlar\u0131na \u00e7omak soktu\u011funu belirterek, T\u00fcrkiye&#8217;nin \u00e7\u0131karlar\u0131n\u0131 koruma konusunda sahada ve masada at\u0131lan ad\u0131mlardan da rahats\u0131z olundu\u011funu kaydetti.<\/p>\n<p>T\u00fcrkiye&#8217;de Cumhurba\u015fkan\u0131&#8217;n\u0131n zorla, darbe ya da post modern darbelerle de\u011fil, vatanda\u015flar\u0131n oylar\u0131yla se\u00e7ildi\u011fine dikkati \u00e7eken \u00c7avu\u015fo\u011flu, &#8220;Diktat\u00f6r demeleri, ayn\u0131 \u015fekilde muhalefeti y\u00f6nlendirmeleri do\u011fru de\u011fil, bunu Macaristan&#8217;da da denediler.&#8221; ifadesini kulland\u0131.<\/p>\n<h3>Yunanistan&#8217;da se\u00e7im<\/h3>\n<p>\u00c7avu\u015fo\u011flu, Yunanistan&#8217;da da yak\u0131n zamanda se\u00e7ime gidilece\u011fini hat\u0131rlatarak, T\u00fcrkiye&#8217;deki se\u00e7imlerde Yunanistan&#8217;\u0131n i\u00e7 politika malzemesi olarak kullan\u0131lmad\u0131\u011f\u0131n\u0131 vurgulad\u0131.<\/p>\n<p>Bu se\u00e7imlerin ilk defa Yunanistan&#8217;da i\u00e7 politika malzemesi olarak kullan\u0131lmad\u0131\u011f\u0131na i\u015faret eden \u00c7avu\u015fo\u011flu, &#8220;Bu da g\u00fczel bir \u015fey, bir\u00e7ok Avrupa \u00fclkesinde siyaset\u00e7iler \u015fu andaki bas\u0131na g\u00f6re \u00e7ok daha dikkatli davran\u0131yorlar. Ge\u00e7mi\u015fte bu t\u00fcr s\u00f6ylemler oluyordu ters tepti. Yunanistan&#8217;da da tabi se\u00e7im atmosferinde iktidar partisinin, muhalefetin T\u00fcrkiye&#8217;yi do\u011frudan hedef almamas\u0131 asl\u0131nda, yani olgun bir \u015fekilde ge\u00e7mesi olumlu.&#8221; ifadelerini kulland\u0131.<\/p>\n<p>\u00c7avu\u015fo\u011flu, Yunanistan&#8217;da bir televizyon programc\u0131s\u0131n\u0131n her g\u00fcn T\u00fcrkiye&#8217;nin \u00fcretti\u011fi S\u0130HA ve K\u0131z\u0131lelmalar\u0131 hakk\u0131nda konu\u015ftu\u011funu kaydederek, onun d\u0131\u015f\u0131nda man\u015fetlik bir konu\u015fma ya da s\u00f6yleme denk gelmedi\u011fini aktard\u0131.<\/p>\n<p>Bu durumun ola\u011fan olmad\u0131\u011f\u0131n\u0131, daha \u00f6nceki se\u00e7imlere g\u00f6re normal olmad\u0131\u011f\u0131n\u0131, bu sefer daha sakin ge\u00e7ti\u011fini aktaran \u00c7avu\u015fo\u011flu, &#8220;Pozitif atmosferi devam ettirmek istiyor olabilir ama bu y\u0131llard\u0131r devam eden sorunlar\u0131 \u00e7\u00f6zmedi\u011fimiz s\u00fcrece bu pozitif atmosferin kal\u0131c\u0131 olmas\u0131 m\u00fcmk\u00fcn de\u011fil.&#8221; ifadelerini kulland\u0131.<\/p>\n<p>                            <span class=\"detay-foto-editor\">&#13;<br \/>\n                                <a href=\"https:\/\/www.aa.com.tr\/tr\/p\/abonelik-talep-formu\/1001\" target=\"_blank\" style=\"font-size:12px; color:#444; text-decoration:none;\" rel=\"noopener\">&#13;<br \/>\n                                    Anadolu Ajans\u0131 web sitesinde, AA Haber Ak\u0131\u015f Sistemi (HAS) \u00fczerinden abonelere sunulan haberler, \u00f6zetlenerek yay\u0131mlanmaktad\u0131r. <b style=\"color:#1897F7\">Abonelik i\u00e7in l\u00fctfen ileti\u015fime ge\u00e7iniz.<\/b>&#13;<br \/>\n                                <\/a>&#13;<br \/>\n                            <\/span>\n                        <\/div>\n<p><script>\n\t  window.fbAsyncInit = function() {\n\t\tFB.init({\n\t\t  appId: '1855843514662870',\n\t\t  status : true, \/\/ check login status\n\t\t  cookie : true, \/\/ enable cookies to allow the server to access the session\n\t\t  xfbml  : true  \/\/ parse XFBML\n\t\t});\n\t  };<\/p>\n<p>\t  (function() {\n\t\tvar e = document.createElement('script');\n\t\te.src=\"https:\/\/connect.facebook.net\/tr_TR\/all.js\";\n\t\te.async = true;\n\t\tdocument.getElementById('fb-root').appendChild(e);\n\t  }());\n    <\/script><\/p>\n","protected":false},"excerpt":{"rendered":"<p>Bakan \u00c7avu\u015fo\u011flu, CNN T\u00fcrk&#8217;te g\u00fcndemi de\u011ferlendirdi, sorular\u0131 yan\u0131tlad\u0131. Cumhurba\u015fkan\u0131 Erdo\u011fan\u2019\u0131n 14 May\u0131s\u2019ta yap\u0131lacak Cumhurba\u015fkanl\u0131\u011f\u0131 se\u00e7imlerini ilk turda kazanaca\u011f\u0131n\u0131 tahmin eden \u00c7avu\u015fo\u011flu, oy oran\u0131n\u0131n da y\u00fczde 52-53 olaca\u011f\u0131n\u0131 dile getirdi. \u00c7avu\u015fo\u011flu, yurt d\u0131\u015f\u0131nda ya\u015fayan T\u00fcrklerin oy kulland\u0131\u011f\u0131 baz\u0131 \u00fclkelerdeki se\u00e7im noktalar\u0131na y\u00f6nelik provokasyonlar\u0131n ter\u00f6r \u00f6rg\u00fct\u00fc PKK destek\u00e7ileri taraf\u0131ndan yap\u0131ld\u0131\u011f\u0131n\u0131, bunun \u00fczerine g\u00fcvenlik \u00f6nlemlerini art\u0131rd\u0131klar\u0131n\u0131, s\u00f6z konusu [&hellip;]<\/p>\n","protected":false},"author":1,"featured_media":4444,"comment_status":"","ping_status":"","sticky":false,"template":"","format":"standard","meta":[],"categories":[1],"tags":[],"_links":{"self":[{"href":"https:\/\/kraios.app\/news\/wp-json\/wp\/v2\/posts\/4443"}],"collection":[{"href":"https:\/\/kraios.app\/news\/wp-json\/wp\/v2\/posts"}],"about":[{"href":"https:\/\/kraios.app\/news\/wp-json\/wp\/v2\/types\/post"}],"author":[{"embeddable":true,"href":"https:\/\/kraios.app\/news\/wp-json\/wp\/v2\/users\/1"}],"replies":[{"embeddable":true,"href":"https:\/\/kraios.app\/news\/wp-json\/wp\/v2\/comments?post=4443"}],"version-history":[{"count":0,"href":"https:\/\/kraios.app\/news\/wp-json\/wp\/v2\/posts\/4443\/revisions"}],"wp:featuredmedia":[{"embeddable":true,"href":"https:\/\/kraios.app\/news\/wp-json\/wp\/v2\/media\/4444"}],"wp:attachment":[{"href":"https:\/\/kraios.app\/news\/wp-json\/wp\/v2\/media?parent=4443"}],"wp:term":[{"taxonomy":"category","embeddable":true,"href":"https:\/\/kraios.app\/news\/wp-json\/wp\/v2\/categories?post=4443"},{"taxonomy":"post_tag","embeddable":true,"href":"https:\/\/kraios.app\/news\/wp-json\/wp\/v2\/tags?post=4443"}],"curies":[{"name":"wp","href":"https:\/\/api.w.org\/{rel}","templated":true}]}}