{"id":4401,"date":"2023-05-08T09:39:28","date_gmt":"2023-05-08T09:39:28","guid":{"rendered":"https:\/\/kraios.app\/news\/gundem\/2023\/05\/08\/hedef-kizilelma-belgeseli-10-mayista-izleyiciyle-bulusacak\/"},"modified":"2023-05-08T09:39:28","modified_gmt":"2023-05-08T09:39:28","slug":"hedef-kizilelma-belgeseli-10-mayista-izleyiciyle-bulusacak","status":"publish","type":"post","link":"https:\/\/kraios.app\/news\/gundem\/2023\/05\/08\/hedef-kizilelma-belgeseli-10-mayista-izleyiciyle-bulusacak\/","title":{"rendered":"&#8220;Hedef KIZILELMA&#8221; belgeseli 10 May\u0131s&#8217;ta izleyiciyle bulu\u015facak"},"content":{"rendered":"<p><\/p>\n<div>\n<p>Baykar a\u00e7\u0131klamas\u0131na g\u00f6re, belgeselle t\u00fcm d\u00fcnyan\u0131n ilgiyle takip etti\u011fi T\u00fcrkiye&#8217;nin y\u00fcksek teknoloji \u00fcr\u00fcn\u00fc Bayraktar insans\u0131z hava ara\u00e7lar\u0131n\u0131n hikayesi de izleyiciyle bulu\u015fuyor.<\/p>\n<p>T\u00fcrkiye&#8217;nin savunma ve havac\u0131l\u0131k sanayisinde yeni bir d\u00f6nemin kap\u0131lar\u0131n\u0131 a\u00e7an ve t\u00fcm d\u00fcnyada b\u00fcy\u00fck ses getiren Bayraktar KIZILELMA M\u0130US&#8217;u (Muharip \u0130nsans\u0131z U\u00e7ak Sistemi) geli\u015ftirme ser\u00fcveni belgeselle ekranlara ta\u015f\u0131n\u0131yor.<\/p>\n<p>Baykar taraf\u0131ndan tamamen \u00f6z kaynaklarla milli ve \u00f6zg\u00fcn olarak geli\u015ftirilen Bayraktar KIZILELMA&#8217;n\u0131n geli\u015ftirilme hikayesi ile Baykar&#8217;\u0131n yakla\u015f\u0131k 20 y\u0131ld\u0131r devam eden y\u00fcksek teknolojiye sahip milli ve \u00f6zg\u00fcn insans\u0131z hava arac\u0131 geli\u015ftirme yolculu\u011fu belgeselde yer al\u0131yor.<\/p>\n<p>Y\u00f6netmenli\u011fini &#8220;AKINCI&#8221; belgeselini \u00e7eken Altu\u011f G\u00fcltan ve Burak Aksoy&#8217;un yapt\u0131\u011f\u0131 belgesel i\u00e7in, \u0130stanbul&#8217;da bulunan \u00d6zdemir Bayraktar Milli Teknoloji Merkezi ve Bayraktar KIZILELMA test faaliyetlerinin y\u00fcr\u00fct\u00fcld\u00fc\u011f\u00fc Tekirda\u011f&#8217;\u0131n \u00c7orlu il\u00e7esinde bulunan AKINCI U\u00e7u\u015f E\u011fitim ve Test Merkezi&#8217;nde aylarca s\u00fcren \u00e7ekimler yap\u0131ld\u0131. \u015eubat 2022&#8217;de ba\u015flayan belgesel projesi yakla\u015f\u0131k 9 ayda tamamland\u0131.<\/p>\n<h3>\u0130ki b\u00f6l\u00fcm olacak<\/h3>\n<p>\u0130ki b\u00f6l\u00fcm olarak yay\u0131nlanacak &#8220;Hedef KIZILELMA&#8221;, Bayraktar KIZILELMA&#8217;n\u0131n 14 Aral\u0131k 2022&#8217;deki ilk u\u00e7u\u015fu\u015funa kadar ge\u00e7en s\u00fcrede ya\u015fananlar\u0131 ve T\u00fcrkiye&#8217;nin ilk milli insans\u0131z hava ara\u00e7lar\u0131n\u0131 geli\u015ftiren firmas\u0131 Baykar ile Bayraktar ailesinin d\u00fcnden bug\u00fcne ya\u015fad\u0131\u011f\u0131 zorlu s\u00fcreci konu al\u0131yor.<\/p>\n<p>Belgeselin ilk b\u00f6l\u00fcm\u00fc 10 May\u0131s \u00c7ar\u015famba g\u00fcn\u00fc, saat 21.00&#8217;da Baykar&#8217;\u0131n YouTube kanal\u0131nda yay\u0131nlanacak. Devam eden post prod\u00fcksiyon \u00e7al\u0131\u015fmalar\u0131n\u0131n tamamlanmas\u0131n\u0131n ard\u0131ndan k\u0131sa bir s\u00fcre sonra belgeselin 2. b\u00f6l\u00fcm\u00fc de yine Baykar&#8217;a ait YouTube kanal\u0131nda g\u00f6sterime girecek.<\/p>\n<p>Baykar Y\u00f6netim Kurulu Ba\u015fkan\u0131 ve Teknoloji Lideri Sel\u00e7uk Bayraktar ile Baykar Genel M\u00fcd\u00fcr\u00fc Haluk Bayraktar, kendileriyle ger\u00e7ekle\u015ftirilen r\u00f6portajlarda KIZILELMA ve Baykar&#8217;\u0131 \u00e7ocukluklar\u0131ndan ba\u015flayarak bug\u00fcne kadar perde arkas\u0131nda kalan ger\u00e7eklerle anlat\u0131yor.<\/p>\n<p>Belgeselde Baykar&#8217;\u0131n y\u00fcksek teknoloji geli\u015ftirme ser\u00fcvenine tan\u0131kl\u0131k eden emekli askerler, m\u00fchendisler ve gazeteciler, s\u00fcreci kendi pencerelerinden aktar\u0131yor.<\/p>\n<p>Aralar\u0131nda eski Genelkurmay 2. Ba\u015fkan\u0131 emekli Oramiral Ergin Saygun ve emekli Tu\u011fgeneral \u00d6mer Faruk K\u00fc\u00e7\u00fck&#8217;\u00fcn de bulundu\u011fu emekli askerler, Bayraktar ailesi ile yollar\u0131n\u0131n nas\u0131l kesi\u015fti\u011fini ve Baykar&#8217;\u0131n ge\u00e7ti\u011fi zorlu yolu kendi \u015fahitlikleri ile payla\u015f\u0131yor.<\/p>\n<p>Milli Teknoloji Hamlesi idealinin \u00f6nc\u00fc ismi merhum \u00d6zdemir Bayraktar&#8217;\u0131n karde\u015fi \u00d6mer Bayraktar, \u00e7e\u015fitli engelleme giri\u015fimlerine ra\u011fmen azimle, pes etmeden y\u00fcr\u00fct\u00fclen m\u00fccadele sayesinde ba\u015far\u0131ya ula\u015fan ser\u00fcveni, Bayraktar KIZILELMA belgeselinde ilk a\u011f\u0131zdan izleyicilere anlat\u0131yor.<\/p>\n<p>&#8211; Havac\u0131l\u0131k tarihinde ilklere imza att\u0131<\/p>\n<p>\u015eimdiye kadar iki prototipi ba\u015far\u0131yla \u00fcretilen Bayraktar KIZILELMA insans\u0131z sava\u015f u\u00e7a\u011f\u0131, 27 Nisan-1 May\u0131s tarihleri aras\u0131nda d\u00fczenlenen TEKNOFEST 2023&#8217;te, taarruzi insans\u0131z hava arac\u0131 Bayraktar AKINCI, insanl\u0131 sava\u015f u\u00e7aklar\u0131 SoloT\u00fcrk ve T\u00fcrk Y\u0131ld\u0131zlar\u0131 ile defalarca filo konseptinde kol u\u00e7u\u015flar\u0131 ger\u00e7ekle\u015ftirerek havac\u0131l\u0131k tarihinde ilklere imza att\u0131.<\/p>\n<p>Havac\u0131l\u0131kta yeni bir \u00e7a\u011f\u0131n kap\u0131lar\u0131n\u0131 a\u00e7an Bayraktar KIZILELMA&#8217;n\u0131n geli\u015ftirilme ve \u00fcretim faaliyetleri devam ediyor. Milli insans\u0131z sava\u015f u\u00e7a\u011f\u0131n\u0131n 2024&#8217;te seri \u00fcretimine ge\u00e7ilmesi planlan\u0131yor.<\/p>\n<p>Bayraktar KIZILELMA ve Bayraktar TB3 S\u0130HA, d\u00fcnyan\u0131n ilk S\u0130HA gemisi olacak TCG Anadolu&#8217;nun 10 Nisan&#8217;da ger\u00e7ekle\u015ftirilen envantere kabul t\u00f6reninde u\u00e7u\u015f g\u00fcvertesinde yerini ald\u0131.<\/p>\n<p>T\u00f6rende \u00fcretilen ikinci prototipi sergilenen Bayraktar KIZILELMA insans\u0131z sava\u015f u\u00e7a\u011f\u0131n\u0131n 2025&#8217;te TCG Anadolu gemisinden u\u00e7u\u015f testlerine ba\u015flamas\u0131 hedefleniyor. \u0130stanbul ve \u0130zmir&#8217;de ziyarete a\u00e7\u0131lan TCG Anadolu Gemisi, Bayraktar KIZILELMA ve Bayraktar TB3 S\u0130HA&#8217;y\u0131 \u015fimdiye kadar y\u00fcz binlerce vatanda\u015f ziyaret etti.<\/p>\n<p>Baykar&#8217;\u0131n y\u00fczde 100 \u00f6z sermayesi ile yola \u00e7\u0131kt\u0131\u011f\u0131 Bayraktar KIZILELMA projesi 2021&#8217;de ba\u015flad\u0131. 14 Kas\u0131m 2022&#8217;de \u00fcretim hatt\u0131ndan \u00e7\u0131kan TC-\u00d6ZB kuyruk numaral\u0131 Bayraktar KIZILELMA, \u00c7orlu&#8217;da bulunan AKINCI U\u00e7u\u015f E\u011fitim ve Test Merkezi&#8217;ne intikal etti.<\/p>\n<p>Burada yer testlerini s\u00fcratli bir \u015fekilde ba\u015far\u0131yla tamamlad\u0131ktan sonra 14 Aral\u0131k 2022&#8217;de ilk u\u00e7u\u015funu ger\u00e7ekle\u015ftirdi. Bayraktar KIZILELMA, 1 y\u0131l gibi rekor bir s\u00fcrede g\u00f6ky\u00fcz\u00fc ile bulu\u015ftu.<\/p>\n<h3>Ak\u0131ll\u0131 filo otonomisiyle g\u00f6rev<\/h3>\n<p>Bayraktar KIZILELMA, hava-yer g\u00f6revleriyle beraber yapay zeka kabiliyetiyle hava-hava muharebesi icra edecek. Bayraktar KIZILELMA, d\u00fc\u015f\u00fck radar kesiti sayesinde sahip olaca\u011f\u0131 d\u00fc\u015f\u00fck g\u00f6r\u00fcn\u00fcrl\u00fck ile T\u00fcrkiye i\u00e7in g\u00fc\u00e7 \u00e7arpan\u0131 olacak.<\/p>\n<p>K\u0131sa pistli gemilerden kalk\u0131\u015f ve ini\u015f kabiliyeti ile muharebe sahas\u0131nda devrim ger\u00e7ekle\u015ftirecek bir platform olacak Bayraktar KIZILELMA, bu yetene\u011fi sayesinde deniza\u015f\u0131r\u0131 g\u00f6revlerde \u00f6nemli rol \u00fcstlenerek Mavi Vatan&#8217;\u0131n korunmas\u0131nda stratejik g\u00f6revler yapacak.<\/p>\n<p>8,5 ton kalk\u0131\u015f a\u011f\u0131rl\u0131\u011f\u0131, 1500 kilogram faydal\u0131 y\u00fck ta\u015f\u0131ma kapasitesine sahip olan Bayraktar KIZILELMA, milli AESA radar ile y\u00fcksek durumsal fark\u0131ndal\u0131\u011fa da sahip olacak. Milli olarak geli\u015ftirilen t\u00fcm m\u00fchimmatlar\u0131 kullanacak olan Bayraktar KIZILELMA, ak\u0131ll\u0131 filo otonomisi ile g\u00f6rev yapabilecek.<\/p>\n<p>\u0130nsans\u0131z hava ara\u00e7lar\u0131ndan farkl\u0131 olarak agresif manevralarla insanl\u0131 sava\u015f u\u00e7aklar\u0131 gibi hava-hava muharebesi ger\u00e7ekle\u015ftirebilecek olan Bayraktar KIZILELMA, yerli hava-hava m\u00fchimmatlar\u0131 ile hava hedeflerine kar\u015f\u0131 da etkinlik sa\u011flayacak. Bu kabiliyetleriyle harp sahas\u0131nda dengeleri de\u011fi\u015ftirecek Bayraktar KIZILELMA, T\u00fcrkiye&#8217;nin cayd\u0131r\u0131c\u0131l\u0131\u011f\u0131nda \u00e7arpan etkisi yapacak.<\/p>\n<p>                            <span class=\"detay-foto-editor\">&#13;<br \/>\n                                <a href=\"https:\/\/www.aa.com.tr\/tr\/p\/abonelik-talep-formu\/1001\" target=\"_blank\" style=\"font-size:12px; color:#444; text-decoration:none;\" rel=\"noopener\">&#13;<br \/>\n                                    Anadolu Ajans\u0131 web sitesinde, AA Haber Ak\u0131\u015f Sistemi (HAS) \u00fczerinden abonelere sunulan haberler, \u00f6zetlenerek yay\u0131mlanmaktad\u0131r. <b style=\"color:#1897F7\">Abonelik i\u00e7in l\u00fctfen ileti\u015fime ge\u00e7iniz.<\/b>&#13;<br \/>\n                                <\/a>&#13;<br \/>\n                            <\/span>\n                        <\/div>\n<p><script>\n\t  window.fbAsyncInit = function() {\n\t\tFB.init({\n\t\t  appId: '1855843514662870',\n\t\t  status : true, \/\/ check login status\n\t\t  cookie : true, \/\/ enable cookies to allow the server to access the session\n\t\t  xfbml  : true  \/\/ parse XFBML\n\t\t});\n\t  };<\/p>\n<p>\t  (function() {\n\t\tvar e = document.createElement('script');\n\t\te.src=\"https:\/\/connect.facebook.net\/tr_TR\/all.js\";\n\t\te.async = true;\n\t\tdocument.getElementById('fb-root').appendChild(e);\n\t  }());\n    <\/script><\/p>\n","protected":false},"excerpt":{"rendered":"<p>Baykar a\u00e7\u0131klamas\u0131na g\u00f6re, belgeselle t\u00fcm d\u00fcnyan\u0131n ilgiyle takip etti\u011fi T\u00fcrkiye&#8217;nin y\u00fcksek teknoloji \u00fcr\u00fcn\u00fc Bayraktar insans\u0131z hava ara\u00e7lar\u0131n\u0131n hikayesi de izleyiciyle bulu\u015fuyor. T\u00fcrkiye&#8217;nin savunma ve havac\u0131l\u0131k sanayisinde yeni bir d\u00f6nemin kap\u0131lar\u0131n\u0131 a\u00e7an ve t\u00fcm d\u00fcnyada b\u00fcy\u00fck ses getiren Bayraktar KIZILELMA M\u0130US&#8217;u (Muharip \u0130nsans\u0131z U\u00e7ak Sistemi) geli\u015ftirme ser\u00fcveni belgeselle ekranlara ta\u015f\u0131n\u0131yor. Baykar taraf\u0131ndan tamamen \u00f6z kaynaklarla milli [&hellip;]<\/p>\n","protected":false},"author":1,"featured_media":4402,"comment_status":"","ping_status":"","sticky":false,"template":"","format":"standard","meta":[],"categories":[1],"tags":[],"_links":{"self":[{"href":"https:\/\/kraios.app\/news\/wp-json\/wp\/v2\/posts\/4401"}],"collection":[{"href":"https:\/\/kraios.app\/news\/wp-json\/wp\/v2\/posts"}],"about":[{"href":"https:\/\/kraios.app\/news\/wp-json\/wp\/v2\/types\/post"}],"author":[{"embeddable":true,"href":"https:\/\/kraios.app\/news\/wp-json\/wp\/v2\/users\/1"}],"replies":[{"embeddable":true,"href":"https:\/\/kraios.app\/news\/wp-json\/wp\/v2\/comments?post=4401"}],"version-history":[{"count":0,"href":"https:\/\/kraios.app\/news\/wp-json\/wp\/v2\/posts\/4401\/revisions"}],"wp:featuredmedia":[{"embeddable":true,"href":"https:\/\/kraios.app\/news\/wp-json\/wp\/v2\/media\/4402"}],"wp:attachment":[{"href":"https:\/\/kraios.app\/news\/wp-json\/wp\/v2\/media?parent=4401"}],"wp:term":[{"taxonomy":"category","embeddable":true,"href":"https:\/\/kraios.app\/news\/wp-json\/wp\/v2\/categories?post=4401"},{"taxonomy":"post_tag","embeddable":true,"href":"https:\/\/kraios.app\/news\/wp-json\/wp\/v2\/tags?post=4401"}],"curies":[{"name":"wp","href":"https:\/\/api.w.org\/{rel}","templated":true}]}}