{"id":4394,"date":"2023-05-08T09:35:06","date_gmt":"2023-05-08T09:35:06","guid":{"rendered":"https:\/\/kraios.app\/news\/saglik\/2023\/05\/08\/turkiyede-evlilik-oncesi-taramalar-akdeniz-anemisiyle-mucadeleyi-kolaylastirdi\/"},"modified":"2023-05-08T09:35:06","modified_gmt":"2023-05-08T09:35:06","slug":"turkiyede-evlilik-oncesi-taramalar-akdeniz-anemisiyle-mucadeleyi-kolaylastirdi","status":"publish","type":"post","link":"https:\/\/kraios.app\/news\/saglik\/2023\/05\/08\/turkiyede-evlilik-oncesi-taramalar-akdeniz-anemisiyle-mucadeleyi-kolaylastirdi\/","title":{"rendered":"T\u00fcrkiye&#8217;de evlilik \u00f6ncesi taramalar Akdeniz anemisiyle m\u00fccadeleyi kolayla\u015ft\u0131rd\u0131"},"content":{"rendered":"<p><\/p>\n<div>\n<p>Fettah, 8 May\u0131s D\u00fcnya Talasemi G\u00fcn\u00fc dolay\u0131s\u0131yla AA muhabirine, d\u00fcnya genelinde s\u0131k g\u00f6r\u00fclen genetik ge\u00e7i\u015fli Akdeniz anemisinin, hem anne hem de baba ta\u015f\u0131y\u0131c\u0131 oldu\u011funda do\u011fan bebeklerde g\u00f6r\u00fcld\u00fc\u011f\u00fcn\u00fc belirtti.<\/p>\n<p>Hastal\u0131\u011f\u0131n farkl\u0131 formlar\u0131yla da kar\u015f\u0131la\u015f\u0131labildi\u011fini ifade eden Fettah, &#8220;Hastal\u0131\u011f\u0131n anne ta\u015f\u0131y\u0131c\u0131-baba sa\u011flam veya baba ta\u015f\u0131y\u0131c\u0131-anne sa\u011flam formlar\u0131n\u0131 da g\u00f6rebiliyoruz. B\u00f6yle durumlarda bebeklerimizde talasemi ta\u015f\u0131y\u0131c\u0131l\u0131\u011f\u0131 oluyor. Ta\u015f\u0131y\u0131c\u0131l\u0131k bir hastal\u0131k de\u011fil, tedavi gerektirmez.&#8221; dedi.<\/p>\n<p>Do\u00e7. Dr. Fettah, Akdeniz havzas\u0131nda yer alan T\u00fcrkiye&#8217;de \u00f6zellikle g\u00fcney kesimlerde hastal\u0131\u011f\u0131n s\u0131k g\u00f6r\u00fcld\u00fc\u011f\u00fcne dikkati \u00e7ekerek, \u015funlar\u0131 kaydetti:<\/p>\n<p>&#8220;Talasemi ta\u015f\u0131y\u0131c\u0131lar\u0131n\u0131n, evlilik \u00f6ncesi yap\u0131lan kan testiyle \u00f6nceden tespit edilmesini sa\u011flayan Hemoglobinopati Tarama Program\u0131, \u00fclkemiz i\u00e7in bir milatt\u0131r. \u00c7\u00fcnk\u00fc talasemi 2002 \u00f6ncesi y\u0131lda 400 canl\u0131 do\u011fumda g\u00f6r\u00fcl\u00fcrken, taramalar\u0131n ba\u015flad\u0131\u011f\u0131 2002&#8217;den sonra h\u0131zl\u0131 bir azalma ya\u015fand\u0131. Yenido\u011fanlarda talasemi g\u00f6r\u00fclme s\u0131kl\u0131\u011f\u0131 10 binde 10&#8217;lar\u0131n alt\u0131na kadar d\u00fc\u015ft\u00fc. \u015eu an d\u00fcnyada y\u0131lda 40 bin kadar talasemi hastas\u0131 bebek d\u00fcnyaya geliyor. Bu \u00fclkemizde ise 10 binde 1 ile 10 aras\u0131nda canl\u0131 do\u011fuma tekab\u00fcl ediyor.&#8221;<\/p>\n<h3>&#8220;Evlilik \u00f6ncesi tarama program\u0131na y\u00fczde 90&#8217;\u0131n \u00fczerinde uyum var&#8221;<\/h3>\n<p>Taramalar\u0131n, talaseminin \u00f6nlenebilmesi a\u00e7\u0131s\u0131ndan b\u00fcy\u00fck \u00f6nem ta\u015f\u0131d\u0131\u011f\u0131na i\u015faret eden Do\u00e7. Dr. Fettah, hastal\u0131k g\u00f6r\u00fclme s\u0131kl\u0131\u011f\u0131n\u0131 art\u0131rabilecek m\u00fclteci ve s\u0131\u011f\u0131nmac\u0131larda da bunun kontrol\u00fcn\u00fcn \u00e7ok iyi sa\u011flanmas\u0131 gerekti\u011fini vurgulad\u0131.<\/p>\n<p>Fettah, &#8220;Tarama programlar\u0131 sayesinde y\u00fcz g\u00fcld\u00fcr\u00fcc\u00fc sonu\u00e7lar elde ediyoruz. \u015eu an \u00fclkemizde evlilik \u00f6ncesi tarama program\u0131na y\u00fczde 90&#8217;\u0131n \u00fczerinde uyum g\u00f6zleniyor. Bu hastal\u0131kla m\u00fccadeledeki ba\u015far\u0131m\u0131z\u0131 art\u0131ran bir durum.&#8221; diye konu\u015ftu.<\/p>\n<p>Do\u00e7. Dr. Fettah, ta\u015f\u0131y\u0131c\u0131l\u0131k saptanan \u00e7iftlere genetik dan\u0131\u015fmanl\u0131k verildi\u011fini ve isteyenlerin Preimplantasyon Genetik Tan\u0131 (PGT) y\u00f6ntemiyle sa\u011fl\u0131kl\u0131 bir bebek sahibi olabildi\u011fini kaydetti.<\/p>\n<h3>Baz\u0131 b\u00f6lgelerde ta\u015f\u0131y\u0131c\u0131l\u0131k oranlar\u0131 y\u00fczde 13&#8217;e kadar \u00e7\u0131k\u0131yor<\/h3>\n<p>T\u00fcrkiye&#8217;de n\u00fcfusun y\u00fczde 2,1&#8217;inde talasemi hastal\u0131\u011f\u0131 ta\u015f\u0131y\u0131c\u0131l\u0131\u011f\u0131 bulundu\u011funu belirten Fettah, &#8220;Fakat Antalya, \u0130zmir, \u015eanl\u0131urfa, Hatay gibi b\u00f6lgelerimizde talasemi ta\u015f\u0131y\u0131c\u0131l\u0131k oranlar\u0131 y\u00fczde 5 hatta y\u00fczde 13&#8217;lere kadar \u00e7\u0131k\u0131yor. Bu b\u00f6lgelerde \u00f6zellikle evlilik \u00f6ncesi taramalara daha fazla dikkat etmemiz ve \u00e7iftleri bu y\u00f6nde y\u00f6nlendirmemiz gerekiyor.&#8221; de\u011ferlendirmesinde bulundu.<\/p>\n<p>Talaseminin, &#8220;alfa&#8221; ve &#8220;beta&#8221; olmak \u00fczere ikiye ayr\u0131ld\u0131\u011f\u0131n\u0131, T\u00fcrkiye&#8217;de beta talaseminin daha yo\u011fun g\u00f6r\u00fcld\u00fc\u011f\u00fcn\u00fc anlatan Fettah, beta talaseminin en a\u011f\u0131r formu &#8220;talasemi maj\u00f6r&#8221; hastalar\u0131n\u0131n 3-4 haftada bir kan nakline ihtiya\u00e7 duydu\u011funu bildirdi.<\/p>\n<p>Do\u00e7. Dr. Ali Fettah, &#8220;S\u00fcrekli kan nakli yap\u0131lan hastalar\u0131m\u0131z\u0131n v\u00fccutlar\u0131nda demir birikimi oluyor. Bu v\u00fccutta toksik bir etki olu\u015fturuyor. Bu nedenle hastalarda demir birikiminin \u00f6nlenmesi i\u00e7in &#8216;\u015felasyon&#8217; tedavisi uygulanmas\u0131 da gerekiyor. Talasemi hastalar\u0131nda \u00fcst\u00fcne d\u00fc\u015fmemiz ve hastalar\u0131n da buna uyum g\u00f6stermesi gereken ana etken bu.&#8221; dedi.<\/p>\n<h3>&#8220;Kemik ili\u011fi nakliyle kesin tedavi m\u00fcmk\u00fcn&#8221;<\/h3>\n<p>Talasemi hastas\u0131 \u00e7ocuklarda kans\u0131zl\u0131ktan kaynakl\u0131 halsizlik, i\u015ftahs\u0131zl\u0131k, sinirlilik g\u00f6zlemlenebildi\u011fini aktaran Fettah, \u015funlar\u0131 kaydetti:<\/p>\n<p>&#8220;Talasemi hastalar\u0131n\u0131n, kan transf\u00fczyonu program\u0131na al\u0131n\u0131p, etkin demir ba\u011flama tedavileri uyguland\u0131\u011f\u0131nda d\u00fczenli bir hayat ya\u015fama imkanlar\u0131 oluyor. Elbette \u015funu g\u00f6z ard\u0131 etmemek gerekiyor, hastalar\u0131m\u0131z\u0131n her ay d\u00fczenli hastaneye gelmesi gerekiyor ve bu da onlarda bir y\u00fck olu\u015fturuyor. Kemik ili\u011fi nakliyle hastalar\u0131m\u0131zda kesin tedavi yapabiliyoruz. \u00d6zellikle se\u00e7ilmi\u015f vakalarda, k\u00fc\u00e7\u00fck \u00e7ocuklarda aile i\u00e7i veya akraba d\u0131\u015f\u0131 don\u00f6r oldu\u011funda k\u00f6k h\u00fccre nakli yaparak kesin tedavi uygulayabiliyoruz.&#8221;<\/p>\n<h3>Talasemi hastalar\u0131 i\u00e7in d\u00fczenli kan ba\u011f\u0131\u015f\u0131 \u00e7a\u011fr\u0131s\u0131<\/h3>\n<p>Do\u00e7. Dr. Ali Fettah, halsizlik, solukluk, kar\u0131n \u015fi\u015fli\u011fi, i\u015ftahs\u0131zl\u0131k gibi belirtileri olan bebekler i\u00e7in de mutlaka \u00f6nce bir \u00e7ocuk doktoruna, gerekti\u011finde de \u00e7ocuk hematolo\u011funa ba\u015fvurulmas\u0131 gerekti\u011fini s\u00f6yledi.<\/p>\n<p>Talasemi hastalar\u0131n\u0131n s\u00fcrekli kan nakli ihtiyac\u0131na da dikkati \u00e7eken Fettah, &#8220;Kan ba\u011f\u0131\u015f oranlar\u0131 d\u00fc\u015ft\u00fc\u011f\u00fcnde hastalar\u0131m\u0131z kan tedarikinde baz\u0131 s\u0131k\u0131nt\u0131larla kar\u015f\u0131la\u015fabiliyor. Bu nedenle herkesi d\u00fczenli kan ba\u011f\u0131\u015f\u0131nda bulunmaya davet ediyorum. \u00c7\u00fcnk\u00fc hastalar\u0131m\u0131z 3-4 haftada bir kan ba\u011f\u0131\u015f\u0131 almadan ya\u015fayam\u0131yor.&#8221; diye konu\u015ftu.<\/p>\n<p>                            <span class=\"detay-foto-editor\">&#13;<br \/>\n                                <a href=\"https:\/\/www.aa.com.tr\/tr\/p\/abonelik-talep-formu\/1001\" target=\"_blank\" style=\"font-size:12px; color:#444; text-decoration:none;\" rel=\"noopener\">&#13;<br \/>\n                                    Anadolu Ajans\u0131 web sitesinde, AA Haber Ak\u0131\u015f Sistemi (HAS) \u00fczerinden abonelere sunulan haberler, \u00f6zetlenerek yay\u0131mlanmaktad\u0131r. <b style=\"color:#1897F7\">Abonelik i\u00e7in l\u00fctfen ileti\u015fime ge\u00e7iniz.<\/b>&#13;<br \/>\n                                <\/a>&#13;<br \/>\n                            <\/span>\n                        <\/div>\n<p><script>\n\t  window.fbAsyncInit = function() {\n\t\tFB.init({\n\t\t  appId: '1855843514662870',\n\t\t  status : true, \/\/ check login status\n\t\t  cookie : true, \/\/ enable cookies to allow the server to access the session\n\t\t  xfbml  : true  \/\/ parse XFBML\n\t\t});\n\t  };<\/p>\n<p>\t  (function() {\n\t\tvar e = document.createElement('script');\n\t\te.src=\"https:\/\/connect.facebook.net\/tr_TR\/all.js\";\n\t\te.async = true;\n\t\tdocument.getElementById('fb-root').appendChild(e);\n\t  }());\n    <\/script><\/p>\n","protected":false},"excerpt":{"rendered":"<p>Fettah, 8 May\u0131s D\u00fcnya Talasemi G\u00fcn\u00fc dolay\u0131s\u0131yla AA muhabirine, d\u00fcnya genelinde s\u0131k g\u00f6r\u00fclen genetik ge\u00e7i\u015fli Akdeniz anemisinin, hem anne hem de baba ta\u015f\u0131y\u0131c\u0131 oldu\u011funda do\u011fan bebeklerde g\u00f6r\u00fcld\u00fc\u011f\u00fcn\u00fc belirtti. Hastal\u0131\u011f\u0131n farkl\u0131 formlar\u0131yla da kar\u015f\u0131la\u015f\u0131labildi\u011fini ifade eden Fettah, &#8220;Hastal\u0131\u011f\u0131n anne ta\u015f\u0131y\u0131c\u0131-baba sa\u011flam veya baba ta\u015f\u0131y\u0131c\u0131-anne sa\u011flam formlar\u0131n\u0131 da g\u00f6rebiliyoruz. B\u00f6yle durumlarda bebeklerimizde talasemi ta\u015f\u0131y\u0131c\u0131l\u0131\u011f\u0131 oluyor. Ta\u015f\u0131y\u0131c\u0131l\u0131k bir [&hellip;]<\/p>\n","protected":false},"author":1,"featured_media":4395,"comment_status":"","ping_status":"","sticky":false,"template":"","format":"standard","meta":[],"categories":[46],"tags":[],"_links":{"self":[{"href":"https:\/\/kraios.app\/news\/wp-json\/wp\/v2\/posts\/4394"}],"collection":[{"href":"https:\/\/kraios.app\/news\/wp-json\/wp\/v2\/posts"}],"about":[{"href":"https:\/\/kraios.app\/news\/wp-json\/wp\/v2\/types\/post"}],"author":[{"embeddable":true,"href":"https:\/\/kraios.app\/news\/wp-json\/wp\/v2\/users\/1"}],"replies":[{"embeddable":true,"href":"https:\/\/kraios.app\/news\/wp-json\/wp\/v2\/comments?post=4394"}],"version-history":[{"count":0,"href":"https:\/\/kraios.app\/news\/wp-json\/wp\/v2\/posts\/4394\/revisions"}],"wp:featuredmedia":[{"embeddable":true,"href":"https:\/\/kraios.app\/news\/wp-json\/wp\/v2\/media\/4395"}],"wp:attachment":[{"href":"https:\/\/kraios.app\/news\/wp-json\/wp\/v2\/media?parent=4394"}],"wp:term":[{"taxonomy":"category","embeddable":true,"href":"https:\/\/kraios.app\/news\/wp-json\/wp\/v2\/categories?post=4394"},{"taxonomy":"post_tag","embeddable":true,"href":"https:\/\/kraios.app\/news\/wp-json\/wp\/v2\/tags?post=4394"}],"curies":[{"name":"wp","href":"https:\/\/api.w.org\/{rel}","templated":true}]}}