{"id":4390,"date":"2023-05-08T09:32:50","date_gmt":"2023-05-08T09:32:50","guid":{"rendered":"https:\/\/kraios.app\/news\/gundem\/2023\/05\/08\/kanadada-orman-yanginlari-nedeniyle-tahliye-edilenlerin-sayisi-29-bine-cikti\/"},"modified":"2023-05-08T09:32:50","modified_gmt":"2023-05-08T09:32:50","slug":"kanadada-orman-yanginlari-nedeniyle-tahliye-edilenlerin-sayisi-29-bine-cikti","status":"publish","type":"post","link":"https:\/\/kraios.app\/news\/gundem\/2023\/05\/08\/kanadada-orman-yanginlari-nedeniyle-tahliye-edilenlerin-sayisi-29-bine-cikti\/","title":{"rendered":"Kanada&#039;da orman yang\u0131nlar\u0131 nedeniyle tahliye edilenlerin say\u0131s\u0131 29 bine \u00e7\u0131kt\u0131"},"content":{"rendered":"<p>Kanada&#8217;n\u0131n bat\u0131s\u0131nda yer alan Alberta eyaletindeki orman yang\u0131nlar\u0131 108 noktaya yay\u0131l\u0131rken, evlerinden tahliye edilenlerin say\u0131s\u0131 29 bine y\u00fckseldi.<\/p>\n","protected":false},"excerpt":{"rendered":"<p>Kanada&#8217;n\u0131n bat\u0131s\u0131nda yer alan Alberta eyaletindeki orman yang\u0131nlar\u0131 108 noktaya yay\u0131l\u0131rken, evlerinden tahliye edilenlerin say\u0131s\u0131 29 bine y\u00fckseldi.<\/p>\n","protected":false},"author":1,"featured_media":4391,"comment_status":"","ping_status":"","sticky":false,"template":"","format":"standard","meta":[],"categories":[1],"tags":[],"_links":{"self":[{"href":"https:\/\/kraios.app\/news\/wp-json\/wp\/v2\/posts\/4390"}],"collection":[{"href":"https:\/\/kraios.app\/news\/wp-json\/wp\/v2\/posts"}],"about":[{"href":"https:\/\/kraios.app\/news\/wp-json\/wp\/v2\/types\/post"}],"author":[{"embeddable":true,"href":"https:\/\/kraios.app\/news\/wp-json\/wp\/v2\/users\/1"}],"replies":[{"embeddable":true,"href":"https:\/\/kraios.app\/news\/wp-json\/wp\/v2\/comments?post=4390"}],"version-history":[{"count":0,"href":"https:\/\/kraios.app\/news\/wp-json\/wp\/v2\/posts\/4390\/revisions"}],"wp:featuredmedia":[{"embeddable":true,"href":"https:\/\/kraios.app\/news\/wp-json\/wp\/v2\/media\/4391"}],"wp:attachment":[{"href":"https:\/\/kraios.app\/news\/wp-json\/wp\/v2\/media?parent=4390"}],"wp:term":[{"taxonomy":"category","embeddable":true,"href":"https:\/\/kraios.app\/news\/wp-json\/wp\/v2\/categories?post=4390"},{"taxonomy":"post_tag","embeddable":true,"href":"https:\/\/kraios.app\/news\/wp-json\/wp\/v2\/tags?post=4390"}],"curies":[{"name":"wp","href":"https:\/\/api.w.org\/{rel}","templated":true}]}}