{"id":4342,"date":"2023-05-08T00:20:06","date_gmt":"2023-05-08T00:20:06","guid":{"rendered":"https:\/\/kraios.app\/news\/gundem\/2023\/05\/08\/amsterdamda-teror-orgutu-pkk-sempatizanlari-sandik-musahitlerine-saldirdi\/"},"modified":"2023-05-08T00:20:06","modified_gmt":"2023-05-08T00:20:06","slug":"amsterdamda-teror-orgutu-pkk-sempatizanlari-sandik-musahitlerine-saldirdi","status":"publish","type":"post","link":"https:\/\/kraios.app\/news\/gundem\/2023\/05\/08\/amsterdamda-teror-orgutu-pkk-sempatizanlari-sandik-musahitlerine-saldirdi\/","title":{"rendered":"Amsterdam&#039;da ter\u00f6r \u00f6rg\u00fct\u00fc PKK sempatizanlar\u0131 sand\u0131k m\u00fc\u015fahitlerine sald\u0131rd\u0131"},"content":{"rendered":"<p>Amsterdam&#8217;da Cumhurba\u015fkan\u0131 ve 28. D\u00f6nem Milletvekili Genel Se\u00e7imleri i\u00e7in oy kullanma i\u015flemi tamamland\u0131\u011f\u0131 s\u0131rada, ter\u00f6r \u00f6rg\u00fct\u00fc PKK yanl\u0131lar\u0131n\u0131n ve T\u00fcrk vatanda\u015fl\u0131\u011f\u0131 bulunmayan ki\u015filerin yer ald\u0131\u011f\u0131 bir grup, sand\u0131k m\u00fc\u015fahitlerine sald\u0131rd\u0131.<\/p>\n","protected":false},"excerpt":{"rendered":"<p>Amsterdam&#8217;da Cumhurba\u015fkan\u0131 ve 28. D\u00f6nem Milletvekili Genel Se\u00e7imleri i\u00e7in oy kullanma i\u015flemi tamamland\u0131\u011f\u0131 s\u0131rada, ter\u00f6r \u00f6rg\u00fct\u00fc PKK yanl\u0131lar\u0131n\u0131n ve T\u00fcrk vatanda\u015fl\u0131\u011f\u0131 bulunmayan ki\u015filerin yer ald\u0131\u011f\u0131 bir grup, sand\u0131k m\u00fc\u015fahitlerine sald\u0131rd\u0131.<\/p>\n","protected":false},"author":1,"featured_media":4343,"comment_status":"","ping_status":"","sticky":false,"template":"","format":"standard","meta":[],"categories":[1],"tags":[],"_links":{"self":[{"href":"https:\/\/kraios.app\/news\/wp-json\/wp\/v2\/posts\/4342"}],"collection":[{"href":"https:\/\/kraios.app\/news\/wp-json\/wp\/v2\/posts"}],"about":[{"href":"https:\/\/kraios.app\/news\/wp-json\/wp\/v2\/types\/post"}],"author":[{"embeddable":true,"href":"https:\/\/kraios.app\/news\/wp-json\/wp\/v2\/users\/1"}],"replies":[{"embeddable":true,"href":"https:\/\/kraios.app\/news\/wp-json\/wp\/v2\/comments?post=4342"}],"version-history":[{"count":0,"href":"https:\/\/kraios.app\/news\/wp-json\/wp\/v2\/posts\/4342\/revisions"}],"wp:featuredmedia":[{"embeddable":true,"href":"https:\/\/kraios.app\/news\/wp-json\/wp\/v2\/media\/4343"}],"wp:attachment":[{"href":"https:\/\/kraios.app\/news\/wp-json\/wp\/v2\/media?parent=4342"}],"wp:term":[{"taxonomy":"category","embeddable":true,"href":"https:\/\/kraios.app\/news\/wp-json\/wp\/v2\/categories?post=4342"},{"taxonomy":"post_tag","embeddable":true,"href":"https:\/\/kraios.app\/news\/wp-json\/wp\/v2\/tags?post=4342"}],"curies":[{"name":"wp","href":"https:\/\/api.w.org\/{rel}","templated":true}]}}